{"id":3585,"date":"2015-10-16T08:45:37","date_gmt":"2015-10-16T08:45:37","guid":{"rendered":"http:\/\/www.asukkaidenvantaa.fi\/?p=3585"},"modified":"2015-10-16T08:45:37","modified_gmt":"2015-10-16T08:45:37","slug":"hallitus-nostaa-asumisen-hintaa","status":"publish","type":"post","link":"https:\/\/www.asukkaidenvantaa.fi\/?p=3585","title":{"rendered":"Hallitus nostaa asumisen hintaa"},"content":{"rendered":"<h3><strong>Uusimmassa Asukasliiton lehdess\u00e4 (Asuminen&amp;Yhteiskunta) julkaistu kolumni<\/strong>:<\/h3>\n<h1><span style=\"font-family: Times New Roman, serif;\"><span style=\"font-size: medium;\"><b>Veronimij\u00e4 kuppaa asukasta<\/b><\/span><\/span><\/h1>\n<p><span style=\"font-family: Times New Roman, serif;\"><span style=\"font-size: medium;\"><b>Veronimij\u00e4t piinaavat asukasta<\/b> jatkossa entist\u00e4 ankarammin, oli tuo kurja sitten omistus- tai vuokra-asuja. Asuminen Suomessa tulee olemaan ainakin nyt n\u00e4ht\u00e4viss\u00e4 olevassa tulevaisuudessa edelleen eritt\u00e4in kallista ja viem\u00e4\u00e4n suhteellisesti entist\u00e4 suuremman osan kansalaisella kuukausittain k\u00e4ytett\u00e4viss\u00e4 olevasta rahasummasta. T\u00e4h\u00e4n synkk\u00e4\u00e4n tulevaisuuden n\u00e4kym\u00e4\u00e4n viittaavat hallituksen jo lukkoon ly\u00f6m\u00e4t \u2013 siis hallitusohjelmaan kirjatut \u2013 niin sanotun kilpailukykyloikan edellytt\u00e4m\u00e4t toimenpiteet. Toisaalla t\u00e4ss\u00e4 lehdess\u00e4 on esitelty Pellervon taloustutkimuksen tekem\u00e4\u00e4 selvityst\u00e4 hallituksen asuntopoliittisista linjauksista. Linjassa n\u00e4ytt\u00e4isi olevan hallituksen muun iteroinnin kanssa my\u00f6s asuntopolitiikka. Vatulointivaihe on ohi, ja on toimeenpanon aika. <\/span><\/span><\/p>\n<p><span style=\"font-family: Times New Roman, serif;\"><span style=\"font-size: medium;\"><b>Kiinteist\u00f6vero vaikuttaisi olevan<\/b> verottajalle varsin tuottoisa lypsylehm\u00e4. Energiaan, asumisen yhteydess\u00e4 s\u00e4hk\u00f6\u00f6n ja l\u00e4mp\u00f6\u00f6n, liittyv\u00e4t jatkuvat verojen \u201dkorotuspaineet\u201d selitet\u00e4\u00e4n ilmastonmuutoksella, tai jollakin muulla yliluonnollisen vastaansanomattomalla syyll\u00e4. S\u00e4hk\u00f6n ja kaukol\u00e4mm\u00f6n verojen korotus menee normikuluttajan mieless\u00e4 aina energiayhti\u00f6iden ahneuden piikkiin, vaikka viime aikoina se on ollut nimenomaan verottaja, joka on sit\u00e4 korotuspainetta aiheuttanut. Eli kun vuokrien, vastikkeiden ja muiden asumiseen liittyvien maksujen korotuksia tulee tulevina vuosina, niin asukkaan ei pid\u00e4 erehty\u00e4 luulemaan, ett\u00e4 itse asuminen olisi jonkun luonnonlain pakottamana tullut arvokkaammaksi nautintaoikeudeksi. <\/span><\/span><\/p>\n<p><span style=\"font-family: Times New Roman, serif;\"><span style=\"font-size: medium;\">Ne ovat n\u00e4m\u00e4 veronimij\u00e4t jotka kuppaavat t\u00e4ss\u00e4 tapauksessa asukasta. <\/span><\/span><\/p>\n<p><span style=\"font-family: Times New Roman, serif;\"><span style=\"font-size: medium;\"><b>Valtiontalouden tulopuolesta<\/b> aina vaan suurempi osuus on pakko kerrytt\u00e4\u00e4 veroilla ja erilaisilla veroluonteisilla maksuilla. T\u00e4ss\u00e4 uusliberalistisessa j\u00e4rjestelm\u00e4ss\u00e4h\u00e4n ei julkisella sektorilla so. kunnat ja valtio, voi eik\u00e4 saa olla mink\u00e4\u00e4n muunlaista merkitt\u00e4v\u00e4mp\u00e4\u00e4 varainhankintaa. <\/span><\/span><\/p>\n<p><span style=\"font-family: Times New Roman, serif;\"><span style=\"font-size: medium;\">Kaikki asumiseen tai energian k\u00e4ytt\u00f6\u00f6n liittyv\u00e4t niin sanotut kulutus-, haitta-, ym. verot, kuten my\u00f6s arvonlis\u00e4vero ovat tasaveroja. Tasavero rasittaa suhteellisesti enemm\u00e4n pienituloista. N\u00e4it\u00e4 kohdistettaessa ei oteta huomioon maksajan maksukyky\u00e4 tai varallisuutta. Siis kun progressio-komponentti eli tulojen mukaan m\u00e4\u00e4r\u00e4ytyv\u00e4 veroprosentti, on h\u00e4ivytetty meid\u00e4n veroj\u00e4rjestelm\u00e4st\u00e4 l\u00e4hes olemattomiin, kantavat kaikkein v\u00e4h\u00e4tuloisimmat <i>suhteellisesti<\/i> suurimman vastuun yhteiskunnan tulonmuodostuksesta.<\/span><\/span><\/p>\n<p><span style=\"font-family: Times New Roman, serif;\"><span style=\"font-size: medium;\"><b>T\u00e4ss\u00e4 nykysysteemiss\u00e4 l\u00e4hes<\/b> kaikki suuriin tuloihin ja varallisuuksiin kajoaminen on kilpailukykyloikan nimiss\u00e4 ehdottomasti kielletty. Mit\u00e4tt\u00f6m\u00e4n suuruinen solidaarisuusvero ja yht\u00e4 mit\u00e4t\u00f6n p\u00e4\u00e4omatulojen progressio ovat pelkki\u00e4 symboleja kansalaisten tyynnyttelemiseksi. Vallalla olevan ajattelun mukaan kaikkien meid\u00e4n t\u00e4ytyy osallistua vientikapitalistien maailmanvalloitustalkoisiin. <\/span><\/span><\/p>\n<p><span style=\"font-family: Times New Roman, serif;\"><span style=\"font-size: medium;\"><strong>Edustuksellisessa demokratiassa<\/strong> valta on sen \u00e4\u00e4nestyskopissa vietetyn hetken ajan kansalla. \u00c4\u00e4ntenlaskennasta alkaa valituksi tulleen enemmist\u00f6n diktatuuri. <\/span><\/span><span style=\"font-family: Times New Roman, serif;\"><span style=\"font-size: medium;\">Demokratia on t\u00e4llaista. Sit\u00e4 saa, mit\u00e4 tilaa.<\/span><\/span><\/p>\n<p><span style=\"font-family: Times New Roman, serif;\"><span style=\"font-size: medium;\"><b>Unto Nikula<\/b><\/span><\/span><\/p>\n<p><span style=\"font-family: Times New Roman, serif;\"><span style=\"font-size: medium;\">Asukasliiton hallituksen j\u00e4sen<\/span><\/span><\/p>\n<p><span style=\"font-family: Times New Roman, serif;\"><span style=\"font-size: medium;\">Vantaa, Asola<\/span><\/span><\/p>\n","protected":false},"excerpt":{"rendered":"<p>Uusimmassa Asukasliiton lehdess\u00e4 (Asuminen&amp;Yhteiskunta) julkaistu kolumni: Veronimij\u00e4 kuppaa asukasta Veronimij\u00e4t piinaavat asukasta jatkossa entist\u00e4 ankarammin, oli tuo kurja sitten omistus- tai vuokra-asuja. Asuminen Suomessa tulee olemaan ainakin nyt n\u00e4ht\u00e4viss\u00e4 olevassa tulevaisuudessa edelleen eritt\u00e4in kallista ja viem\u00e4\u00e4n suhteellisesti entist\u00e4 suuremman osan kansalaisella kuukausittain k\u00e4ytett\u00e4viss\u00e4 olevasta rahasummasta. T\u00e4h\u00e4n synkk\u00e4\u00e4n tulevaisuuden n\u00e4kym\u00e4\u00e4n viittaavat hallituksen jo lukkoon ly\u00f6m\u00e4t \u2013&hellip;<\/p>\n<p class=\"more-link-p\"><a class=\"more-link\" href=\"https:\/\/www.asukkaidenvantaa.fi\/?p=3585\">Lue lis\u00e4\u00e4 \u2192<\/a><\/p>\n","protected":false},"author":5006,"featured_media":0,"comment_status":"open","ping_status":"open","sticky":false,"template":"","format":"standard","meta":{"footnotes":""},"categories":[1],"tags":[],"class_list":["post-3585","post","type-post","status-publish","format-standard","hentry","category-uncategorized"],"_links":{"self":[{"href":"https:\/\/www.asukkaidenvantaa.fi\/index.php?rest_route=\/wp\/v2\/posts\/3585","targetHints":{"allow":["GET"]}}],"collection":[{"href":"https:\/\/www.asukkaidenvantaa.fi\/index.php?rest_route=\/wp\/v2\/posts"}],"about":[{"href":"https:\/\/www.asukkaidenvantaa.fi\/index.php?rest_route=\/wp\/v2\/types\/post"}],"author":[{"embeddable":true,"href":"https:\/\/www.asukkaidenvantaa.fi\/index.php?rest_route=\/wp\/v2\/users\/5006"}],"replies":[{"embeddable":true,"href":"https:\/\/www.asukkaidenvantaa.fi\/index.php?rest_route=%2Fwp%2Fv2%2Fcomments&post=3585"}],"version-history":[{"count":3,"href":"https:\/\/www.asukkaidenvantaa.fi\/index.php?rest_route=\/wp\/v2\/posts\/3585\/revisions"}],"predecessor-version":[{"id":3588,"href":"https:\/\/www.asukkaidenvantaa.fi\/index.php?rest_route=\/wp\/v2\/posts\/3585\/revisions\/3588"}],"wp:attachment":[{"href":"https:\/\/www.asukkaidenvantaa.fi\/index.php?rest_route=%2Fwp%2Fv2%2Fmedia&parent=3585"}],"wp:term":[{"taxonomy":"category","embeddable":true,"href":"https:\/\/www.asukkaidenvantaa.fi\/index.php?rest_route=%2Fwp%2Fv2%2Fcategories&post=3585"},{"taxonomy":"post_tag","embeddable":true,"href":"https:\/\/www.asukkaidenvantaa.fi\/index.php?rest_route=%2Fwp%2Fv2%2Ftags&post=3585"}],"curies":[{"name":"wp","href":"https:\/\/api.w.org\/{rel}","templated":true}]}}