{"id":3565,"date":"2015-09-25T07:20:09","date_gmt":"2015-09-25T07:20:09","guid":{"rendered":"http:\/\/www.asukkaidenvantaa.fi\/?p=3565"},"modified":"2015-09-25T18:33:12","modified_gmt":"2015-09-25T18:33:12","slug":"vantaalle-ensimmaiset-pakolaiset","status":"publish","type":"post","link":"https:\/\/www.asukkaidenvantaa.fi\/?p=3565","title":{"rendered":"Vantaalle ensimm\u00e4iset pakolaiset"},"content":{"rendered":"<h2><strong>Vantaalle\u00a0saapuu kuluvan viikon aikana runsaat 200 pakolaista. Vastaanoton k\u00e4yt\u00e4nn\u00f6n j\u00e4rjestelyist\u00e4 vastaa yksityinen Luona Oy. Tulijat majoitetaan lentoaseman l\u00e4heisyydess\u00e4 oleviin Luonan tiloihin ja lis\u00e4ksi tiloja on varattu muualta Veromiehenkyl\u00e4st\u00e4. <\/strong><\/h2>\n<div id=\"attachment_3574\" style=\"width: 762px\" class=\"wp-caption aligncenter\"><a href=\"\/wp-content\/uploads\/sites\/31\/2015\/09\/2015-09-25-14.08.561.jpg\"><img loading=\"lazy\" decoding=\"async\" aria-describedby=\"caption-attachment-3574\" class=\"size-large wp-image-3574\" src=\"\/wp-content\/uploads\/sites\/31\/2015\/09\/2015-09-25-14.08.561-1024x768.jpg\" alt=\"Vastaanottokeskuksessa Vantaan Veromiehenkyl\u00e4ss\u00e4 odoteltiin perjantaina iltap\u00e4iv\u00e4ll\u00e4 60 ensimm\u00e4ist\u00e4 asiakasta, kertoo SPR:n Helsingin ja Uudenmaan piirin varapuheenjohtaja Ola Nilsson. Keskukseen tulee my\u00f6hemmin 200 pakolaista lis\u00e4\u00e4.\" width=\"752\" height=\"564\" \/><\/a><p id=\"caption-attachment-3574\" class=\"wp-caption-text\">Vastaanottokeskuksessa Vantaan Veromiehenkyl\u00e4ss\u00e4 odoteltiin perjantaina iltap\u00e4iv\u00e4ll\u00e4 60 ensimm\u00e4ist\u00e4 asiakasta, kertoo SPR:n Helsingin ja Uudenmaan piirin varapuheenjohtaja Ola Nilsson. Keskukseen tulee my\u00f6hemmin 200 pakolaista lis\u00e4\u00e4.<\/p><\/div>\n<p>&nbsp;<\/p>\n<p><strong>Luona\u00a0<\/strong><\/p>\n<p>Luona on Suomessa ensimm\u00e4inen yksityinen toimija pakolaisten vastaanottotoiminnassa ja sen ensimm\u00e4inen vastaanottokeskus aloitti toimintansa pari viikkoa sitten Espoon Otaniemess\u00e4.<\/p>\n<p>Luona on osa henkil\u00f6st\u00f6vuokrausta harjoittavaa Barona Group -konsernia. Luonan, joka aikaisemmin toimi nimell\u00e4 Barona Hoiva Oy, hallituksen puheenjohtaja ja toimitusjohtaja on Helsingin entinen sosiaalijohtaja <strong>Paavo Voutilainen <\/strong>(sd.). Muina hallituksen j\u00e4senin\u00e4 on entisi\u00e4 ja nykyisi\u00e4\u00a0politiikan vaikuttajia, kuten espoolainen kokoomuskansanedustaja ja Espoon kaupunginvaltuutettu <strong>Sanna Lauslahti<\/strong>, entinen kansanedustaja, europarlamentaarikko ja Helsingin kaupunginvaltuutettu <strong>Ulpu Iivari<\/strong> (sd.). Baronan hallituksessa toimivat lis\u00e4ksi entisen kansanedustajan, ja nykyisen europarlamentin j\u00e4senen <strong>Miapetra Kumpula-Natrin<\/strong> (sd.) puoliso <strong>Pasi Natri<\/strong> ja Barona Groupin toimitusjohtaja <strong>Markus Oksa<\/strong> .<\/p>\n<p><strong>Barona<\/strong><\/p>\n<p>Barona\/Luona -yhti\u00f6n toimialana on rekisteritietojen mukaan terveydenhuollon ja sairaanhoitopalveluiden tuottaminen sek\u00e4 sosiaali- ja terveysalan henkil\u00f6st\u00f6n vuokraus- ja v\u00e4litystoiminta. Yhti\u00f6 tarjoaa lis\u00e4ksi muun muassa ik\u00e4ihmisten kotihoitoa, mielenterveys- ja p\u00e4ihdekuntoutujien tuettua asumista ja asunnottomien kriisimajoitusta.Barona on erikoistunut my\u00f6s erilaisiin ulkoistamisiin liittyviin j\u00e4rjestelyihin.<\/p>\n<p>Barona on sen omien tiedotteiden mukaan ollut menestystarina sen alusta (1998) alkaen. Yhti\u00f6n liikevaihto on viime vuosina ollut 160 miljoonan euron luokkaa ja uutisoitu on my\u00f6s yhti\u00f6n jakamista runsaista osingoista. Suurelta osin yhti\u00f6n palveluiden ostajana on niin sanottu julkinen taho, eli viimek\u00e4dess\u00e4 veronmaksajat.<\/p>\n<p><strong>Jakautuneet ty\u00f6markkinat<\/strong><\/p>\n<p>T\u00e4m\u00e4nlaatuinen yhti\u00f6iden ketjuttaminen on ehk\u00e4 \u201dlogistisesti\u201d toimivakin, kun turvapaikkaa tarjoaa henkil\u00f6st\u00f6vuokrausta harjoittava yhti\u00f6, jolla\u00a0voisi olettaa olevan\u00a0tarjolla kotoutuksen j\u00e4lkeen aina jonkinlaisia p\u00e4tk\u00e4t\u00f6it\u00e4. T\u00e4ss\u00e4 voi n\u00e4hd\u00e4 my\u00f6s vaaran, ett\u00e4 maahanmuuttaja-pakolaisen oletetaan jo l\u00e4ht\u00f6kohtaisesti olevan tulevaa p\u00e4tk\u00e4ty\u00f6t\u00e4 tekev\u00e4\u00e4 halpaty\u00f6voimaa. Se, miss\u00e4 m\u00e4\u00e4rin t\u00e4m\u00e4 j\u00e4rjestely hy\u00f6dynt\u00e4\u00e4 pakolaisten asemaa Suomen ty\u00f6markkinoilla, n\u00e4hd\u00e4\u00e4n jatkossa.<\/p>\n<p>Jo l\u00e4hitulevaisuudessa meill\u00e4 on mahdollisesti hyvinkin jakautuneet ty\u00f6markkinat, kun EK ja hallitus \u201dkilpailukykyloikkineen\u201d korostavat paikallisen sopimisen merkityst\u00e4 Suomen yksikk\u00f6ty\u00f6kustannusten alentamisessa. Halpaty\u00f6voimaksi kotoutettu ja koulutettu palvelualan ty\u00f6ntekij\u00e4 lienee t\u00e4llaisilla kahden kerroksen ty\u00f6markkinoilla aina heikommassa asemassa, kuin esimerkiksi vientiteollisuuden ty\u00f6ntekij\u00e4.<\/p>\n","protected":false},"excerpt":{"rendered":"<p>Vantaalle\u00a0saapuu kuluvan viikon aikana runsaat 200 pakolaista. Vastaanoton k\u00e4yt\u00e4nn\u00f6n j\u00e4rjestelyist\u00e4 vastaa yksityinen Luona Oy. Tulijat majoitetaan lentoaseman l\u00e4heisyydess\u00e4 oleviin Luonan tiloihin ja lis\u00e4ksi tiloja on varattu muualta Veromiehenkyl\u00e4st\u00e4. &nbsp; Luona\u00a0 Luona on Suomessa ensimm\u00e4inen yksityinen toimija pakolaisten vastaanottotoiminnassa ja sen ensimm\u00e4inen vastaanottokeskus aloitti toimintansa pari viikkoa sitten Espoon Otaniemess\u00e4. Luona on osa henkil\u00f6st\u00f6vuokrausta harjoittavaa Barona&hellip;<\/p>\n<p class=\"more-link-p\"><a class=\"more-link\" href=\"https:\/\/www.asukkaidenvantaa.fi\/?p=3565\">Lue lis\u00e4\u00e4 \u2192<\/a><\/p>\n","protected":false},"author":5006,"featured_media":0,"comment_status":"open","ping_status":"open","sticky":false,"template":"","format":"standard","meta":{"footnotes":""},"categories":[1],"tags":[430,431,432,429,160,117],"class_list":["post-3565","post","type-post","status-publish","format-standard","hentry","category-uncategorized","tag-barona","tag-halpatyovoima","tag-kotouttaminen","tag-luona","tag-maahanmuuttaja","tag-pakolainen"],"_links":{"self":[{"href":"https:\/\/www.asukkaidenvantaa.fi\/index.php?rest_route=\/wp\/v2\/posts\/3565","targetHints":{"allow":["GET"]}}],"collection":[{"href":"https:\/\/www.asukkaidenvantaa.fi\/index.php?rest_route=\/wp\/v2\/posts"}],"about":[{"href":"https:\/\/www.asukkaidenvantaa.fi\/index.php?rest_route=\/wp\/v2\/types\/post"}],"author":[{"embeddable":true,"href":"https:\/\/www.asukkaidenvantaa.fi\/index.php?rest_route=\/wp\/v2\/users\/5006"}],"replies":[{"embeddable":true,"href":"https:\/\/www.asukkaidenvantaa.fi\/index.php?rest_route=%2Fwp%2Fv2%2Fcomments&post=3565"}],"version-history":[{"count":10,"href":"https:\/\/www.asukkaidenvantaa.fi\/index.php?rest_route=\/wp\/v2\/posts\/3565\/revisions"}],"predecessor-version":[{"id":3569,"href":"https:\/\/www.asukkaidenvantaa.fi\/index.php?rest_route=\/wp\/v2\/posts\/3565\/revisions\/3569"}],"wp:attachment":[{"href":"https:\/\/www.asukkaidenvantaa.fi\/index.php?rest_route=%2Fwp%2Fv2%2Fmedia&parent=3565"}],"wp:term":[{"taxonomy":"category","embeddable":true,"href":"https:\/\/www.asukkaidenvantaa.fi\/index.php?rest_route=%2Fwp%2Fv2%2Fcategories&post=3565"},{"taxonomy":"post_tag","embeddable":true,"href":"https:\/\/www.asukkaidenvantaa.fi\/index.php?rest_route=%2Fwp%2Fv2%2Ftags&post=3565"}],"curies":[{"name":"wp","href":"https:\/\/api.w.org\/{rel}","templated":true}]}}