{"id":3557,"date":"2015-09-18T13:05:46","date_gmt":"2015-09-18T13:05:46","guid":{"rendered":"http:\/\/www.asukkaidenvantaa.fi\/?p=3557"},"modified":"2015-09-18T13:05:46","modified_gmt":"2015-09-18T13:05:46","slug":"suurmielenosoitus-veti-rautatientorin-tayteen","status":"publish","type":"post","link":"https:\/\/www.asukkaidenvantaa.fi\/?p=3557","title":{"rendered":"Suurmielenosoitus veti Rautatientorin t\u00e4yteen"},"content":{"rendered":"<p><strong>Hallituksen leikkauspolitiikkaa vastustava mielenilmaus l\u00e4hetti hallitukselle selke\u00e4n viestin: Ehdotetut naisvaltaisten ja vyoroty\u00f6ntekij\u00f6iden palkanalennukset on peruttava.<\/strong><\/p>\n<p>Asioiden ratkaiseminen sopimalla, ei pakkolaieilla, oli selke\u00e4 vaatimus. Hallituksen on peruttava suunnitelmansa.<\/p>\n<p>SAK:n puheenjohtaja Lauri Lyly ilmoitti, ett\u00e4 SAK ei tule hyv\u00e4ksym\u00e4\u00e4n hallituksen esitt\u00e4mi\u00e4 palkanalennuksia, sunnuntai- ja ylity\u00f6korvausten leikkauksia.<br \/>\nJollei hallitus per\u00e4\u00e4nny on edess\u00e4 vakava ty\u00f6taistelujen uhka.<\/p>\n<p>Jo t\u00e4llainen p\u00e4iv\u00e4n osan ty\u00f6ntekij\u00f6iden mielenilmaus l\u00e4hes pys\u00e4ytti Suomen. Ty\u00f6ntekij\u00e4t ovat siis tuotannon ja palveluiden t\u00e4rkein osanen. Kohdeltakoon ja maksettakoon heille sen mukaan.<\/p>\n<p>Hallitus on tyystin unohtanut p\u00e4\u00e4oman omistajat talouskurimuksen nostamisessa.<br \/>\nEsimerkiksi hallituksen esitys yritysten sosiaaliturvamaksun alentamisesta toisi yrityksille noin 800 miljoonan maksuhelpotuksen. Esimerkiksi Helsingin p\u00f6rssiin listattujen yritysten maksamat osingot ovat &#8221;huonoista ajoista&#8221; huolimatta kasvaneet. Helsingin p\u00f6rssiin listtattujen yritysten maksama osinko on luokkaa 10 mrd. Jos yrityksill\u00e4 tosiaan on hinnoitteluongelmia niin kuin julkisuudessa vatkuvasti v\u00e4itet\u00e4\u00e4n, niin puolitetaan n\u00e4m\u00e4 osingot niin saadaan 5 000 miljoonaa k\u00e4ytett\u00e4v\u00e4ksi kilpailukyvyn kohentamiseen. Ja omistajat saisivat viel\u00e4kin hyv\u00e4t osingot.<br \/>\n<div id=\"attachment_3558\" style=\"width: 710px\" class=\"wp-caption aligncenter\"><a href=\"\/wp-content\/uploads\/sites\/31\/2015\/09\/Miekkari-18.9.2015-10-e1442578742565.jpg\"><img loading=\"lazy\" decoding=\"async\" aria-describedby=\"caption-attachment-3558\" src=\"\/wp-content\/uploads\/sites\/31\/2015\/09\/Miekkari-18.9.2015-10-e1442578742565.jpg\" alt=\"Ennen kello yht\u00e4toista l\u00e4hikadut t\u00e4yttyiv\u00e4t mielenilmaukseen osallistujista.\" width=\"700\" height=\"525\" class=\"size-full wp-image-3558\" \/><\/a><p id=\"caption-attachment-3558\" class=\"wp-caption-text\">Ennen kello yht\u00e4toista l\u00e4hikadut t\u00e4yttyiv\u00e4t mielenilmaukseen osallistujista.<\/p><\/div>\n<div id=\"attachment_3560\" style=\"width: 710px\" class=\"wp-caption aligncenter\"><a href=\"\/wp-content\/uploads\/sites\/31\/2015\/09\/Miekkari-18.9.2015-4-e1442581240781.jpg\"><img loading=\"lazy\" decoding=\"async\" aria-describedby=\"caption-attachment-3560\" src=\"\/wp-content\/uploads\/sites\/31\/2015\/09\/Miekkari-18.9.2015-4-e1442581240781.jpg\" alt=\"Ilmapalloja, plakaatteja ja ennenkaikkea ihmisi\u00e4 mielenilmauksessa 18.9.2015 Rautatientorilla Helsingiss\u00e4. Hallitukselta vaadittiin uusia neuvotteluja taloustilanteen ratkaisemiseksi.\" width=\"700\" height=\"525\" class=\"size-full wp-image-3560\" \/><\/a><p id=\"caption-attachment-3560\" class=\"wp-caption-text\">Ilmapalloja, plakaatteja ja ennenkaikkea ihmisi\u00e4 mielenilmauksessa 18.9.2015 Rautatientorilla Helsingiss\u00e4. Hallitukselta vaadittiin uusia neuvotteluja taloustilanteen ratkaisemiseksi.<\/p><\/div>\n<p><a href=\"\/wp-content\/uploads\/sites\/31\/2015\/09\/Miekkari-18.9.2015-8.jpg\"><img loading=\"lazy\" decoding=\"async\" src=\"\/wp-content\/uploads\/sites\/31\/2015\/09\/Miekkari-18.9.2015-8.jpg\" alt=\"Miekkari 18.9.2015 8\" width=\"1632\" height=\"1224\" class=\"aligncenter size-full wp-image-3561\" \/><\/a><\/p>\n","protected":false},"excerpt":{"rendered":"<p>Hallituksen leikkauspolitiikkaa vastustava mielenilmaus l\u00e4hetti hallitukselle selke\u00e4n viestin: Ehdotetut naisvaltaisten ja vyoroty\u00f6ntekij\u00f6iden palkanalennukset on peruttava. Asioiden ratkaiseminen sopimalla, ei pakkolaieilla, oli selke\u00e4 vaatimus. Hallituksen on peruttava suunnitelmansa. SAK:n puheenjohtaja Lauri Lyly ilmoitti, ett\u00e4 SAK ei tule hyv\u00e4ksym\u00e4\u00e4n hallituksen esitt\u00e4mi\u00e4 palkanalennuksia, sunnuntai- ja ylity\u00f6korvausten leikkauksia. Jollei hallitus per\u00e4\u00e4nny on edess\u00e4 vakava ty\u00f6taistelujen uhka. Jo t\u00e4llainen p\u00e4iv\u00e4n&hellip;<\/p>\n<p class=\"more-link-p\"><a class=\"more-link\" href=\"https:\/\/www.asukkaidenvantaa.fi\/?p=3557\">Lue lis\u00e4\u00e4 \u2192<\/a><\/p>\n","protected":false},"author":5003,"featured_media":0,"comment_status":"open","ping_status":"open","sticky":false,"template":"","format":"standard","meta":{"footnotes":""},"categories":[355],"tags":[],"class_list":["post-3557","post","type-post","status-publish","format-standard","hentry","category-ajankohtaisia"],"_links":{"self":[{"href":"https:\/\/www.asukkaidenvantaa.fi\/index.php?rest_route=\/wp\/v2\/posts\/3557","targetHints":{"allow":["GET"]}}],"collection":[{"href":"https:\/\/www.asukkaidenvantaa.fi\/index.php?rest_route=\/wp\/v2\/posts"}],"about":[{"href":"https:\/\/www.asukkaidenvantaa.fi\/index.php?rest_route=\/wp\/v2\/types\/post"}],"author":[{"embeddable":true,"href":"https:\/\/www.asukkaidenvantaa.fi\/index.php?rest_route=\/wp\/v2\/users\/5003"}],"replies":[{"embeddable":true,"href":"https:\/\/www.asukkaidenvantaa.fi\/index.php?rest_route=%2Fwp%2Fv2%2Fcomments&post=3557"}],"version-history":[{"count":3,"href":"https:\/\/www.asukkaidenvantaa.fi\/index.php?rest_route=\/wp\/v2\/posts\/3557\/revisions"}],"predecessor-version":[{"id":3563,"href":"https:\/\/www.asukkaidenvantaa.fi\/index.php?rest_route=\/wp\/v2\/posts\/3557\/revisions\/3563"}],"wp:attachment":[{"href":"https:\/\/www.asukkaidenvantaa.fi\/index.php?rest_route=%2Fwp%2Fv2%2Fmedia&parent=3557"}],"wp:term":[{"taxonomy":"category","embeddable":true,"href":"https:\/\/www.asukkaidenvantaa.fi\/index.php?rest_route=%2Fwp%2Fv2%2Fcategories&post=3557"},{"taxonomy":"post_tag","embeddable":true,"href":"https:\/\/www.asukkaidenvantaa.fi\/index.php?rest_route=%2Fwp%2Fv2%2Ftags&post=3557"}],"curies":[{"name":"wp","href":"https:\/\/api.w.org\/{rel}","templated":true}]}}