{"id":3552,"date":"2015-09-14T20:24:02","date_gmt":"2015-09-14T20:24:02","guid":{"rendered":"http:\/\/www.asukkaidenvantaa.fi\/?p=3552"},"modified":"2015-09-14T20:24:02","modified_gmt":"2015-09-14T20:24:02","slug":"suurmielenosoitus-hallituksen-leikkauspolitiikkaa-vastaan","status":"publish","type":"post","link":"https:\/\/www.asukkaidenvantaa.fi\/?p=3552","title":{"rendered":"Suurmielenosoitus hallituksen leikkauspolitiikkaa vastaan"},"content":{"rendered":"<p><strong><span class=\"fsl\">SAK, Akava ja STTK j\u00e4rjest\u00e4v\u00e4t yhdess\u00e4 mielenilmauksen ty\u00f6n, sopimusoikeuden ja j\u00e4rjestymisvapauden puolesta, hallituksen pakkotoimia vastaan.<\/span><\/strong><\/p>\n<p><a href=\"\/wp-content\/uploads\/sites\/31\/2015\/09\/STOP-miekkari.jpg\"><img loading=\"lazy\" decoding=\"async\" class=\"aligncenter size-large wp-image-3551\" src=\"\/wp-content\/uploads\/sites\/31\/2015\/09\/STOP-miekkari-729x1024.jpg\" alt=\"STOP miekkari\" width=\"729\" height=\"1024\" srcset=\"https:\/\/www.asukkaidenvantaa.fi\/wp-content\/uploads\/sites\/31\/2015\/09\/STOP-miekkari-729x1024.jpg 729w, https:\/\/www.asukkaidenvantaa.fi\/wp-content\/uploads\/sites\/31\/2015\/09\/STOP-miekkari-213x300.jpg 213w, https:\/\/www.asukkaidenvantaa.fi\/wp-content\/uploads\/sites\/31\/2015\/09\/STOP-miekkari-260x364.jpg 260w, https:\/\/www.asukkaidenvantaa.fi\/wp-content\/uploads\/sites\/31\/2015\/09\/STOP-miekkari-160x224.jpg 160w\" sizes=\"auto, (max-width: 729px) 100vw, 729px\" \/><\/a><\/p>\n","protected":false},"excerpt":{"rendered":"<p>SAK, Akava ja STTK j\u00e4rjest\u00e4v\u00e4t yhdess\u00e4 mielenilmauksen ty\u00f6n, sopimusoikeuden ja j\u00e4rjestymisvapauden puolesta, hallituksen pakkotoimia vastaan.<\/p>\n<p class=\"more-link-p\"><a class=\"more-link\" href=\"https:\/\/www.asukkaidenvantaa.fi\/?p=3552\">Lue lis\u00e4\u00e4 \u2192<\/a><\/p>\n","protected":false},"author":5006,"featured_media":0,"comment_status":"open","ping_status":"open","sticky":false,"template":"","format":"standard","meta":{"footnotes":""},"categories":[1],"tags":[],"class_list":["post-3552","post","type-post","status-publish","format-standard","hentry","category-uncategorized"],"_links":{"self":[{"href":"https:\/\/www.asukkaidenvantaa.fi\/index.php?rest_route=\/wp\/v2\/posts\/3552","targetHints":{"allow":["GET"]}}],"collection":[{"href":"https:\/\/www.asukkaidenvantaa.fi\/index.php?rest_route=\/wp\/v2\/posts"}],"about":[{"href":"https:\/\/www.asukkaidenvantaa.fi\/index.php?rest_route=\/wp\/v2\/types\/post"}],"author":[{"embeddable":true,"href":"https:\/\/www.asukkaidenvantaa.fi\/index.php?rest_route=\/wp\/v2\/users\/5006"}],"replies":[{"embeddable":true,"href":"https:\/\/www.asukkaidenvantaa.fi\/index.php?rest_route=%2Fwp%2Fv2%2Fcomments&post=3552"}],"version-history":[{"count":2,"href":"https:\/\/www.asukkaidenvantaa.fi\/index.php?rest_route=\/wp\/v2\/posts\/3552\/revisions"}],"predecessor-version":[{"id":3554,"href":"https:\/\/www.asukkaidenvantaa.fi\/index.php?rest_route=\/wp\/v2\/posts\/3552\/revisions\/3554"}],"wp:attachment":[{"href":"https:\/\/www.asukkaidenvantaa.fi\/index.php?rest_route=%2Fwp%2Fv2%2Fmedia&parent=3552"}],"wp:term":[{"taxonomy":"category","embeddable":true,"href":"https:\/\/www.asukkaidenvantaa.fi\/index.php?rest_route=%2Fwp%2Fv2%2Fcategories&post=3552"},{"taxonomy":"post_tag","embeddable":true,"href":"https:\/\/www.asukkaidenvantaa.fi\/index.php?rest_route=%2Fwp%2Fv2%2Ftags&post=3552"}],"curies":[{"name":"wp","href":"https:\/\/api.w.org\/{rel}","templated":true}]}}