{"id":3543,"date":"2015-09-07T19:06:00","date_gmt":"2015-09-07T19:06:00","guid":{"rendered":"http:\/\/www.asukkaidenvantaa.fi\/?p=3543"},"modified":"2015-09-07T19:07:13","modified_gmt":"2015-09-07T19:07:13","slug":"vantaa-hakee-tiloja-vastaanottokeskukselle","status":"publish","type":"post","link":"https:\/\/www.asukkaidenvantaa.fi\/?p=3543","title":{"rendered":"Vantaa hakee tiloja vastaanottokeskukselle"},"content":{"rendered":"<p><strong>Vantaan kaupunginhallitus p\u00e4\u00e4tti t\u00e4n\u00e4\u00e4n 7.9.2015 hakea tiloja pakolaisten vastaanottokeskukselle<\/strong><\/p>\n<p>\u2212Vantaa hakee aktiivisesti tiloja vastaanottokeskusta varten, toteaa kaupunginhallituksen puheenjohtaja <strong>Tapani M\u00e4kinen<\/strong>. Maahanmuuttovirasto toivoo ensisijaisesti isoja, majoitusk\u00e4ytt\u00f6\u00f6n tarkoitettuja tiloja, joihin mahtuu v\u00e4hint\u00e4\u00e4n 150 henkil\u00f6\u00e4. \u2212Kartoitamme nyt Vantaan omien tilojen lis\u00e4ksi yksityisten omistuksessa olevia tiloja, totesi M\u00e4kinen p\u00e4\u00e4t\u00f6ksen j\u00e4lkeen.<\/p>\n<p>M\u00e4kinen toteaa tyytyv\u00e4isen\u00e4, ett\u00e4 yksityiselt\u00e4 puolelta on jo tullut hyvi\u00e4 ehdotuksia vantaalaiseksi vastaanottokeskukseksi. \u2013Arvioin, ett\u00e4 p\u00e4\u00e4semme ratkaisuun asiassa nopeasti.<\/p>\n<p>Kaupunginhallitus suhtautuu my\u00f6nteisesti turvapaikan hakijoiden vastaanottotoimintaan avustaa maahanmuuttovirastoa tilojen hankinnassa ja toiminnan j\u00e4rjest\u00e4misess\u00e4.<\/p>\n<p>P\u00e4\u00e4t\u00f6s vastaanottokeskuksesta hyv\u00e4ksyttiin kaupunginhallituksessa\u00a0\u00e4\u00e4nestyksen j\u00e4lkeen \u00e4\u00e4nin 14 &#8211; 3.<\/p>\n<p>Perussuomalaiset j\u00e4ttiv\u00e4t asiaan esityksen hylk\u00e4\u00e4mist\u00e4 perustelevan p\u00f6yt\u00e4kirjalausuman.<\/p>\n<p>&nbsp;<\/p>\n","protected":false},"excerpt":{"rendered":"<p>Vantaan kaupunginhallitus p\u00e4\u00e4tti t\u00e4n\u00e4\u00e4n 7.9.2015 hakea tiloja pakolaisten vastaanottokeskukselle \u2212Vantaa hakee aktiivisesti tiloja vastaanottokeskusta varten, toteaa kaupunginhallituksen puheenjohtaja Tapani M\u00e4kinen. Maahanmuuttovirasto toivoo ensisijaisesti isoja, majoitusk\u00e4ytt\u00f6\u00f6n tarkoitettuja tiloja, joihin mahtuu v\u00e4hint\u00e4\u00e4n 150 henkil\u00f6\u00e4. \u2212Kartoitamme nyt Vantaan omien tilojen lis\u00e4ksi yksityisten omistuksessa olevia tiloja, totesi M\u00e4kinen p\u00e4\u00e4t\u00f6ksen j\u00e4lkeen. M\u00e4kinen toteaa tyytyv\u00e4isen\u00e4, ett\u00e4 yksityiselt\u00e4 puolelta on jo tullut&hellip;<\/p>\n<p class=\"more-link-p\"><a class=\"more-link\" href=\"https:\/\/www.asukkaidenvantaa.fi\/?p=3543\">Lue lis\u00e4\u00e4 \u2192<\/a><\/p>\n","protected":false},"author":5006,"featured_media":0,"comment_status":"open","ping_status":"open","sticky":false,"template":"","format":"standard","meta":{"footnotes":""},"categories":[1],"tags":[],"class_list":["post-3543","post","type-post","status-publish","format-standard","hentry","category-uncategorized"],"_links":{"self":[{"href":"https:\/\/www.asukkaidenvantaa.fi\/index.php?rest_route=\/wp\/v2\/posts\/3543","targetHints":{"allow":["GET"]}}],"collection":[{"href":"https:\/\/www.asukkaidenvantaa.fi\/index.php?rest_route=\/wp\/v2\/posts"}],"about":[{"href":"https:\/\/www.asukkaidenvantaa.fi\/index.php?rest_route=\/wp\/v2\/types\/post"}],"author":[{"embeddable":true,"href":"https:\/\/www.asukkaidenvantaa.fi\/index.php?rest_route=\/wp\/v2\/users\/5006"}],"replies":[{"embeddable":true,"href":"https:\/\/www.asukkaidenvantaa.fi\/index.php?rest_route=%2Fwp%2Fv2%2Fcomments&post=3543"}],"version-history":[{"count":4,"href":"https:\/\/www.asukkaidenvantaa.fi\/index.php?rest_route=\/wp\/v2\/posts\/3543\/revisions"}],"predecessor-version":[{"id":3546,"href":"https:\/\/www.asukkaidenvantaa.fi\/index.php?rest_route=\/wp\/v2\/posts\/3543\/revisions\/3546"}],"wp:attachment":[{"href":"https:\/\/www.asukkaidenvantaa.fi\/index.php?rest_route=%2Fwp%2Fv2%2Fmedia&parent=3543"}],"wp:term":[{"taxonomy":"category","embeddable":true,"href":"https:\/\/www.asukkaidenvantaa.fi\/index.php?rest_route=%2Fwp%2Fv2%2Fcategories&post=3543"},{"taxonomy":"post_tag","embeddable":true,"href":"https:\/\/www.asukkaidenvantaa.fi\/index.php?rest_route=%2Fwp%2Fv2%2Ftags&post=3543"}],"curies":[{"name":"wp","href":"https:\/\/api.w.org\/{rel}","templated":true}]}}