{"id":3539,"date":"2015-09-04T16:32:39","date_gmt":"2015-09-04T16:32:39","guid":{"rendered":"http:\/\/www.asukkaidenvantaa.fi\/?p=3539"},"modified":"2015-09-04T16:32:39","modified_gmt":"2015-09-04T16:32:39","slug":"pakolaiskysymys-vantaan-kaupungihallitukseen","status":"publish","type":"post","link":"https:\/\/www.asukkaidenvantaa.fi\/?p=3539","title":{"rendered":"Pakolaiskysymys Vantaan kaupungihallitukseen"},"content":{"rendered":"<p><strong>Ensi maanantaina 7.9. Vantaan kaupunginhallitus k\u00e4sittelee mm. pakolaisten vastaanottamista.<\/strong><\/p>\n<p>Maahanmuuttovirasto on pyyt\u00e4nyt Vantaata selvitt\u00e4m\u00e4\u00e4n l\u00f6ytyisik\u00f6 Vantaalta vastaanottokeskukselle sopivia tiloja.<\/p>\n<p>Vantaalla ei t\u00e4h\u00e4n menness\u00e4 ole ollut vastaanottokeskusta.<\/p>\n<p>Kaupunginjohtaja Kari Nenonen arvelee ettei asiaa saada p\u00e4\u00e4tetty\u00e4 ilman \u00e4\u00e4nestyst\u00e4. Vantaan Perussuomalaiset suhtautuvat kielteisesti pakolaiskysymykseen. Esimerkiksi valtuutettu Pauli Vahtera on julkisuudessa esiintynyt eritt\u00e4in kielteisesti pakolaisiin. <\/p>\n<p>Kaupunginvaltuuston puheenjohtaja Antti Lindtmanin (sd) mielest\u00e4 Vantaankin on kannettava vastuunsa pakolaiskysymyksess\u00e4.<\/p>\n<div id=\"attachment_3540\" style=\"width: 310px\" class=\"wp-caption aligncenter\"><a href=\"\/wp-content\/uploads\/sites\/31\/2015\/09\/Punkalaitumen-vastaanottokeskus.jpg\"><img loading=\"lazy\" decoding=\"async\" aria-describedby=\"caption-attachment-3540\" src=\"\/wp-content\/uploads\/sites\/31\/2015\/09\/Punkalaitumen-vastaanottokeskus.jpg\" alt=\"Viime syksyn\u00e4 suljettu Punkalaitumen vastaanottokeskus avattiin juuri uudestaan. \" width=\"300\" height=\"168\" class=\"size-full wp-image-3540\" \/><\/a><p id=\"caption-attachment-3540\" class=\"wp-caption-text\">Viime syksyn\u00e4 suljettu Punkalaitumen vastaanottokeskus avattiin juuri uudestaan.<\/p><\/div>\n","protected":false},"excerpt":{"rendered":"<p>Ensi maanantaina 7.9. Vantaan kaupunginhallitus k\u00e4sittelee mm. pakolaisten vastaanottamista. Maahanmuuttovirasto on pyyt\u00e4nyt Vantaata selvitt\u00e4m\u00e4\u00e4n l\u00f6ytyisik\u00f6 Vantaalta vastaanottokeskukselle sopivia tiloja. Vantaalla ei t\u00e4h\u00e4n menness\u00e4 ole ollut vastaanottokeskusta. Kaupunginjohtaja Kari Nenonen arvelee ettei asiaa saada p\u00e4\u00e4tetty\u00e4 ilman \u00e4\u00e4nestyst\u00e4. Vantaan Perussuomalaiset suhtautuvat kielteisesti pakolaiskysymykseen. Esimerkiksi valtuutettu Pauli Vahtera on julkisuudessa esiintynyt eritt\u00e4in kielteisesti pakolaisiin. Kaupunginvaltuuston puheenjohtaja Antti Lindtmanin&hellip;<\/p>\n<p class=\"more-link-p\"><a class=\"more-link\" href=\"https:\/\/www.asukkaidenvantaa.fi\/?p=3539\">Lue lis\u00e4\u00e4 \u2192<\/a><\/p>\n","protected":false},"author":5003,"featured_media":0,"comment_status":"open","ping_status":"open","sticky":false,"template":"","format":"standard","meta":{"footnotes":""},"categories":[355],"tags":[],"class_list":["post-3539","post","type-post","status-publish","format-standard","hentry","category-ajankohtaisia"],"_links":{"self":[{"href":"https:\/\/www.asukkaidenvantaa.fi\/index.php?rest_route=\/wp\/v2\/posts\/3539","targetHints":{"allow":["GET"]}}],"collection":[{"href":"https:\/\/www.asukkaidenvantaa.fi\/index.php?rest_route=\/wp\/v2\/posts"}],"about":[{"href":"https:\/\/www.asukkaidenvantaa.fi\/index.php?rest_route=\/wp\/v2\/types\/post"}],"author":[{"embeddable":true,"href":"https:\/\/www.asukkaidenvantaa.fi\/index.php?rest_route=\/wp\/v2\/users\/5003"}],"replies":[{"embeddable":true,"href":"https:\/\/www.asukkaidenvantaa.fi\/index.php?rest_route=%2Fwp%2Fv2%2Fcomments&post=3539"}],"version-history":[{"count":1,"href":"https:\/\/www.asukkaidenvantaa.fi\/index.php?rest_route=\/wp\/v2\/posts\/3539\/revisions"}],"predecessor-version":[{"id":3541,"href":"https:\/\/www.asukkaidenvantaa.fi\/index.php?rest_route=\/wp\/v2\/posts\/3539\/revisions\/3541"}],"wp:attachment":[{"href":"https:\/\/www.asukkaidenvantaa.fi\/index.php?rest_route=%2Fwp%2Fv2%2Fmedia&parent=3539"}],"wp:term":[{"taxonomy":"category","embeddable":true,"href":"https:\/\/www.asukkaidenvantaa.fi\/index.php?rest_route=%2Fwp%2Fv2%2Fcategories&post=3539"},{"taxonomy":"post_tag","embeddable":true,"href":"https:\/\/www.asukkaidenvantaa.fi\/index.php?rest_route=%2Fwp%2Fv2%2Ftags&post=3539"}],"curies":[{"name":"wp","href":"https:\/\/api.w.org\/{rel}","templated":true}]}}