{"id":3531,"date":"2015-08-26T08:23:56","date_gmt":"2015-08-26T08:23:56","guid":{"rendered":"http:\/\/www.asukkaidenvantaa.fi\/?p=3531"},"modified":"2015-08-26T08:23:56","modified_gmt":"2015-08-26T08:23:56","slug":"rauhanklubit-alkavat","status":"publish","type":"post","link":"https:\/\/www.asukkaidenvantaa.fi\/?p=3531","title":{"rendered":"Rauhanklubit alkavat"},"content":{"rendered":"<p><strong>Vantaan Rauhanpuolustajien Rauhanlkubi jatkaa kes\u00e4tauon j\u00e4lkeen.<\/strong><\/p>\n<p>Ruhanklubi kokoontuu Tikkurilassa Silkinportissa, os Tikkurilantie 44 F, klubip\u00e4iv\u00e4 on kuukauden viimeinen maanantai, eli aloitus on ma 31.8.klo 18.<\/p>\n<p>Rauhanklubissa keskustellaan ajankohtaisista asioista ja ilmi\u00f6ist\u00e4, aloitusteema on:Islam ja terrorismi.<\/p>\n<p>Rauhanklubi on saanut keskustelun pohjustajiksi mielenkiintoisia ja aiheen tuntevia vieraita.<br \/>\nSyksyn ensimm\u00e4isess\u00e4 klubissa keskustelun pohjustaa toimittaja Hossein Bahmanpour.<br \/>\n<div id=\"attachment_3532\" style=\"width: 370px\" class=\"wp-caption aligncenter\"><a href=\"\/wp-content\/uploads\/sites\/31\/2015\/08\/Hossein-Bahmanpour-2-e1440576418431.jpg\"><img loading=\"lazy\" decoding=\"async\" aria-describedby=\"caption-attachment-3532\" src=\"\/wp-content\/uploads\/sites\/31\/2015\/08\/Hossein-Bahmanpour-2-e1440576418431.jpg\" alt=\"Vantaan Rauhanpuolustajien Rauhanklubien syksyn ensimm\u00e4inen alustaja on toimittaja Hossein Bahmanpour\" width=\"360\" height=\"480\" class=\"size-full wp-image-3532\" \/><\/a><p id=\"caption-attachment-3532\" class=\"wp-caption-text\">Vantaan Rauhanpuolustajien Rauhanklubien syksyn ensimm\u00e4inen alustaja on toimittaja Hossein Bahmanpour, aiheena on: Islam ja terrorismi<\/p><\/div>\n","protected":false},"excerpt":{"rendered":"<p>Vantaan Rauhanpuolustajien Rauhanlkubi jatkaa kes\u00e4tauon j\u00e4lkeen. Ruhanklubi kokoontuu Tikkurilassa Silkinportissa, os Tikkurilantie 44 F, klubip\u00e4iv\u00e4 on kuukauden viimeinen maanantai, eli aloitus on ma 31.8.klo 18. Rauhanklubissa keskustellaan ajankohtaisista asioista ja ilmi\u00f6ist\u00e4, aloitusteema on:Islam ja terrorismi. Rauhanklubi on saanut keskustelun pohjustajiksi mielenkiintoisia ja aiheen tuntevia vieraita. Syksyn ensimm\u00e4isess\u00e4 klubissa keskustelun pohjustaa toimittaja Hossein Bahmanpour.<\/p>\n<p class=\"more-link-p\"><a class=\"more-link\" href=\"https:\/\/www.asukkaidenvantaa.fi\/?p=3531\">Lue lis\u00e4\u00e4 \u2192<\/a><\/p>\n","protected":false},"author":5003,"featured_media":0,"comment_status":"open","ping_status":"open","sticky":false,"template":"","format":"standard","meta":{"footnotes":""},"categories":[1],"tags":[],"class_list":["post-3531","post","type-post","status-publish","format-standard","hentry","category-uncategorized"],"_links":{"self":[{"href":"https:\/\/www.asukkaidenvantaa.fi\/index.php?rest_route=\/wp\/v2\/posts\/3531","targetHints":{"allow":["GET"]}}],"collection":[{"href":"https:\/\/www.asukkaidenvantaa.fi\/index.php?rest_route=\/wp\/v2\/posts"}],"about":[{"href":"https:\/\/www.asukkaidenvantaa.fi\/index.php?rest_route=\/wp\/v2\/types\/post"}],"author":[{"embeddable":true,"href":"https:\/\/www.asukkaidenvantaa.fi\/index.php?rest_route=\/wp\/v2\/users\/5003"}],"replies":[{"embeddable":true,"href":"https:\/\/www.asukkaidenvantaa.fi\/index.php?rest_route=%2Fwp%2Fv2%2Fcomments&post=3531"}],"version-history":[{"count":3,"href":"https:\/\/www.asukkaidenvantaa.fi\/index.php?rest_route=\/wp\/v2\/posts\/3531\/revisions"}],"predecessor-version":[{"id":3536,"href":"https:\/\/www.asukkaidenvantaa.fi\/index.php?rest_route=\/wp\/v2\/posts\/3531\/revisions\/3536"}],"wp:attachment":[{"href":"https:\/\/www.asukkaidenvantaa.fi\/index.php?rest_route=%2Fwp%2Fv2%2Fmedia&parent=3531"}],"wp:term":[{"taxonomy":"category","embeddable":true,"href":"https:\/\/www.asukkaidenvantaa.fi\/index.php?rest_route=%2Fwp%2Fv2%2Fcategories&post=3531"},{"taxonomy":"post_tag","embeddable":true,"href":"https:\/\/www.asukkaidenvantaa.fi\/index.php?rest_route=%2Fwp%2Fv2%2Ftags&post=3531"}],"curies":[{"name":"wp","href":"https:\/\/api.w.org\/{rel}","templated":true}]}}