{"id":3526,"date":"2015-08-25T08:33:04","date_gmt":"2015-08-25T08:33:04","guid":{"rendered":"http:\/\/www.asukkaidenvantaa.fi\/?p=3526"},"modified":"2015-08-25T08:33:04","modified_gmt":"2015-08-25T08:33:04","slug":"alkurajahdyksen-jalkeen","status":"publish","type":"post","link":"https:\/\/www.asukkaidenvantaa.fi\/?p=3526","title":{"rendered":"Alkur\u00e4j\u00e4hdyksen j\u00e4lkeen"},"content":{"rendered":"<div id=\"attachment_3529\" style=\"width: 188px\" class=\"wp-caption alignleft\"><a href=\"\/wp-content\/uploads\/sites\/31\/2015\/08\/Heikki-Ekman.jpg\"><img loading=\"lazy\" decoding=\"async\" aria-describedby=\"caption-attachment-3529\" class=\"size-full wp-image-3529\" src=\"\/wp-content\/uploads\/sites\/31\/2015\/08\/Heikki-Ekman.jpg\" alt=\"Kirjoittajamme, vantaalainen Heikki Ekman kaipaa vasemmistolaista n\u00e4k\u00f6kulmaa maahanmuuttopolitiikkaan.\" width=\"178\" height=\"244\" srcset=\"https:\/\/www.asukkaidenvantaa.fi\/wp-content\/uploads\/sites\/31\/2015\/08\/Heikki-Ekman.jpg 178w, https:\/\/www.asukkaidenvantaa.fi\/wp-content\/uploads\/sites\/31\/2015\/08\/Heikki-Ekman-160x219.jpg 160w\" sizes=\"auto, (max-width: 178px) 100vw, 178px\" \/><\/a><p id=\"caption-attachment-3529\" class=\"wp-caption-text\">Kirjoittajamme, vantaalainen Heikki Ekman kaipaa vasemmistolaista n\u00e4k\u00f6kulmaa maahanmuuttopolitiikkaan.<\/p><\/div>\n<p>22.8. j\u00e4rjestetty suurmielenosoitus onnistui mainiosti alusta loppuun. Leimausyrityksist\u00e4 huolimatta mielenosoituksen sanoma tuntui t\u00e4ll\u00e4 kertaa menev\u00e4n ainakin jollakin tapaa perille yh\u00e4 useammalle. V\u00e4lit\u00f6nt\u00e4 muutosta uusliberalistiseen politiikkaan sill\u00e4 tuskin saadaan, mutta t\u00e4m\u00e4 oli r\u00e4j\u00e4ht\u00e4v\u00e4 alku, er\u00e4\u00e4nlainen alkur\u00e4j\u00e4hdys tulevalle joukkoliikehdinn\u00e4lle peruskeskustaoikeiston kurjistuspolitiikkaa vastaan. Yh\u00e4 useampi on tyytym\u00e4t\u00f6n hallituspolitiikkaan ja tyytym\u00e4tt\u00f6myys tulee lis\u00e4\u00e4ntym\u00e4\u00e4n. Triohallitus suunnittelee jopa 10 miljardin leikkauksia, jotka kohdistuvat ainoastaan pienituloisiin ja v\u00e4h\u00e4osaisiin. Suomalaiset yritet\u00e4\u00e4n maanitella leikkausten puolelle velkapelottelulla, lupaamalla leikata my\u00f6s kehitysyhteisty\u00f6rahoista oikeistopopulismin hengess\u00e4 tai syytt\u00e4m\u00e4ll\u00e4 ay-liikett\u00e4 nykytilanteesta.<\/p>\n<p>T\u00e4st\u00e4 kaikesta pyrittiin my\u00f6s Vantaalla kertomaan parhaan mukaan kutsuttaessa ihmisi\u00e4 suurmielenosoitukseen. Vantaalla jaettiin viime viikolla mielenosoituskutsuja. Vastaanotto kaduilla oli vaihtelevaa, kuitenkin p\u00e4\u00e4osin my\u00f6nteist\u00e4. Useasti ihmiset k\u00e4veliv\u00e4t ohi, mutta usea otti my\u00f6s kutsuja vastaan. Joidenkin kuuli jopa olevan varmoja osallistumisestaan joukkomielenilmaukseen. Leikkauksia \u00e4\u00e4nekk\u00e4\u00e4sti tukevien m\u00e4\u00e4r\u00e4n voi laskea yhden k\u00e4den sormilla. Haasteellisempaa onkin varmaan &#8221;politikointi&#8221; arkip\u00e4iv\u00e4\u00e4ns\u00e4 tyytyv\u00e4isten\/tyytyvien ihmisten kanssa, jotka eiv\u00e4t halua olla tekemisiss\u00e4 mink\u00e4\u00e4n sellaisen asian kanssa, mit\u00e4 pit\u00e4v\u00e4t poliittisena.<\/p>\n<p>Joitakin huomioita nousi esille kutsuja jaettaessa. Hyvin moni suhtautui kriittisesti nykyiseen leikkauspolitiikkaan ja nykyiseen hallitukseen, mutta kritiikin ter\u00e4vin k\u00e4rki kohdistettiin v\u00e4\u00e4r\u00e4\u00e4n osoitteeseen. Monesti kuuli katkeria puheita siit\u00e4, kuinka \u201dmaahanmuuttajia kyll\u00e4 p\u00e4\u00e4stet\u00e4\u00e4n t\u00e4nne ja heille kyll\u00e4 annetaan kaikkea, mutta omille ei\u2026\u201d. Toisaalta kritisoitiin Kreikan pelastuspaketteja ja sit\u00e4, kuinka \u201daina niille kreikkalaisillekin annetaan niin helposti kaikki, mit\u00e4 kehtaavat pyyt\u00e4\u00e4\u201d.<br \/>\nT\u00e4ss\u00e4 olisikin pohdinnan paikka.<\/p>\n<p><strong>Maahanmuuttopolitiikka<\/strong><\/p>\n<p>Kuten yh\u00e4 useammin sanotaan, k\u00e4ynniss\u00e4 ovat kansainvaellukset. Etuoikeutetut valtiot vastaavat haasteeseen pyrkim\u00e4ll\u00e4 erist\u00e4ytym\u00e4\u00e4n muulta maailmalta. Unkarissa aiotaan rakentaa aitaa Serbian vastaiselle rajalle maahanpyrkij\u00f6iden varalta. Oikeistolainen maahanmuuttopolitiikka n\u00e4ytt\u00e4\u00e4kin yh\u00e4 vahvemmin vaativan EU:n rajojen sulkemista. Erist\u00e4ytyminen ja linnoittautuminen ei tule olemaan mik\u00e4\u00e4n toimiva ratkaisu pidemm\u00e4ll\u00e4 t\u00e4ht\u00e4imell\u00e4. Se tulee aiheuttamaan vain hyvin suurta inhimillist\u00e4 k\u00e4rsimyst\u00e4, kunnes taas vihdoin ymm\u00e4rret\u00e4\u00e4n, ettei muulta maailmalta voi sulkeutua.<\/p>\n<p>Nyt tarvittaisiinkin kipe\u00e4sti ei-oikeistolaista maahanmuuttopolitiikkaa. Maahanmuuton puolustajien argumentointi on keskittynyt l\u00e4hinn\u00e4 nykyisen maahanmuuttopolitiikan puolustamiseen. Niin sanottujen maahanmuuttokriitikoiden kanssa v\u00e4ittelev\u00e4t tyytyv\u00e4t vain toteamaan sen tosiasian, ettei t\u00e4nne ole helppo p\u00e4\u00e4st\u00e4 (<span style=\"color: #0000ff;\"><a style=\"color: #0000ff;\" title=\"mik\u00e4 on tietenkin totta\" href=\"http:\/\/yle.fi\/uutiset\/millainen_saa_oli_bagdadissa__nain_suomi_seuloo_valehtelijat_turvapaikanhakijoista\/8245524\" target=\"_blank\">mik\u00e4 <span style=\"color: #0000ff;\">on<\/span> tietenkin totta<\/a><\/span>), eik\u00e4 t\u00e4\u00e4ll\u00e4 etuisuuksia niin helposti saa. Mink\u00e4laista olisi esimerkiksi SKP:n maahanmuuttopolitiikka 20-50 vuoden aikav\u00e4lill\u00e4? Pit\u00e4isik\u00f6 pakolaiskiinti\u00f6it\u00e4 asteittain nostaa? Pit\u00e4isik\u00f6 rajoja v\u00e4hitellen avata? Mill\u00e4 tavalla ja mink\u00e4laisilla lyhyen aikav\u00e4lin tavoitteilla? Ent\u00e4p\u00e4 vasemmistolainen versio l\u00e4ht\u00f6maassa auttamisesta? Kuinka oloja voitaisi kohentaa <strong>vasemmistolaisesti<\/strong> paikan p\u00e4\u00e4ll\u00e4? Rasismin vastaista toimintaa ja rasismin vastaista argumentointia ei tule my\u00f6sk\u00e4\u00e4n unohtaa.<\/p>\n<p><strong>Kreikkalaisten ongelma?<\/strong><\/p>\n<p>Kreikan pelastuspaketteja kritisoivat monet, mutta niit\u00e4 vastustavat ainoastaan arvokonservatiivit, joista useat ovat perussuomalaisten \u00e4\u00e4nest\u00e4ji\u00e4. Vasemmisto on keskittynyt ainoastaan kritisoimaan lainapakettien ehtoja. Lainapaketteja itsess\u00e4\u00e4n ei vastusteta, vaikka on tiedossa, ett\u00e4 niill\u00e4 tuetaan p\u00e4\u00e4asiassa saksalaisia pankkeja ja kurjistetaan tavallisia kreikkalaisia jotka eiv\u00e4t heille hy\u00f6dytt\u00f6mi\u00e4 ja tuhoisia lainapaketteja ole pyyt\u00e4neet. Lainapakettien ehtoja sen sijaan kritisoidaan ja arvostellaan hyvinkin syv\u00e4llisesti. Arvokonservatiivit vastustavat lainapaketteja kokonaisuudessaan ja puhuvat \u201dlaiskoista kreikkalaisista\u201d, jotka saavat \u201dvastikkeetonta apua\u201d. Ei ole syyt\u00e4 l\u00e4hte\u00e4 oikeistopopulisti <span style=\"color: #0000ff;\"><a style=\"color: #0000ff;\" title=\"Nigel Faragen\" href=\"https:\/\/www.youtube.com\/watch?v=ai43B588_co\" target=\"_blank\">Nigel Faragen<\/a><\/span> tielle alentuvasti neuvomaan kreikkalaisia, kuinka heid\u00e4n tulisi toimia. Suomessa Vasemmisto voisi kuitenkin kantaa kortensa kekoon ja vastustaa Suomen osuutta lainapaketeissa sill\u00e4 perusteella, ettei haluta kurjistaa tavallisten kreikkalaisten el\u00e4m\u00e4\u00e4. Yleinen ilmapiiri on Suomessa niin kovasti lainapaketteja vastaan, ett\u00e4 siihen vasemmistolaisesti tarttumalla voisi saada laajankin kansanrintaman aikaiseksi.<\/p>\n","protected":false},"excerpt":{"rendered":"<p>22.8. j\u00e4rjestetty suurmielenosoitus onnistui mainiosti alusta loppuun. Leimausyrityksist\u00e4 huolimatta mielenosoituksen sanoma tuntui t\u00e4ll\u00e4 kertaa menev\u00e4n ainakin jollakin tapaa perille yh\u00e4 useammalle. V\u00e4lit\u00f6nt\u00e4 muutosta uusliberalistiseen politiikkaan sill\u00e4 tuskin saadaan, mutta t\u00e4m\u00e4 oli r\u00e4j\u00e4ht\u00e4v\u00e4 alku, er\u00e4\u00e4nlainen alkur\u00e4j\u00e4hdys tulevalle joukkoliikehdinn\u00e4lle peruskeskustaoikeiston kurjistuspolitiikkaa vastaan. Yh\u00e4 useampi on tyytym\u00e4t\u00f6n hallituspolitiikkaan ja tyytym\u00e4tt\u00f6myys tulee lis\u00e4\u00e4ntym\u00e4\u00e4n. Triohallitus suunnittelee jopa 10 miljardin leikkauksia,&hellip;<\/p>\n<p class=\"more-link-p\"><a class=\"more-link\" href=\"https:\/\/www.asukkaidenvantaa.fi\/?p=3526\">Lue lis\u00e4\u00e4 \u2192<\/a><\/p>\n","protected":false},"author":31004,"featured_media":0,"comment_status":"open","ping_status":"open","sticky":false,"template":"","format":"standard","meta":{"footnotes":""},"categories":[1],"tags":[],"class_list":["post-3526","post","type-post","status-publish","format-standard","hentry","category-uncategorized"],"_links":{"self":[{"href":"https:\/\/www.asukkaidenvantaa.fi\/index.php?rest_route=\/wp\/v2\/posts\/3526","targetHints":{"allow":["GET"]}}],"collection":[{"href":"https:\/\/www.asukkaidenvantaa.fi\/index.php?rest_route=\/wp\/v2\/posts"}],"about":[{"href":"https:\/\/www.asukkaidenvantaa.fi\/index.php?rest_route=\/wp\/v2\/types\/post"}],"author":[{"embeddable":true,"href":"https:\/\/www.asukkaidenvantaa.fi\/index.php?rest_route=\/wp\/v2\/users\/31004"}],"replies":[{"embeddable":true,"href":"https:\/\/www.asukkaidenvantaa.fi\/index.php?rest_route=%2Fwp%2Fv2%2Fcomments&post=3526"}],"version-history":[{"count":3,"href":"https:\/\/www.asukkaidenvantaa.fi\/index.php?rest_route=\/wp\/v2\/posts\/3526\/revisions"}],"predecessor-version":[{"id":3530,"href":"https:\/\/www.asukkaidenvantaa.fi\/index.php?rest_route=\/wp\/v2\/posts\/3526\/revisions\/3530"}],"wp:attachment":[{"href":"https:\/\/www.asukkaidenvantaa.fi\/index.php?rest_route=%2Fwp%2Fv2%2Fmedia&parent=3526"}],"wp:term":[{"taxonomy":"category","embeddable":true,"href":"https:\/\/www.asukkaidenvantaa.fi\/index.php?rest_route=%2Fwp%2Fv2%2Fcategories&post=3526"},{"taxonomy":"post_tag","embeddable":true,"href":"https:\/\/www.asukkaidenvantaa.fi\/index.php?rest_route=%2Fwp%2Fv2%2Ftags&post=3526"}],"curies":[{"name":"wp","href":"https:\/\/api.w.org\/{rel}","templated":true}]}}