{"id":3515,"date":"2015-08-23T14:08:50","date_gmt":"2015-08-23T14:08:50","guid":{"rendered":"http:\/\/www.asukkaidenvantaa.fi\/?p=3515"},"modified":"2015-08-23T14:08:50","modified_gmt":"2015-08-23T14:08:50","slug":"vantaalaiset-mukana-joukkovoima-mielenosoituksessa","status":"publish","type":"post","link":"https:\/\/www.asukkaidenvantaa.fi\/?p=3515","title":{"rendered":"Vantaalaiset mukana Joukkovoima mielenosoituksessa"},"content":{"rendered":"<p><strong>Tuhannet ihmiset kokoontuivat vastustamaan hallituksen leikkauspolitiikkaa<\/strong><\/p>\n<p>Hallituksen leikkauspolitiikka sai t\u00e4ystyrm\u00e4yksen Helsinkiin 22.8. kokoontuneelta massiiviselta kansalaisjoukolta. My\u00f6s Vantaalta ja pidemm\u00e4lt\u00e4kin tultiin vaatimaan leikkausten perumista. Joukkovoima mielenosoitus onnistui yli odotusten.<br \/>\n<div id=\"attachment_3516\" style=\"width: 710px\" class=\"wp-caption aligncenter\"><a href=\"\/wp-content\/uploads\/sites\/31\/2015\/08\/Joukkovoima-6-e1440317895983.jpg\"><img loading=\"lazy\" decoding=\"async\" aria-describedby=\"caption-attachment-3516\" src=\"\/wp-content\/uploads\/sites\/31\/2015\/08\/Joukkovoima-6-e1440317895983.jpg\" alt=\"Massat valmistautuvat marssille l\u00e4ht\u00f6\u00f6n Kaisaniemen puistossa.\" width=\"700\" height=\"525\" class=\"size-full wp-image-3516\" \/><\/a><p id=\"caption-attachment-3516\" class=\"wp-caption-text\">Massat valmistautuvat marssille l\u00e4ht\u00f6\u00f6n Kaisaniemen puistossa.<\/p><\/div>\n<p>Kaunis ja l\u00e4mmin s\u00e4\u00e4, hieno tunnelma, p\u00e4\u00e4tt\u00e4v\u00e4inen, iloinen ja yhteenkuuluvaisuuden tunnelma, kuljettivat valtavan pitk\u00e4\u00e4 kulkuetta. Rytmikk\u00e4\u00e4t huudot, kuten: Stub, Soini, Sipil\u00e4 , emme antaudu ikin\u00e4, kajahtivat kuuluvasti Helsingin keskustan kaduilla.<\/p>\n<div id=\"attachment_3519\" style=\"width: 710px\" class=\"wp-caption aligncenter\"><a href=\"\/wp-content\/uploads\/sites\/31\/2015\/08\/Joukkvoima-5-e1440337324846.jpg\"><img loading=\"lazy\" decoding=\"async\" aria-describedby=\"caption-attachment-3519\" src=\"\/wp-content\/uploads\/sites\/31\/2015\/08\/Joukkvoima-5-e1440337324846.jpg\" alt=\"Joukkovoimalaiset istahtivat kadulle 15:sta minuutiksi mitatakseen mink\u00e4 pituinen on p\u00e4\u00e4ministeri Sipil\u00e4n tarjoama p\u00e4ivitt\u00e4inen ty\u00f6ajan pidennys.\" width=\"700\" height=\"525\" class=\"size-full wp-image-3519\" \/><\/a><p id=\"caption-attachment-3519\" class=\"wp-caption-text\">Joukkovoimalaiset istahtivat kadulle 15.sta minuutiksi mitatakseen mink\u00e4 pituinen on p\u00e4\u00e4ministeri Sipil\u00e4n tarjoama p\u00e4ivitt\u00e4inen ty\u00f6ajan pidennys.<\/p><\/div>\n<p>Joukkovoima marssi halki Helsingin keskustan Kaisaniemenpuistosta Hakaniemen torille. Kulkue starttasi klo 15 ja viimeiset marssijat saapuivat juuri ennen klo 17 Hakaniemeen.<br \/>\nHakaniemen torilla kuultiin lyhyit\u00e4 puheenvuoroja ja esiintyjin\u00e4 n\u00e4htiin ja kuultiin Palefacea ja Pertti Kurikan Nimip\u00e4iv\u00e4t yhtyett\u00e4.<\/p>\n<p>Yleinen ja yht\u00e4l\u00e4inen viesti hallitukselle oli: Leikkaamalla ei Suomen taloutta saada kuntoon.<\/p>\n<div id=\"attachment_3521\" style=\"width: 806px\" class=\"wp-caption aligncenter\"><a href=\"\/wp-content\/uploads\/sites\/31\/2015\/08\/Joukkovoima-1-e1440338276816.jpg\"><img loading=\"lazy\" decoding=\"async\" aria-describedby=\"caption-attachment-3521\" src=\"\/wp-content\/uploads\/sites\/31\/2015\/08\/Joukkovoima-1-e1440338276816.jpg\" alt=\"Hakaniemen tori t\u00e4yttyi Joukkovoimasta marssijoiden p\u00e4\u00e4sty\u00e4 perille.\" width=\"796\" height=\"490\" class=\"size-full wp-image-3521\" \/><\/a><p id=\"caption-attachment-3521\" class=\"wp-caption-text\">Hakaniemen tori t\u00e4yttyi Joukkovoimasta marssijoiden p\u00e4\u00e4sty\u00e4 perille.<\/p><\/div>\n","protected":false},"excerpt":{"rendered":"<p>Tuhannet ihmiset kokoontuivat vastustamaan hallituksen leikkauspolitiikkaa Hallituksen leikkauspolitiikka sai t\u00e4ystyrm\u00e4yksen Helsinkiin 22.8. kokoontuneelta massiiviselta kansalaisjoukolta. My\u00f6s Vantaalta ja pidemm\u00e4lt\u00e4kin tultiin vaatimaan leikkausten perumista. Joukkovoima mielenosoitus onnistui yli odotusten. Kaunis ja l\u00e4mmin s\u00e4\u00e4, hieno tunnelma, p\u00e4\u00e4tt\u00e4v\u00e4inen, iloinen ja yhteenkuuluvaisuuden tunnelma, kuljettivat valtavan pitk\u00e4\u00e4 kulkuetta. Rytmikk\u00e4\u00e4t huudot, kuten: Stub, Soini, Sipil\u00e4 , emme antaudu ikin\u00e4, kajahtivat kuuluvasti&hellip;<\/p>\n<p class=\"more-link-p\"><a class=\"more-link\" href=\"https:\/\/www.asukkaidenvantaa.fi\/?p=3515\">Lue lis\u00e4\u00e4 \u2192<\/a><\/p>\n","protected":false},"author":5003,"featured_media":3516,"comment_status":"open","ping_status":"open","sticky":false,"template":"","format":"standard","meta":{"footnotes":""},"categories":[355],"tags":[],"class_list":["post-3515","post","type-post","status-publish","format-standard","has-post-thumbnail","hentry","category-ajankohtaisia"],"_links":{"self":[{"href":"https:\/\/www.asukkaidenvantaa.fi\/index.php?rest_route=\/wp\/v2\/posts\/3515","targetHints":{"allow":["GET"]}}],"collection":[{"href":"https:\/\/www.asukkaidenvantaa.fi\/index.php?rest_route=\/wp\/v2\/posts"}],"about":[{"href":"https:\/\/www.asukkaidenvantaa.fi\/index.php?rest_route=\/wp\/v2\/types\/post"}],"author":[{"embeddable":true,"href":"https:\/\/www.asukkaidenvantaa.fi\/index.php?rest_route=\/wp\/v2\/users\/5003"}],"replies":[{"embeddable":true,"href":"https:\/\/www.asukkaidenvantaa.fi\/index.php?rest_route=%2Fwp%2Fv2%2Fcomments&post=3515"}],"version-history":[{"count":6,"href":"https:\/\/www.asukkaidenvantaa.fi\/index.php?rest_route=\/wp\/v2\/posts\/3515\/revisions"}],"predecessor-version":[{"id":3524,"href":"https:\/\/www.asukkaidenvantaa.fi\/index.php?rest_route=\/wp\/v2\/posts\/3515\/revisions\/3524"}],"wp:featuredmedia":[{"embeddable":true,"href":"https:\/\/www.asukkaidenvantaa.fi\/index.php?rest_route=\/wp\/v2\/media\/3516"}],"wp:attachment":[{"href":"https:\/\/www.asukkaidenvantaa.fi\/index.php?rest_route=%2Fwp%2Fv2%2Fmedia&parent=3515"}],"wp:term":[{"taxonomy":"category","embeddable":true,"href":"https:\/\/www.asukkaidenvantaa.fi\/index.php?rest_route=%2Fwp%2Fv2%2Fcategories&post=3515"},{"taxonomy":"post_tag","embeddable":true,"href":"https:\/\/www.asukkaidenvantaa.fi\/index.php?rest_route=%2Fwp%2Fv2%2Ftags&post=3515"}],"curies":[{"name":"wp","href":"https:\/\/api.w.org\/{rel}","templated":true}]}}