{"id":3509,"date":"2015-08-17T16:19:44","date_gmt":"2015-08-17T16:19:44","guid":{"rendered":"http:\/\/www.asukkaidenvantaa.fi\/?p=3509"},"modified":"2015-08-17T16:19:44","modified_gmt":"2015-08-17T16:19:44","slug":"monikulttuurisuuskeskustelusta","status":"publish","type":"post","link":"https:\/\/www.asukkaidenvantaa.fi\/?p=3509","title":{"rendered":"Monikulttuurisuuskeskustelusta"},"content":{"rendered":"<p><span style=\"font-family: 'Times New Roman','serif'; font-size: 12pt;\"><span style=\"color: #000000;\">Suomessa &#8211; varsinkin sosiaalisessa mediassa &#8211; on keskusteltu vilkkaasti monikulttuurisuudesta, ja some on ollut sakeana syyt\u00f6ksist\u00e4 puolesta ja vastaan. Nimittelyt rasisti, fasisti, natsi sek\u00e4 erilaiset muunnelmat puna-viher-pipert\u00e4jist\u00e4 ja muista maailmanparantajista ovat olleet k\u00e4yt\u00f6ss\u00e4. Asiallisesta keskustelusta eri tahojen maahanmuuttopoliittisista linjauksista tai suhtautumisesta monikulttuurisuuteen ei ole ollut kysymys. T\u00e4ll\u00e4 hetkell\u00e4 on k\u00e4ynniss\u00e4 tunnetun historian suurin kansainvaellus, ja monet pelk\u00e4\u00e4v\u00e4t oman asemansa puolesta. <\/span><\/span><\/p>\n<p><span style=\"font-family: 'Times New Roman','serif'; font-size: 12pt;\"><span style=\"color: #000000;\">Asiaa voisi psykologisoida ja l\u00e4hte\u00e4 pohdiskelemaan kansan itsetunnon kest\u00e4vyytt\u00e4 tai vaihtoehtoisesti taipumusta ksenofobiaan eli vierauden ja toiseuden pelkoon. <\/span><\/span><\/p>\n<p><span style=\"font-family: 'Times New Roman','serif'; font-size: 12pt;\"><span style=\"color: #000000;\">Raadollisempi selitysmalli voisi l\u00e4hte\u00e4 tulonjakopolitiikan v\u00e4\u00e4ristymist\u00e4. T\u00e4m\u00e4n v\u00e4\u00e4ristym\u00e4n juuret ovat uusliberalistisessa talousfilosofiassa. Kaiken toiminnan ainoana kannustimena on aina ja kaikessa maksimaalinen voitto. Rajattoman kasvun, vapaan kilpailun ja ainaisen pudotuspelin seurauksena on k\u00e4ynniss\u00e4 jatkuva kaikkien sota kaikkia vastaan, ja kaikkien maailman k\u00f6yhien globaali eloonj\u00e4\u00e4mistaistelu. Rintamalinja etel\u00e4isen ja pohjoisen pallonpuoliskon v\u00e4lill\u00e4 on t\u00e4ll\u00e4 hetkell\u00e4 paikannettavissa V\u00e4limeren alueelle. <\/span><\/span><\/p>\n<p><span style=\"font-family: 'Times New Roman','serif'; font-size: 12pt;\"><span style=\"color: #000000;\">\u00a0<\/span><\/span><\/p>\n<p><span style=\"font-family: 'Times New Roman','serif'; font-size: 12pt;\"><span style=\"color: #000000;\">Euroopan Unioni on monille afrikkalaisille kangastuksenomainen toiviomaa, jossa ty\u00f6t\u00e4 ja toimeentuloa riitt\u00e4\u00e4 kotiin l\u00e4hetett\u00e4v\u00e4ksi asti. EU on kuitenkin kovalle talousliberalismille perustuva \u201dl\u00e4ntinen arvoyhteis\u00f6\u201d, joka pystyy hyvin tuottamaan k\u00f6yhi\u00e4 &#8211; jopa yli omaan tarpeensa. Uusliberalistinen talouspolitiikka on johtanut tulonjaon v\u00e4\u00e4ristymiin niin kansallisvaltioiden sis\u00e4ll\u00e4 kuin Euroopan ja koko maapallon mitassa. K\u00f6yh\u00e4t on pakotettu taistelemaan rikkaiden p\u00f6ydilt\u00e4 varisevista murusista. T\u00e4m\u00e4 on friedmanilaisen uusliberalistisen talousfilosofian perusajatus.<\/span><\/span><\/p>\n<p><span style=\"font-family: 'Times New Roman','serif'; font-size: 12pt;\"><span style=\"color: #000000;\">\u00a0<\/span><\/span><\/p>\n<p><span style=\"font-family: 'Times New Roman','serif'; font-size: 12pt;\"><span style=\"color: #000000;\">Suomen hallitus aikoo ohjelmansa mukaan leikata maamme kehitysyhteisty\u00f6m\u00e4\u00e4r\u00e4rahoja ja s\u00e4\u00e4st\u00e4\u00e4 n\u00e4in 300 miljoonaa euroa. Se otetaan maailman k\u00f6yhimmilt\u00e4. T\u00e4m\u00e4 globaalin tulonjaon \u201doikaisu\u201d merkitsee hengenpitimen riist\u00e4mist\u00e4 jopa miljoonilta lapsilta. Mahdollisesti &#8211; jopa todenn\u00e4k\u00f6isesti &#8211; tulevia V\u00e4li- tai jonkun muun meren venepakolaisia hekin. <\/span><\/span><\/p>\n<p><span style=\"font-family: 'Times New Roman','serif'; font-size: 12pt;\"><span style=\"color: #000000;\">\u00a0<\/span><\/span><\/p>\n<p><span style=\"font-family: 'Times New Roman','serif'; font-size: 12pt;\"><span style=\"color: #000000;\">J\u00e4ljelle j\u00e4\u00e4v\u00e4st\u00e4 kehitysyhteisty\u00f6n m\u00e4\u00e4r\u00e4rahasta iso siivu korvamerkit\u00e4\u00e4n suomalaisen teollisuuden investointitukeen alikehittyneisiin maihin. N\u00e4in avautuu suomalaisellekin p\u00e4\u00e4omalle v\u00e4yl\u00e4 halvan ty\u00f6voiman ja ilmaisten raaka-aineiden l\u00e4hteille. Sinne investoineet yritykset eiv\u00e4t maksa veroja, eik\u00e4 voitontavoittelumieless\u00e4 laajentavan yrityksen strategiaan kuulu pyrkimyst\u00e4 saada paikallinen v\u00e4est\u00f6 auttamaan itse itse\u00e4\u00e4n, mik\u00e4 perinteisell\u00e4 kehitysavulla kaikkine puutteineenkin on aina ollut periaatteena.<\/span><\/span><\/p>\n<p><span style=\"font-family: 'Times New Roman','serif'; font-size: 12pt;\"><span style=\"color: #000000;\">\u00a0<\/span><\/span><\/p>\n<p><span style=\"font-family: 'Times New Roman','serif'; font-size: 12pt;\"><span style=\"color: #000000;\">On vaikea l\u00f6yt\u00e4\u00e4 logiikkaa ajattelusta, jossa vaaditaan kehitysavun suhteellisen roimaa leikkaamista ja samalla vaaditaan rajojen sulkemista juuri niilt\u00e4, joita n\u00e4ill\u00e4 kehy-rahoilla on yritetty auttaa heid\u00e4n kotimaissaan.<\/span><\/span><\/p>\n<p><span style=\"font-family: 'Times New Roman','serif'; font-size: 12pt;\"><span style=\"color: #000000;\">Eurooppalainen oikeistopopulismi, maahanmuuttoon ja monikulttuurisuuteen kielteisesti suhtautuva ajatussuunta ammentaa kannatuksensa t\u00e4st\u00e4 rikkaiden kukkuraisten p\u00f6ytien alla k\u00e4yt\u00e4v\u00e4st\u00e4 murusienjakotaistelusta.<\/span><\/span><\/p>\n<p><span style=\"font-family: 'Times New Roman','serif'; font-size: 12pt;\"><span style=\"color: #000000;\">Unto Nikula<\/span><\/span><\/p>\n<p>&nbsp;<\/p>\n","protected":false},"excerpt":{"rendered":"<p>Suomessa &#8211; varsinkin sosiaalisessa mediassa &#8211; on keskusteltu vilkkaasti monikulttuurisuudesta, ja some on ollut sakeana syyt\u00f6ksist\u00e4 puolesta ja vastaan. Nimittelyt rasisti, fasisti, natsi sek\u00e4 erilaiset muunnelmat puna-viher-pipert\u00e4jist\u00e4 ja muista maailmanparantajista ovat olleet k\u00e4yt\u00f6ss\u00e4. Asiallisesta keskustelusta eri tahojen maahanmuuttopoliittisista linjauksista tai suhtautumisesta monikulttuurisuuteen ei ole ollut kysymys. T\u00e4ll\u00e4 hetkell\u00e4 on k\u00e4ynniss\u00e4 tunnetun historian suurin kansainvaellus, ja&hellip;<\/p>\n<p class=\"more-link-p\"><a class=\"more-link\" href=\"https:\/\/www.asukkaidenvantaa.fi\/?p=3509\">Lue lis\u00e4\u00e4 \u2192<\/a><\/p>\n","protected":false},"author":5006,"featured_media":0,"comment_status":"open","ping_status":"open","sticky":false,"template":"","format":"standard","meta":{"footnotes":""},"categories":[1],"tags":[],"class_list":["post-3509","post","type-post","status-publish","format-standard","hentry","category-uncategorized"],"_links":{"self":[{"href":"https:\/\/www.asukkaidenvantaa.fi\/index.php?rest_route=\/wp\/v2\/posts\/3509","targetHints":{"allow":["GET"]}}],"collection":[{"href":"https:\/\/www.asukkaidenvantaa.fi\/index.php?rest_route=\/wp\/v2\/posts"}],"about":[{"href":"https:\/\/www.asukkaidenvantaa.fi\/index.php?rest_route=\/wp\/v2\/types\/post"}],"author":[{"embeddable":true,"href":"https:\/\/www.asukkaidenvantaa.fi\/index.php?rest_route=\/wp\/v2\/users\/5006"}],"replies":[{"embeddable":true,"href":"https:\/\/www.asukkaidenvantaa.fi\/index.php?rest_route=%2Fwp%2Fv2%2Fcomments&post=3509"}],"version-history":[{"count":1,"href":"https:\/\/www.asukkaidenvantaa.fi\/index.php?rest_route=\/wp\/v2\/posts\/3509\/revisions"}],"predecessor-version":[{"id":3510,"href":"https:\/\/www.asukkaidenvantaa.fi\/index.php?rest_route=\/wp\/v2\/posts\/3509\/revisions\/3510"}],"wp:attachment":[{"href":"https:\/\/www.asukkaidenvantaa.fi\/index.php?rest_route=%2Fwp%2Fv2%2Fmedia&parent=3509"}],"wp:term":[{"taxonomy":"category","embeddable":true,"href":"https:\/\/www.asukkaidenvantaa.fi\/index.php?rest_route=%2Fwp%2Fv2%2Fcategories&post=3509"},{"taxonomy":"post_tag","embeddable":true,"href":"https:\/\/www.asukkaidenvantaa.fi\/index.php?rest_route=%2Fwp%2Fv2%2Ftags&post=3509"}],"curies":[{"name":"wp","href":"https:\/\/api.w.org\/{rel}","templated":true}]}}