{"id":3491,"date":"2015-08-10T14:25:28","date_gmt":"2015-08-10T14:25:28","guid":{"rendered":"http:\/\/www.asukkaidenvantaa.fi\/?p=3491"},"modified":"2015-08-10T14:33:55","modified_gmt":"2015-08-10T14:33:55","slug":"vantaan-bussilinjasto-uusittiin","status":"publish","type":"post","link":"https:\/\/www.asukkaidenvantaa.fi\/?p=3491","title":{"rendered":"Vantaan bussilinjasto uusittiin"},"content":{"rendered":"<p>Vantaan bussilinjasto uusittiin 10.8. merkitt\u00e4v\u00e4sti.\u00a0Vantaalla liikenn\u00f6iv\u00e4t HSL:n\u00a0linja-autot saivat kolminumeroiset luvut. Uuden opettelemisessa menee jonkin aikaa. Joitakin uudistus saattaa hy\u00f6dytt\u00e4\u00e4, toisten arkeen uudistus ei kenties vaikuta juuri mill\u00e4\u00e4n lailla. Uudistus vaikuttaa kuitenkin haittaavan varsin monen kulkijan arkea. Bussireittej\u00e4 on muutettu ja joitakin linjoja on lakkautettu kokonaan. Vaarana onkin alueiden eriarvoistuminen.<\/p>\n<p>Hein\u00e4kuussa avattuun Keh\u00e4rataan on laitettu paljon rahaa. 10.8 alkaneella joukkoliikenneuudistuksella halutaankin varmistaa, ett\u00e4 Keh\u00e4rataa my\u00f6s k\u00e4ytet\u00e4\u00e4n (paitsi aamuy\u00f6ll\u00e4, noin 02-04 v\u00e4lill\u00e4, jolloin juna ei kulje). T\u00e4h\u00e4n saa tottua my\u00f6s keh\u00e4radan varsinainen kohderyhm\u00e4, lentoasemalle matkustavat. Vanha tuttu lentokentt\u00e4bussi 61 muuntautuu numeroksi 562 (toisin sanoen 61 ja\u00a062 palaavat j\u00e4lleen yhteen joidenkin vuosien erossa olon j\u00e4lkeen). 562 ajaa Aviapolikselle asti, josta lentoasemalle haluavien on vaihdettava junaan.<\/p>\n<p>Silmiin on my\u00f6s pist\u00e4nyt vihakirjoittelu niin sanottuja &#8221;h\u00e4iri\u00f6k\u00e4ytt\u00e4ytyji\u00e4&#8221; kohtaan, joita Keh\u00e4radan pel\u00e4t\u00e4\u00e4n tuovan tullessaan. <span style=\"color: #0000ff;\"><a style=\"color: #0000ff;\" title=\"Vuonna 2013 Helsingin Sanomissa\" href=\"http:\/\/www.hs.fi\/kaupunki\/a1305650153039\" target=\"_blank\">Vuonna 2013 Helsingin Sanomissa<\/a><\/span> uutisoitiin, kuinka vaarana on, ett\u00e4 asunnottomat k\u00e4visiv\u00e4t lentoasemalla y\u00f6pym\u00e4ss\u00e4. <span style=\"color: #0000ff;\"><a style=\"color: #0000ff;\" title=\"Vuonna 2014\" href=\"http:\/\/www.vantaansanomat.fi\/artikkeli\/246313-keharata-uhkaa-tuoda-hairikot-lentoasemalle\" target=\"_blank\">Vuonna 2014<\/a><\/span> oltiin huolissaan \u201dh\u00e4irik\u00f6ist\u00e4\u201d ja kerj\u00e4l\u00e4isist\u00e4. <span style=\"color: #0000ff;\"><a style=\"color: #0000ff;\" title=\"Kes\u00e4kuuhun 2015 tultaessa\" href=\"http:\/\/www.vantaansanomat.fi\/artikkeli\/297820-poliisi-varautuu-keharadan-aukeamiseen-tulee-aiheuttamaan-haasteita\" target=\"_blank\">Kes\u00e4kuuhun 2015 tultaessa<\/a><\/span> uhkatasoa oli jo hieman laskettu. On aina \u00e4lyllisesti helpompaa mietti\u00e4, kuinka suojautua eri-arvoisuudesta ja oleskelupaikkojen puutteesta johtuvaa liikkuvuutta ja levottomuutta vastaan. Poissa silmist\u00e4, poissa mielest\u00e4.<\/p>\n<p>Uudistuksesta tullaan viel\u00e4 puhumaan. Toivotaan, ett\u00e4 tullaan puhumaan my\u00f6s siit\u00e4, onko Keh\u00e4rata suunniteltu vain tietynlaiselle tulotasolle. Uskotaan ja toivotaan, ett\u00e4 ei. Uskotaan my\u00f6s kaikesta huolimatta, ett\u00e4 asukkaita kuunnellaan ja linjoja tullaan viel\u00e4 rukkaamaan. <span style=\"color: #0000ff;\"><a style=\"color: #0000ff;\" title=\"HSL liikutti meit\u00e4 taannoin tarinakampanjallaan\" href=\"https:\/\/www.hsl.fi\/uutiset\/2012\/hsl-liikuttaa-meita-kaikkia-kampanja-sai-kultaa-outdoor-champions-2011-kilpailussa-2566\" target=\"_blank\">HSL liikutti meit\u00e4 taannoin tarinakampanjallaan<\/a><\/span>. Toivottavasti vantaalaisten <span style=\"color: #0000ff;\"><a style=\"color: #0000ff;\" title=\"palautekampanja\" href=\"http:\/\/www.adressit.com\/adressi_sailytettavien_bussilinjojen_puolesta\" target=\"_blank\">palautekampanja<\/a><\/span> liikuttaa HSL:\u00e4\u00e4.<\/p>\n","protected":false},"excerpt":{"rendered":"<p>Vantaan bussilinjasto uusittiin 10.8. merkitt\u00e4v\u00e4sti.\u00a0Vantaalla liikenn\u00f6iv\u00e4t HSL:n\u00a0linja-autot saivat kolminumeroiset luvut. Uuden opettelemisessa menee jonkin aikaa. Joitakin uudistus saattaa hy\u00f6dytt\u00e4\u00e4, toisten arkeen uudistus ei kenties vaikuta juuri mill\u00e4\u00e4n lailla. Uudistus vaikuttaa kuitenkin haittaavan varsin monen kulkijan arkea. Bussireittej\u00e4 on muutettu ja joitakin linjoja on lakkautettu kokonaan. Vaarana onkin alueiden eriarvoistuminen. Hein\u00e4kuussa avattuun Keh\u00e4rataan on laitettu paljon&hellip;<\/p>\n<p class=\"more-link-p\"><a class=\"more-link\" href=\"https:\/\/www.asukkaidenvantaa.fi\/?p=3491\">Lue lis\u00e4\u00e4 \u2192<\/a><\/p>\n","protected":false},"author":31004,"featured_media":0,"comment_status":"open","ping_status":"open","sticky":false,"template":"","format":"standard","meta":{"footnotes":""},"categories":[1],"tags":[424,360],"class_list":["post-3491","post","type-post","status-publish","format-standard","hentry","category-uncategorized","tag-hsl","tag-keharata"],"_links":{"self":[{"href":"https:\/\/www.asukkaidenvantaa.fi\/index.php?rest_route=\/wp\/v2\/posts\/3491","targetHints":{"allow":["GET"]}}],"collection":[{"href":"https:\/\/www.asukkaidenvantaa.fi\/index.php?rest_route=\/wp\/v2\/posts"}],"about":[{"href":"https:\/\/www.asukkaidenvantaa.fi\/index.php?rest_route=\/wp\/v2\/types\/post"}],"author":[{"embeddable":true,"href":"https:\/\/www.asukkaidenvantaa.fi\/index.php?rest_route=\/wp\/v2\/users\/31004"}],"replies":[{"embeddable":true,"href":"https:\/\/www.asukkaidenvantaa.fi\/index.php?rest_route=%2Fwp%2Fv2%2Fcomments&post=3491"}],"version-history":[{"count":4,"href":"https:\/\/www.asukkaidenvantaa.fi\/index.php?rest_route=\/wp\/v2\/posts\/3491\/revisions"}],"predecessor-version":[{"id":3496,"href":"https:\/\/www.asukkaidenvantaa.fi\/index.php?rest_route=\/wp\/v2\/posts\/3491\/revisions\/3496"}],"wp:attachment":[{"href":"https:\/\/www.asukkaidenvantaa.fi\/index.php?rest_route=%2Fwp%2Fv2%2Fmedia&parent=3491"}],"wp:term":[{"taxonomy":"category","embeddable":true,"href":"https:\/\/www.asukkaidenvantaa.fi\/index.php?rest_route=%2Fwp%2Fv2%2Fcategories&post=3491"},{"taxonomy":"post_tag","embeddable":true,"href":"https:\/\/www.asukkaidenvantaa.fi\/index.php?rest_route=%2Fwp%2Fv2%2Ftags&post=3491"}],"curies":[{"name":"wp","href":"https:\/\/api.w.org\/{rel}","templated":true}]}}