{"id":3475,"date":"2015-08-06T19:36:53","date_gmt":"2015-08-06T19:36:53","guid":{"rendered":"http:\/\/www.asukkaidenvantaa.fi\/?p=3475"},"modified":"2015-08-06T19:36:53","modified_gmt":"2015-08-06T19:36:53","slug":"ei-ydinsodalle-ei-enaa-hiroshimaa","status":"publish","type":"post","link":"https:\/\/www.asukkaidenvantaa.fi\/?p=3475","title":{"rendered":"Ei ydinsodalle, ei en\u00e4\u00e4 Hiroshimaa"},"content":{"rendered":"<p><strong>Vantaan Rauhanpuolustajien j\u00e4rjest\u00e4m\u00e4\u00e4n Hiroshiman atomipommin uhrien muistotilaisuudessa kunnioitettiin uhreja ja katsottiin eteenp\u00e4in.<\/strong><\/p>\n<p>Veinin myllylle oli kokoontunut v\u00e4ke\u00e4 enemm\u00e4n kuin katsomoon mahtui. Kaunis ilta suosi perusvireelt\u00e4\u00e4n harrasta tilaisuutta. Mutta my\u00f6s mahdollisuuksia parempaan n\u00e4htiin.<\/p>\n<div id=\"attachment_3476\" style=\"width: 710px\" class=\"wp-caption aligncenter\"><a href=\"\/wp-content\/uploads\/sites\/31\/2015\/08\/20150806_180632-e1438881819687.jpg\"><img loading=\"lazy\" decoding=\"async\" aria-describedby=\"caption-attachment-3476\" class=\"size-full wp-image-3476\" src=\"\/wp-content\/uploads\/sites\/31\/2015\/08\/20150806_180632-e1438881819687.jpg\" alt=\"Runsas joukko ydinsodan vastustajia kokoontui Hiroshiman atopommituksen 70-vuotis muistotilaisuuteen Veinin myllyll\u00e4 6.8.\" width=\"700\" height=\"525\" \/><\/a><p id=\"caption-attachment-3476\" class=\"wp-caption-text\">Runsas joukko ydinsodan vastustajia kokoontui Hiroshiman atomipommituksen 70-vuotis muistotilaisuuteen Veinin myllyll\u00e4 6.8.<\/p><\/div>\n<p>Tilaisuudessa puhunut Rauhanliiton toiminnanjohtaja Laura Lodenius n\u00e4ki ydinaseiden riisumisen vaikeaksi mutta ei mahdottomaksi teht\u00e4v\u00e4ksi.<br \/>\nEsimerkkin\u00e4 my\u00f6nteisest\u00e4 kehityksest\u00e4 Lodenius mainitsi Iranin ydinsopimuksen, jolla Iran sitoutuu ydinvoiman rauhanomaiseen k\u00e4ytt\u00f6\u00f6n ja luopuu tavoittemasta ydinasetta.<br \/>\nPuhuja heitti haasteen my\u00f6s vantaalaiselle yleis\u00f6lle: Haastakaa Vantaan kaupunginjohtaja ja Vantaan kaupunki yhtym\u00e4\u00e4n Hiroshoman ja Nagasakin kaupunginjohtajien aloitteeseen liitty\u00e4 ydinsodan vastaisten kaupunkien verkostoon.<\/p>\n<div id=\"attachment_3479\" style=\"width: 260px\" class=\"wp-caption alignright\"><a href=\"\/wp-content\/uploads\/sites\/31\/2015\/08\/20150806_180927-e1438887340908.jpg\"><img loading=\"lazy\" decoding=\"async\" aria-describedby=\"caption-attachment-3479\" class=\"size-full wp-image-3479\" src=\"\/wp-content\/uploads\/sites\/31\/2015\/08\/20150806_180927-e1438887340908.jpg\" alt=\"P\u00e4iv\u00e4n teemaa k\u00e4sitteli Rauhanliiton toiminnanjohtaja Laura Lodenius puheessaan.\" width=\"250\" height=\"333\" \/><\/a><p id=\"caption-attachment-3479\" class=\"wp-caption-text\">P\u00e4iv\u00e4n teemaa k\u00e4sitteli Rauhanliiton toiminnanjohtaja Laura Lodenius puheessaan<\/p><\/div>\n<p>&nbsp;<\/p>\n<p>&nbsp;<\/p>\n<div id=\"attachment_3481\" style=\"width: 343px\" class=\"wp-caption alignleft\"><a href=\"\/wp-content\/uploads\/sites\/31\/2015\/08\/P1030008-e1438887398398.jpg\"><img loading=\"lazy\" decoding=\"async\" aria-describedby=\"caption-attachment-3481\" class=\"size-full wp-image-3481\" src=\"\/wp-content\/uploads\/sites\/31\/2015\/08\/P1030008-e1438887398398.jpg\" alt=\"Vantaan Rauhanpuolustajien puheenjohtaja Juha Kovanen toivotti yleis\u00f6n tervetulleeksi.\" width=\"333\" height=\"250\" \/><\/a><p id=\"caption-attachment-3481\" class=\"wp-caption-text\">Vantaan Rauhanpuolustajien puheenjohtaja Juha Kovanen toivotti yleis\u00f6n tervetulleeksi.<\/p><\/div>\n<p>L<\/p>\n<div id=\"attachment_3485\" style=\"width: 710px\" class=\"wp-caption aligncenter\"><a href=\"\/wp-content\/uploads\/sites\/31\/2015\/08\/Koiton-Laulu-e1438888945673.jpg\"><img loading=\"lazy\" decoding=\"async\" aria-describedby=\"caption-attachment-3485\" class=\"size-full wp-image-3485\" src=\"\/wp-content\/uploads\/sites\/31\/2015\/08\/Koiton-Laulu-e1438888945673.jpg\" alt=\"Tilaisuudessa esiintyi Koiton Laulu.\" width=\"700\" height=\"451\" \/><\/a><p id=\"caption-attachment-3485\" class=\"wp-caption-text\">Tilaisuudessa esiintyi Koiton Laulu.<\/p><\/div>\n<div id=\"attachment_3486\" style=\"width: 710px\" class=\"wp-caption aligncenter\"><a href=\"\/wp-content\/uploads\/sites\/31\/2015\/08\/20150806_182503-e1438889338339.jpg\"><img loading=\"lazy\" decoding=\"async\" aria-describedby=\"caption-attachment-3486\" class=\"size-full wp-image-3486\" src=\"\/wp-content\/uploads\/sites\/31\/2015\/08\/20150806_182503-e1438889338339.jpg\" alt=\"Tilaisuuden lopuksi laskettiin Hiroshiman uhrien muistoksi kukkia Keravanjokeen.\" width=\"700\" height=\"525\" \/><\/a><p id=\"caption-attachment-3486\" class=\"wp-caption-text\">Tilaisuuden lopuksi laskettiin Hiroshiman uhrien muistoksi kukkia Keravanjokeen.<\/p><\/div>\n","protected":false},"excerpt":{"rendered":"<p>Vantaan Rauhanpuolustajien j\u00e4rjest\u00e4m\u00e4\u00e4n Hiroshiman atomipommin uhrien muistotilaisuudessa kunnioitettiin uhreja ja katsottiin eteenp\u00e4in. Veinin myllylle oli kokoontunut v\u00e4ke\u00e4 enemm\u00e4n kuin katsomoon mahtui. Kaunis ilta suosi perusvireelt\u00e4\u00e4n harrasta tilaisuutta. Mutta my\u00f6s mahdollisuuksia parempaan n\u00e4htiin. Tilaisuudessa puhunut Rauhanliiton toiminnanjohtaja Laura Lodenius n\u00e4ki ydinaseiden riisumisen vaikeaksi mutta ei mahdottomaksi teht\u00e4v\u00e4ksi. Esimerkkin\u00e4 my\u00f6nteisest\u00e4 kehityksest\u00e4 Lodenius mainitsi Iranin ydinsopimuksen, jolla Iran&hellip;<\/p>\n<p class=\"more-link-p\"><a class=\"more-link\" href=\"https:\/\/www.asukkaidenvantaa.fi\/?p=3475\">Lue lis\u00e4\u00e4 \u2192<\/a><\/p>\n","protected":false},"author":5003,"featured_media":0,"comment_status":"open","ping_status":"open","sticky":false,"template":"","format":"standard","meta":{"footnotes":""},"categories":[355],"tags":[80,79,423],"class_list":["post-3475","post","type-post","status-publish","format-standard","hentry","category-ajankohtaisia","tag-atomipommi","tag-hiroshima","tag-ydinase"],"_links":{"self":[{"href":"https:\/\/www.asukkaidenvantaa.fi\/index.php?rest_route=\/wp\/v2\/posts\/3475","targetHints":{"allow":["GET"]}}],"collection":[{"href":"https:\/\/www.asukkaidenvantaa.fi\/index.php?rest_route=\/wp\/v2\/posts"}],"about":[{"href":"https:\/\/www.asukkaidenvantaa.fi\/index.php?rest_route=\/wp\/v2\/types\/post"}],"author":[{"embeddable":true,"href":"https:\/\/www.asukkaidenvantaa.fi\/index.php?rest_route=\/wp\/v2\/users\/5003"}],"replies":[{"embeddable":true,"href":"https:\/\/www.asukkaidenvantaa.fi\/index.php?rest_route=%2Fwp%2Fv2%2Fcomments&post=3475"}],"version-history":[{"count":8,"href":"https:\/\/www.asukkaidenvantaa.fi\/index.php?rest_route=\/wp\/v2\/posts\/3475\/revisions"}],"predecessor-version":[{"id":3489,"href":"https:\/\/www.asukkaidenvantaa.fi\/index.php?rest_route=\/wp\/v2\/posts\/3475\/revisions\/3489"}],"wp:attachment":[{"href":"https:\/\/www.asukkaidenvantaa.fi\/index.php?rest_route=%2Fwp%2Fv2%2Fmedia&parent=3475"}],"wp:term":[{"taxonomy":"category","embeddable":true,"href":"https:\/\/www.asukkaidenvantaa.fi\/index.php?rest_route=%2Fwp%2Fv2%2Fcategories&post=3475"},{"taxonomy":"post_tag","embeddable":true,"href":"https:\/\/www.asukkaidenvantaa.fi\/index.php?rest_route=%2Fwp%2Fv2%2Ftags&post=3475"}],"curies":[{"name":"wp","href":"https:\/\/api.w.org\/{rel}","templated":true}]}}