{"id":3464,"date":"2015-08-02T09:01:17","date_gmt":"2015-08-02T09:01:17","guid":{"rendered":"http:\/\/www.asukkaidenvantaa.fi\/?p=3464"},"modified":"2015-08-02T09:01:17","modified_gmt":"2015-08-02T09:01:17","slug":"kaljakellunta-kiinnosti","status":"publish","type":"post","link":"https:\/\/www.asukkaidenvantaa.fi\/?p=3464","title":{"rendered":"Kaljakellunta kiinnosti"},"content":{"rendered":"<p><strong>Jos jonkinlaista kanoottia ja lauttaa laskettiin vesille Heurekan rannassa Tikkurilassa lauantaina elokuun ensimm\u00e4isen\u00e4. Oli alkamassa Helsinki\/Vantaan kaljakellunta.<\/strong><\/p>\n<p> Kaljakellunnasta on muodostamassa melkoinen villitys. Kellujia oli ilmeisesti tuhansia ja joen varelle oli ker\u00e4\u00e4ntynyt runsaasti kumiveneparaatin katselijoita, monet my\u00f6s kaljan kera kuivalla maalla.<br \/>\n Kaljakellunta on ilmi\u00f6na levi\u00e4m\u00e4ss\u00e4 ymp\u00e4ri maata, Keravanjoen roskaamisen lis\u00e4ksi kellutaan ainakin viidell\u00e4 muulla paikkakunnalla.<br \/>\n<div id=\"attachment_3465\" style=\"width: 710px\" class=\"wp-caption aligncenter\"><a href=\"\/wp-content\/uploads\/sites\/31\/2015\/08\/Kaljakellunta-2015-1-e1438503736932.jpg\"><img loading=\"lazy\" decoding=\"async\" aria-describedby=\"caption-attachment-3465\" src=\"\/wp-content\/uploads\/sites\/31\/2015\/08\/Kaljakellunta-2015-1-e1438503736932.jpg\" alt=\"Kiivaat valmistelut k\u00e4ynniss\u00e4, kumiveneit\u00e4 pumpattiin ennen vesille l\u00e4ht\u00f6\u00e4.\" width=\"700\" height=\"525\" class=\"size-full wp-image-3465\" <strong><p id=\"caption-attachment-3465\" class=\"wp-caption-text\">\/><\/a> Kiivaat valmistelut k\u00e4ynniss\u00e4, kumiveneit\u00e4 pumpattiin ennen vesille l\u00e4ht\u00f6\u00e4.<\/p><\/div>\n<strong>Roskaaminen puhuttaa<\/strong><br \/>\n N\u00e4inkin suuri osanottajoukko j\u00e4tt\u00e4\u00e4 my\u00f6s j\u00e4lkens\u00e4. Ja kaikki eiv\u00e4t suinkaan tunne vastuuta k\u00e4ytt\u00e4tymisest\u00e4\u00e4n, kalja ja kellunta riitt\u00e4v\u00e4t, j\u00e4tet\u00e4\u00e4n murheet muille.<br \/>\n Vantaan kaupunki, niinkuin Helsinkikin, jotuvat j\u00e4lkien siivoajiksi ja melkoisen laskun maksajaksi.<br \/>\n Kaljakellunnalla ei ole varsinaista j\u00e4rjest\u00e4j\u00e4\u00e4, kansa vaan kokoontuu sosiaalisen median, l\u00e4hinn\u00e4 Facebookin, v\u00e4lityksell\u00e4 huvittelemaan. Kaljakellunnalla on my\u00f6s omat nettisivut ohjeineen ja venemainoksineen. J\u00e4rjest\u00e4j\u00e4\u00e4 ei n\u00e4ilt\u00e4k\u00e4\u00e4n sivuilta l\u00f6ydy.<br \/>\n Se raham\u00e4\u00e4r\u00e4, puhutaan kymmenist\u00e4 tuhansista, joka kaupunki pakotetaan t\u00e4h\u00e4n satsamaan olisi useimmille tapahtumien j\u00e4rjest\u00e4jille mahdotonta saada kaupungilta avustuksena.<br \/>\n<div id=\"attachment_3467\" style=\"width: 710px\" class=\"wp-caption aligncenter\"><a href=\"\/wp-content\/uploads\/sites\/31\/2015\/08\/Kaljakellunta-2015-2-e1438504595965.jpg\"><img loading=\"lazy\" decoding=\"async\" aria-describedby=\"caption-attachment-3467\" src=\"\/wp-content\/uploads\/sites\/31\/2015\/08\/Kaljakellunta-2015-2-e1438504595965.jpg\" alt=\"Kaupungin toimesta kaljakellujille on toimtettu mm. roskalavoja, liikenteen ohjailuun on pystytetty betoniporsaita ja tapahtuman j\u00e4lkeen kaupungin puisto-osasto saa siivota j\u00e4ljet. T\u00e4m\u00e4 lysti maksaa kaupungin veronmaksajille kymmeni\u00e4 tuhansia euroja. Onko se sen arvoista, sit\u00e4 voi jokainen mietti\u00e4 tyk\u00f6n\u00e4ns\u00e4.\" width=\"700\" height=\"525\" class=\"size-full wp-image-3467\" \/><\/a><p id=\"caption-attachment-3467\" class=\"wp-caption-text\">Kaupungin toimesta kaljakellujille on toimtettu mm. roskalavoja, liikenteen ohjailuun on pystytetty betoniporsaita ja tapahtuman j\u00e4lkeen kaupungin puisto-osasto saa siivota j\u00e4ljet. T\u00e4m\u00e4 lysti maksaa kaupungin veronmaksajille kymmeni\u00e4 tuhansia euroja. Onko se sen arvoista, sit\u00e4 voi jokainen mietti\u00e4 tyk\u00f6n\u00e4ns\u00e4.<\/p><\/div>\nMonet olivat satsanneet melkoisesti kellukkeensa tuunailuun, se on my\u00f6nnett\u00e4v\u00e4. Monenlaista virityst\u00e4 oli, pienist\u00e4 kumiveneist\u00e4 melkoisiin lauttoihin.<br \/>\n<div id=\"attachment_3470\" style=\"width: 710px\" class=\"wp-caption aligncenter\"><a href=\"\/wp-content\/uploads\/sites\/31\/2015\/08\/Kaljakellunta-2015-4-e1438505092575.jpg\"><img loading=\"lazy\" decoding=\"async\" aria-describedby=\"caption-attachment-3470\" src=\"\/wp-content\/uploads\/sites\/31\/2015\/08\/Kaljakellunta-2015-4-e1438505092575.jpg\" alt=\"N\u00e4ill\u00e4 kaljakellujilla oli melkoinen ravintolalautta grilleineen. Monet olivat n\u00e4hneet kovastikin vaivaa oman kulkuv\u00e4lineen rakentelussa.\" width=\"700\" height=\"525\" class=\"size-full wp-image-3470\" \/><\/a><p id=\"caption-attachment-3470\" class=\"wp-caption-text\">N\u00e4ill\u00e4 kaljakellujilla oli melkoinen ravintolalautta grilleineen. Monet olivat n\u00e4hneet kovastikin vaivaa oman kulkuv\u00e4lineen rakentelussa.<\/p><\/div>\n<div id=\"attachment_3472\" style=\"width: 710px\" class=\"wp-caption aligncenter\"><a href=\"\/wp-content\/uploads\/sites\/31\/2015\/08\/Kaljakellunta-2015-3-e1438505749719.jpg\"><img loading=\"lazy\" decoding=\"async\" aria-describedby=\"caption-attachment-3472\" src=\"\/wp-content\/uploads\/sites\/31\/2015\/08\/Kaljakellunta-2015-3-e1438505749719.jpg\" alt=\"Kaljakellunta kiinnosti my\u00f6s maakrapuja, sillat olivat suosittuja katselupaikkoja.\" width=\"700\" height=\"525\" class=\"size-full wp-image-3472\" \/><\/a><p id=\"caption-attachment-3472\" class=\"wp-caption-text\">Kaljakellunta kiinnosti my\u00f6s maakrapuja, sillat olivat suosittuja katselupaikkoja.<\/p><\/div>\nSosiaalinen media on joskus tehokas saamaan ihmisi\u00e4 liikkeelle. Tosin kaljakellunnalla on jo vuosien taustaa. Esimerkiksi \u00e4skett\u00e4in j\u00e4rjestetty monikulttuurista Suomea puolustava mielenilmaus kutsuttiin koolle Facebookissa muutamassa p\u00e4iv\u00e4ss\u00e4 ja valtaisa joukko yli 10 000 ihmist\u00e4 kokoontui esimerkiksi Helsingiss\u00e4 mielenilmaukseen.<br \/>\nSeuraava suuri Facebookissa suurta suosiota saanut mielenilmaus on 22.8. j\u00e4rjestett\u00e4v\u00e4 : Joukkovoima hallituspolitiikkaa vastaan. Ryhm\u00e4n Facebook sivuilla on jo 6 500 j\u00e4sent\u00e4.<\/p>\n","protected":false},"excerpt":{"rendered":"<p>Jos jonkinlaista kanoottia ja lauttaa laskettiin vesille Heurekan rannassa Tikkurilassa lauantaina elokuun ensimm\u00e4isen\u00e4. Oli alkamassa Helsinki\/Vantaan kaljakellunta. Kaljakellunnasta on muodostamassa melkoinen villitys. Kellujia oli ilmeisesti tuhansia ja joen varelle oli ker\u00e4\u00e4ntynyt runsaasti kumiveneparaatin katselijoita, monet my\u00f6s kaljan kera kuivalla maalla. Kaljakellunta on ilmi\u00f6na levi\u00e4m\u00e4ss\u00e4 ymp\u00e4ri maata, Keravanjoen roskaamisen lis\u00e4ksi kellutaan ainakin viidell\u00e4 muulla paikkakunnalla. Roskaaminen&hellip;<\/p>\n<p class=\"more-link-p\"><a class=\"more-link\" href=\"https:\/\/www.asukkaidenvantaa.fi\/?p=3464\">Lue lis\u00e4\u00e4 \u2192<\/a><\/p>\n","protected":false},"author":5003,"featured_media":0,"comment_status":"open","ping_status":"open","sticky":false,"template":"","format":"standard","meta":{"footnotes":""},"categories":[355],"tags":[],"class_list":["post-3464","post","type-post","status-publish","format-standard","hentry","category-ajankohtaisia"],"_links":{"self":[{"href":"https:\/\/www.asukkaidenvantaa.fi\/index.php?rest_route=\/wp\/v2\/posts\/3464","targetHints":{"allow":["GET"]}}],"collection":[{"href":"https:\/\/www.asukkaidenvantaa.fi\/index.php?rest_route=\/wp\/v2\/posts"}],"about":[{"href":"https:\/\/www.asukkaidenvantaa.fi\/index.php?rest_route=\/wp\/v2\/types\/post"}],"author":[{"embeddable":true,"href":"https:\/\/www.asukkaidenvantaa.fi\/index.php?rest_route=\/wp\/v2\/users\/5003"}],"replies":[{"embeddable":true,"href":"https:\/\/www.asukkaidenvantaa.fi\/index.php?rest_route=%2Fwp%2Fv2%2Fcomments&post=3464"}],"version-history":[{"count":6,"href":"https:\/\/www.asukkaidenvantaa.fi\/index.php?rest_route=\/wp\/v2\/posts\/3464\/revisions"}],"predecessor-version":[{"id":3474,"href":"https:\/\/www.asukkaidenvantaa.fi\/index.php?rest_route=\/wp\/v2\/posts\/3464\/revisions\/3474"}],"wp:attachment":[{"href":"https:\/\/www.asukkaidenvantaa.fi\/index.php?rest_route=%2Fwp%2Fv2%2Fmedia&parent=3464"}],"wp:term":[{"taxonomy":"category","embeddable":true,"href":"https:\/\/www.asukkaidenvantaa.fi\/index.php?rest_route=%2Fwp%2Fv2%2Fcategories&post=3464"},{"taxonomy":"post_tag","embeddable":true,"href":"https:\/\/www.asukkaidenvantaa.fi\/index.php?rest_route=%2Fwp%2Fv2%2Ftags&post=3464"}],"curies":[{"name":"wp","href":"https:\/\/api.w.org\/{rel}","templated":true}]}}