{"id":3440,"date":"2015-06-16T04:41:15","date_gmt":"2015-06-16T04:41:15","guid":{"rendered":"http:\/\/www.asukkaidenvantaa.fi\/?p=3440"},"modified":"2015-07-07T08:58:24","modified_gmt":"2015-07-07T08:58:24","slug":"hannu-penttila-vantaan-apulaiskaupunginjohtajaksi","status":"publish","type":"post","link":"https:\/\/www.asukkaidenvantaa.fi\/?p=3440","title":{"rendered":"Hannu Penttil\u00e4 Vantaan apulaiskaupunginjohtajaksi"},"content":{"rendered":"<div id=\"attachment_3443\" style=\"width: 276px\" class=\"wp-caption alignright\"><a href=\"\/wp-content\/uploads\/sites\/31\/2015\/06\/Penttil\u00e41.jpg\"><img loading=\"lazy\" decoding=\"async\" aria-describedby=\"caption-attachment-3443\" class=\"size-full wp-image-3443\" src=\"\/wp-content\/uploads\/sites\/31\/2015\/06\/Penttil\u00e41.jpg\" alt=\"Vantaan uusi apulaiskaupunginjohtaja Hannu Penttil\u00e4\" width=\"266\" height=\"400\" \/><\/a><p id=\"caption-attachment-3443\" class=\"wp-caption-text\">Vantaan uusi apulaiskaupunginjohtaja Hannu Penttil\u00e4<\/p><\/div>\n<p>Diplomi-insin\u00f6\u00f6ri <strong>Hannu Penttil\u00e4<\/strong> (s. 1954) valittiin Vantaan kaupungin maank\u00e4yt\u00f6n, rakentamisen ja ymp\u00e4rist\u00f6n toimialan apulaiskaupunginjohtajaksi. Penttil\u00e4n valinta ratkesi kaupunginvaltuuston kokouksessa 15.6.2015. Suoritetussa vaalissa Penttil\u00e4 sai 36 \u00e4\u00e4nt\u00e4. Muista ehdokkaista \u00e4\u00e4ni\u00e4 saivat <strong>Antti Tuomainen<\/strong> 25 ja <strong>Tarja Laine<\/strong> 6.<\/p>\n<p>&nbsp;<\/p>\n<p>Hannu Penttil\u00e4 (sd.) on toiminut aiemmin mm. Helsingin kaupunkisuunnittelusta vastaavana apulaiskaupunginjohtajana.<\/p>\n<p>Diplomi-insin\u00f6\u00f6ri Antti Tuomainen toimii t\u00e4ll\u00e4 hetkell\u00e4 rakennusyhti\u00f6 Skanskan johtajana. H\u00e4n oli viranhakijana sitoutumaton. Viran edellinen haltija <strong>Juha-Veikko Nikulainen<\/strong>, oli my\u00f6s taustaltaan \u201drakentaja\u201d, rakennusyhti\u00f6 SRV:n johtaja, vahvasti puoluepoliittisesti sitoutunut ja oli kokoomuksen entinen kaupunginvaltuutettu.<\/p>\n<p>N\u00e4ht\u00e4v\u00e4ksi j\u00e4\u00e4 tuoko puoluepoliittisesti sitoutunut Penttil\u00e4 jotakin uutta Vantaan voimakkaana jatkuvaan rakentamiseen.<\/p>\n<p>Kiist\u00e4m\u00e4tt\u00e4 \u201dvirastodemari\u201d Penttil\u00e4 on my\u00f6s rakentamisen ammattilainen. H\u00e4n on toiminut urallaan alan johtoteht\u00e4viss\u00e4 niin p\u00e4\u00e4kaupunkiseudun yhteisty\u00f6valtuuskunnassa YTV:ss\u00e4, kuin ymp\u00e4rist\u00f6ministeri\u00f6ss\u00e4kin.<\/p>\n<p>&#8211;\u00a0Penttil\u00e4st\u00e4 saamme kokeneen kaupunkisuunnittelun ja -rakentamisen ammattilaisen vahvistamaan kaupungin kehittymist\u00e4.\u00a0 Vantaalla riitt\u00e4\u00e4 muun muassa Keh\u00e4radan varrella ty\u00f6t\u00e4 viel\u00e4 vuosiksi eteenp\u00e4in. Penttil\u00e4n vahvuutena ovat my\u00f6s n\u00e4yt\u00f6t sujuvasta yhteisty\u00f6st\u00e4 niin kansainv\u00e4lisesti, maan laajuisesti, seudullisesti kuin yksityisten toimijoiden kanssa, toteaa kaupunginjohtaja <strong>Kari Nenonen<\/strong> (sd.) apulaiskaupunginjohtajan valinnasta antamassaan lausunnossa.<\/p>\n<p>&nbsp;<\/p>\n<p>&nbsp;<\/p>\n","protected":false},"excerpt":{"rendered":"<p>Diplomi-insin\u00f6\u00f6ri Hannu Penttil\u00e4 (s. 1954) valittiin Vantaan kaupungin maank\u00e4yt\u00f6n, rakentamisen ja ymp\u00e4rist\u00f6n toimialan apulaiskaupunginjohtajaksi. Penttil\u00e4n valinta ratkesi kaupunginvaltuuston kokouksessa 15.6.2015. Suoritetussa vaalissa Penttil\u00e4 sai 36 \u00e4\u00e4nt\u00e4. Muista ehdokkaista \u00e4\u00e4ni\u00e4 saivat Antti Tuomainen 25 ja Tarja Laine 6. &nbsp; Hannu Penttil\u00e4 (sd.) on toiminut aiemmin mm. Helsingin kaupunkisuunnittelusta vastaavana apulaiskaupunginjohtajana. Diplomi-insin\u00f6\u00f6ri Antti Tuomainen toimii t\u00e4ll\u00e4 hetkell\u00e4&hellip;<\/p>\n<p class=\"more-link-p\"><a class=\"more-link\" href=\"https:\/\/www.asukkaidenvantaa.fi\/?p=3440\">Lue lis\u00e4\u00e4 \u2192<\/a><\/p>\n","protected":false},"author":5006,"featured_media":0,"comment_status":"open","ping_status":"open","sticky":false,"template":"","format":"standard","meta":{"footnotes":""},"categories":[355],"tags":[],"class_list":["post-3440","post","type-post","status-publish","format-standard","hentry","category-ajankohtaisia"],"_links":{"self":[{"href":"https:\/\/www.asukkaidenvantaa.fi\/index.php?rest_route=\/wp\/v2\/posts\/3440","targetHints":{"allow":["GET"]}}],"collection":[{"href":"https:\/\/www.asukkaidenvantaa.fi\/index.php?rest_route=\/wp\/v2\/posts"}],"about":[{"href":"https:\/\/www.asukkaidenvantaa.fi\/index.php?rest_route=\/wp\/v2\/types\/post"}],"author":[{"embeddable":true,"href":"https:\/\/www.asukkaidenvantaa.fi\/index.php?rest_route=\/wp\/v2\/users\/5006"}],"replies":[{"embeddable":true,"href":"https:\/\/www.asukkaidenvantaa.fi\/index.php?rest_route=%2Fwp%2Fv2%2Fcomments&post=3440"}],"version-history":[{"count":3,"href":"https:\/\/www.asukkaidenvantaa.fi\/index.php?rest_route=\/wp\/v2\/posts\/3440\/revisions"}],"predecessor-version":[{"id":3444,"href":"https:\/\/www.asukkaidenvantaa.fi\/index.php?rest_route=\/wp\/v2\/posts\/3440\/revisions\/3444"}],"wp:attachment":[{"href":"https:\/\/www.asukkaidenvantaa.fi\/index.php?rest_route=%2Fwp%2Fv2%2Fmedia&parent=3440"}],"wp:term":[{"taxonomy":"category","embeddable":true,"href":"https:\/\/www.asukkaidenvantaa.fi\/index.php?rest_route=%2Fwp%2Fv2%2Fcategories&post=3440"},{"taxonomy":"post_tag","embeddable":true,"href":"https:\/\/www.asukkaidenvantaa.fi\/index.php?rest_route=%2Fwp%2Fv2%2Ftags&post=3440"}],"curies":[{"name":"wp","href":"https:\/\/api.w.org\/{rel}","templated":true}]}}