{"id":3392,"date":"2015-05-15T09:34:59","date_gmt":"2015-05-15T09:34:59","guid":{"rendered":"http:\/\/www.asukkaidenvantaa.fi\/?p=3392"},"modified":"2015-05-15T09:34:59","modified_gmt":"2015-05-15T09:34:59","slug":"vantaan-sisainen-liikenne-mullistuu-10-elokuuta","status":"publish","type":"post","link":"https:\/\/www.asukkaidenvantaa.fi\/?p=3392","title":{"rendered":"Vantaan sis\u00e4inen liikenne mullistuu 10. elokuuta"},"content":{"rendered":"<p><strong>Uudet reittikartat jaettiin koteihin<\/strong><\/p>\n<p>Keh\u00e4radan k\u00e4ytt\u00f6\u00f6notto muuttaa Vantaan sis\u00e4isen liikenteen. Keh\u00e4radan liikenne alkaa 1.7. mutta bussireitit ja aikataulut muuttuvat 10.8.<br \/>\nKeh\u00e4radan junat saavat tunnukset P ja I. P liikenn\u00f6i my\u00f6t\u00e4piv\u00e4\u00e4n ja I vastap\u00e4iv\u00e4\u00e4n. Molempien junien vuorov\u00e4li p\u00e4iv\u00e4saikaan arkisin ja lauantaisin on kymmenen minuuttia, iltaisin ja sunnuntaisin vuorov\u00e4li on 15 minuuttia. My\u00f6h\u00e4\u00e4n illalla ja varhain aamulla vuorov\u00e4li on 30 minuuttia.<\/p>\n<p>Liikenne tulee tukeutumaan entist\u00e4 voimakkaammin raiteille. Isosta osaa bussilinjoista tulee sy\u00f6tt\u00f6linjoja radanvarren asemille.<\/p>\n<p>Jotkut reitit s\u00e4ilyv\u00e4t entisell\u00e4\u00e4n mutta linjanumero muuttuu.<\/p>\n<p>Keh\u00e4radan lis\u00e4ksi saadaan uusi bussilla liikenn\u00f6it\u00e4v\u00e4 runkolinja 560 Vuosaaren ja Myyrm\u00e4en v\u00e4lille.<br \/>\n<div id=\"attachment_3393\" style=\"width: 310px\" class=\"wp-caption aligncenter\"><a href=\"\/wp-content\/uploads\/sites\/31\/2015\/05\/Keh\u00e4rata-2.jpg\"><img decoding=\"async\" aria-describedby=\"caption-attachment-3393\" src=\"\/wp-content\/uploads\/sites\/31\/2015\/05\/Keh\u00e4rata-2.jpg\" alt=\"Uusi Keh\u00e4rata joka yhdist\u00e4\u00e4 p\u00e4\u00e4radan ja Matinlaaksonradan. Keh\u00e4rdan my\u00f6t\u00e4 toteutuu ratayhteys <strong><p id=\"caption-attachment-3393\" class=\"wp-caption-text\">lentoasemalle. Keh\u00e4radan avausvaiheessa otetaan k\u00e4ytt\u00f6\u00f6n viisi uutta asemaa Leinel\u00e4, Aviapolis, Lentoasema, Kivist\u00f6 ja Vehkala. Ruskeasannan, Viinikkalan, Lapinkyl\u00e4n ja Petaksen asemat otetaan k\u00e4ytt\u00f6\u00f6n my\u00f6hemm\u00e4ss\u00e4 vaiheessa. &#8221; width=&#8221;300&#8243; height=&#8221;399&#8243; class=&#8221;size-full wp-image-3393&#8243; \/><\/a> Uusi Keh\u00e4rata joka yhdist\u00e4\u00e4 p\u00e4\u00e4radan ja Matinlaaksonradan. Keh\u00e4radan my\u00f6t\u00e4 toteutuu ratayhteys lentoasemalle. Keh\u00e4radan avausvaiheessa otetaan k\u00e4ytt\u00f6\u00f6n viisi uutta asemaa Leinel\u00e4, Lentoasema, Aviapolis, Kivist\u00f6 ja Vehkala. Ruskeasannan, Viinikkalan,  ja Petaksen asemat otetaan k\u00e4ytt\u00f6\u00f6n my\u00f6hemm\u00e4ss\u00e4 vaiheessa.<\/p><\/div>\nUutuutena saadaan my\u00f6s kuudelle suuralueelle niill\u00e4 liikenn\u00f6iv\u00e4t kutsupohjaiset l\u00e4hibussit.<br \/>\nKutsubussit liikenn\u00f6iv\u00e4t arkisin klo 9-15. Bussi tilataan numerosta 09-4766 4000.<\/p>\n<p><strong>Uusista linjoista tietoa netiss\u00e4 osoitteessa hsl.fi\/vantaa<\/strong><br \/>\nNettiosoitteessa on k\u00e4ynniss\u00e4 vilkas kestelu uusista linjoista. Tyytym\u00e4tt\u00f6myytt\u00e4 muutoksiin tuntuu olevan melkoisesti.<\/p>\n","protected":false},"excerpt":{"rendered":"<p>Uudet reittikartat jaettiin koteihin Keh\u00e4radan k\u00e4ytt\u00f6\u00f6notto muuttaa Vantaan sis\u00e4isen liikenteen. Keh\u00e4radan liikenne alkaa 1.7. mutta bussireitit ja aikataulut muuttuvat 10.8. Keh\u00e4radan junat saavat tunnukset P ja I. P liikenn\u00f6i my\u00f6t\u00e4piv\u00e4\u00e4n ja I vastap\u00e4iv\u00e4\u00e4n. Molempien junien vuorov\u00e4li p\u00e4iv\u00e4saikaan arkisin ja lauantaisin on kymmenen minuuttia, iltaisin ja sunnuntaisin vuorov\u00e4li on 15 minuuttia. My\u00f6h\u00e4\u00e4n illalla ja varhain aamulla&hellip;<\/p>\n<p class=\"more-link-p\"><a class=\"more-link\" href=\"https:\/\/www.asukkaidenvantaa.fi\/?p=3392\">Lue lis\u00e4\u00e4 \u2192<\/a><\/p>\n","protected":false},"author":5003,"featured_media":0,"comment_status":"open","ping_status":"open","sticky":false,"template":"","format":"standard","meta":{"footnotes":""},"categories":[355],"tags":[360,416,417],"class_list":["post-3392","post","type-post","status-publish","format-standard","hentry","category-ajankohtaisia","tag-keharata","tag-lentoasema","tag-syottoliikenne"],"_links":{"self":[{"href":"https:\/\/www.asukkaidenvantaa.fi\/index.php?rest_route=\/wp\/v2\/posts\/3392","targetHints":{"allow":["GET"]}}],"collection":[{"href":"https:\/\/www.asukkaidenvantaa.fi\/index.php?rest_route=\/wp\/v2\/posts"}],"about":[{"href":"https:\/\/www.asukkaidenvantaa.fi\/index.php?rest_route=\/wp\/v2\/types\/post"}],"author":[{"embeddable":true,"href":"https:\/\/www.asukkaidenvantaa.fi\/index.php?rest_route=\/wp\/v2\/users\/5003"}],"replies":[{"embeddable":true,"href":"https:\/\/www.asukkaidenvantaa.fi\/index.php?rest_route=%2Fwp%2Fv2%2Fcomments&post=3392"}],"version-history":[{"count":3,"href":"https:\/\/www.asukkaidenvantaa.fi\/index.php?rest_route=\/wp\/v2\/posts\/3392\/revisions"}],"predecessor-version":[{"id":3398,"href":"https:\/\/www.asukkaidenvantaa.fi\/index.php?rest_route=\/wp\/v2\/posts\/3392\/revisions\/3398"}],"wp:attachment":[{"href":"https:\/\/www.asukkaidenvantaa.fi\/index.php?rest_route=%2Fwp%2Fv2%2Fmedia&parent=3392"}],"wp:term":[{"taxonomy":"category","embeddable":true,"href":"https:\/\/www.asukkaidenvantaa.fi\/index.php?rest_route=%2Fwp%2Fv2%2Fcategories&post=3392"},{"taxonomy":"post_tag","embeddable":true,"href":"https:\/\/www.asukkaidenvantaa.fi\/index.php?rest_route=%2Fwp%2Fv2%2Ftags&post=3392"}],"curies":[{"name":"wp","href":"https:\/\/api.w.org\/{rel}","templated":true}]}}