{"id":3378,"date":"2015-05-01T07:30:37","date_gmt":"2015-05-01T07:30:37","guid":{"rendered":"http:\/\/www.asukkaidenvantaa.fi\/?p=3378"},"modified":"2015-05-01T07:30:37","modified_gmt":"2015-05-01T07:30:37","slug":"vantaan-tyovaen-vappu-alkoi-punaisten-1918-uhrien-muistamisella","status":"publish","type":"post","link":"https:\/\/www.asukkaidenvantaa.fi\/?p=3378","title":{"rendered":"Vantaan ty\u00f6v\u00e4en Vappu alkoi punaisten 1918 uhrien muistamisella"},"content":{"rendered":"<p><strong>Vantaalaiset ty\u00f6v\u00e4enj\u00e4rjest\u00f6t kokoontuivat Hiekkaharjuun aloittamaan Vapun viettoa<\/strong><\/p>\n<p>Vantaalaisen ty\u00f6v\u00e4en Vapun perinteeksi on muodostunut k\u00e4ynti luokkasodan uhrien muistomerkill\u00e4 Hiekkaharjussa. Niin my\u00f6s Vappuna 2015.<br \/>\n<div id=\"attachment_3379\" style=\"width: 710px\" class=\"wp-caption aligncenter\"><a href=\"\/wp-content\/uploads\/sites\/31\/2015\/05\/Vappu-2015-e1430464420434.jpg\"><img loading=\"lazy\" decoding=\"async\" aria-describedby=\"caption-attachment-3379\" src=\"\/wp-content\/uploads\/sites\/31\/2015\/05\/Vappu-2015-e1430464420434.jpg\" alt=\"Tuuli leihytteli lippuja ty\u00f6v\u00e4enj\u00e4rjest\u00f6jen valmistautuessa Vapun aamun tilaisuuteen Hiekkaharjun luokkasodan uhrien muistomerkill\u00e4.\" width=\"700\" height=\"532\" class=\"size-full wp-image-3379\" \/><\/a><p id=\"caption-attachment-3379\" class=\"wp-caption-text\">Tuuli leyhitteli lippuja ty\u00f6v\u00e4enj\u00e4rjest\u00f6jen valmistautuessa Vapun aamun tilaisuuteen Hiekkaharjun luokkasodan uhrien muistomerkill\u00e4.<\/p><\/div>\n<p>Tilaisuudessa puhuneen SKP:n Vantaan kapunkij\u00e4rjest\u00f6n sihteerin Juha Kovasen viesti Vappuna 2015 Vantaan Hiekkaharjussa:<\/p>\n<p>Hyv\u00e4t toverit<\/p>\n<p>Kunnioitamme t\u00e4\u00e4ll\u00e4 Hiekkaharjussa vuoden 1918 sodan uhrien muistoa.<br \/>\nN\u00e4m\u00e4 uhrit ja heid\u00e4n aikalaisensa halusivat, kuten me kaikki haluamme,<br \/>\netteiv\u00e4t l\u00e4hes sadan vuoden takaiset kauhut aiheuttanut<br \/>\nvastakkainasettelu toistuisi. Vastuu t\u00e4st\u00e4 p\u00e4iv\u00e4st\u00e4 ja huomisesta on<br \/>\nmeid\u00e4n.<\/p>\n<p>Miten olemme vastuuta kantaneet? Katsokaamme, miten vuoden 1918 ja<br \/>\nnykyp\u00e4iv\u00e4n tapahtumat vertautuvat toisiinsa tehdyiss\u00e4 ja teht\u00e4viss\u00e4<br \/>\nleikkauksissa ja toisaalta ven\u00e4l\u00e4isiin ja Ven\u00e4j\u00e4\u00e4n suhtautumisessa.<\/p>\n<p>Leikkaukset vuosina 1918 ja 2015<\/p>\n<p>Vuonna 1918 p\u00e4\u00e4oman edustajat perustelivat kansanmurhaa leikkauksena,<br \/>\njoka on kipe\u00e4 mutta v\u00e4ltt\u00e4m\u00e4t\u00f6n. He tavoittelivat avoimesti ty\u00f6v\u00e4en<br \/>\naatteen lopullista h\u00e4vitt\u00e4mist\u00e4 tuhoamalla suuren joukon ty\u00f6v\u00e4keen<br \/>\nkuuluvia yksil\u00f6it\u00e4. Vuoden 2015 eduskuntavaalikeskusteluja hallitsivat<br \/>\nvaikeat mutta v\u00e4ltt\u00e4m\u00e4tt\u00f6m\u00e4t leikkaukset. Puhemies Eero Hein\u00e4luoma<br \/>\ntotesi Eduskunnan p\u00e4\u00e4tt\u00e4j\u00e4isiss\u00e4, ett\u00e4 leikkaukset eiv\u00e4t ole<br \/>\nkohdistuneet vuorineuvoksiin. My\u00f6s jatkossa ne kohdistuvat samaan kansan<br \/>\nosaan kuin sata vuotta sitten, ne kohdistuvat p\u00e4\u00e4omalle ep\u00e4mieluisaan<br \/>\nhyvinvointivaltioon.<\/p>\n<p>K\u00f6yhyys tappaa, se tiedet\u00e4\u00e4n t\u00e4n\u00e4\u00e4nkin. Sosiaali- ja terveyspalvelujen<br \/>\nuudistuksen yhten\u00e4 tavoitteena oli viel\u00e4 pari vuotta sitten isoiksi<br \/>\nven\u00e4ht\u00e4neiden sosioekonomisten terveyserojen kaventaminen. Sittemmin<br \/>\nt\u00e4m\u00e4 tavoite katosi mystisesti. Sosiaalipalvelujen laadullisista<br \/>\ntavoitteista ei ole tietoa. N\u00e4in siksi, ett\u00e4 p\u00e4\u00e4oma pyrkii talouskriisin<br \/>\nvarjolla ty\u00f6v\u00e4en oikeuksien kaventamiseen, syrj\u00e4ytt\u00e4m\u00e4\u00e4n leikkausten<br \/>\navulla suuren m\u00e4\u00e4r\u00e4n ihmisi\u00e4 ja jatkamaan tuloerojen kasvattamista.<br \/>\nMiten ty\u00f6v\u00e4enliike vastaa t\u00e4h\u00e4n? Kysymys liittyy my\u00f6s juuri koetun<br \/>\nvaalitappion syiden arviointiin. Kommunistien mielest\u00e4 p\u00e4\u00e4oman<br \/>\nsuunnitelmat on torjuttava yksitellen ja yhteisvoimin koottava liike<br \/>\nhyvinvointivaltion uudelleen rakentamiseksi.<\/p>\n<p>Oikeisto pit\u00e4\u00e4 Kreikkaa leikkausten mallimaana. Kansainv\u00e4listen<br \/>\nfinanssilaitosten ja EU-komission ry\u00f6st\u00f6retken j\u00e4lkeen Kreikassa kuolee<br \/>\n100 ihmist\u00e4 kuukaudessa julkisten terveyspalelujen alasajon seurauksena.<br \/>\nKreikassa valtaan noussut vasemmisto ansaitsee Suomen ty\u00f6v\u00e4enliikkeen<br \/>\nt\u00e4yden tuen. Nyt voimme pit\u00e4\u00e4 Kreikkaa vastarinnan mallimaana.<\/p>\n<p>Ven\u00e4j\u00e4 Suomen politiikassa 1918 ja 2015<\/p>\n<p>Vuonna 1918 p\u00e4\u00e4oma harhautti kansalaisia valkokaartiin v\u00e4itt\u00e4m\u00e4ll\u00e4<br \/>\nviholliseksi maassa viel\u00e4 olevat ven\u00e4l\u00e4iset sotilaat. T\u00e4n\u00e4\u00e4n vallitsevan<br \/>\nsodan vaaran oloissa Suomen oikeistopoliitikot, oikeistomedia ja jopa<br \/>\npuolustusvoimien edustajat kehittelev\u00e4t tarinoita Ven\u00e4j\u00e4\u00e4 my\u00f6t\u00e4ilevist\u00e4<br \/>\ntrolleista, jotka ovat eri mielt\u00e4 heid\u00e4n kanssaan. Helsingin Sanomat<br \/>\nteki arveluttavan enn\u00e4tyksen. P\u00e4\u00e4kirjoitus totesi Euroopan Unionin ja<br \/>\nYhdysvaltain v\u00e4lisen TTIP-sopimuksen kritisoijat Ven\u00e4j\u00e4n viidenneksi<br \/>\nkolonnaksi Suomessa. T\u00e4m\u00e4 kertoo, miten voimissaan oleva oikeisto<br \/>\nhy\u00f6kk\u00e4\u00e4 paitsi ty\u00f6v\u00e4enliikett\u00e4, my\u00f6s laajempia demokraattisia liikkeit\u00e4<br \/>\nvastaan.<\/p>\n<p>P\u00e4\u00e4omapiirien k\u00e4rjist\u00e4m\u00e4 vastakkainasettelu ei siis ole h\u00e4vinnyt sadan<br \/>\nvuoden aikana sis\u00e4- eik\u00e4 ulkosuhteista. Rauhan edist\u00e4miseksi Suomen on<br \/>\nirrottauduttava kokonaan USAn johtamasta Pohjois-Atlannin hy\u00f6kk\u00e4ysliitosta.<br \/>\nKansanv\u00e4linen yhteisty\u00f6 on j\u00e4rjestett\u00e4v\u00e4 kansojen itsem\u00e4\u00e4r\u00e4misoikeutta<br \/>\nkunnioittavasti, p\u00e4\u00e4omaa palvelevan Euroopan Unionin sijaan. Suomalaisten<br \/>\nja kaikkien kansojen etu on sama kuin sata vuotta sitten<br \/>\nty\u00f6v\u00e4enliikkeell\u00e4, riistosta vapaa, sosialistinen yhteiskuntaj\u00e4rjestys.<\/p>\n<p>Me vuoden 1918 muiston vaalijat olemme aloittaneet hankkeen t\u00e4m\u00e4n<br \/>\nmuistomerkin t\u00e4ydent\u00e4miseksi uhrien nimill\u00e4. Toteuttakaamme t\u00e4m\u00e4 hanke<br \/>\nloppuun hyviss\u00e4 ajoin ennen kolmen vuoden p\u00e4\u00e4ss\u00e4 olevaa sadan vuoden<br \/>\netappia.<\/p>\n","protected":false},"excerpt":{"rendered":"<p>Vantaalaiset ty\u00f6v\u00e4enj\u00e4rjest\u00f6t kokoontuivat Hiekkaharjuun aloittamaan Vapun viettoa Vantaalaisen ty\u00f6v\u00e4en Vapun perinteeksi on muodostunut k\u00e4ynti luokkasodan uhrien muistomerkill\u00e4 Hiekkaharjussa. Niin my\u00f6s Vappuna 2015. Tilaisuudessa puhuneen SKP:n Vantaan kapunkij\u00e4rjest\u00f6n sihteerin Juha Kovasen viesti Vappuna 2015 Vantaan Hiekkaharjussa: Hyv\u00e4t toverit Kunnioitamme t\u00e4\u00e4ll\u00e4 Hiekkaharjussa vuoden 1918 sodan uhrien muistoa. N\u00e4m\u00e4 uhrit ja heid\u00e4n aikalaisensa halusivat, kuten me kaikki haluamme,&hellip;<\/p>\n<p class=\"more-link-p\"><a class=\"more-link\" href=\"https:\/\/www.asukkaidenvantaa.fi\/?p=3378\">Lue lis\u00e4\u00e4 \u2192<\/a><\/p>\n","protected":false},"author":5003,"featured_media":3382,"comment_status":"open","ping_status":"open","sticky":false,"template":"","format":"standard","meta":{"footnotes":""},"categories":[355],"tags":[29,414,415,413],"class_list":["post-3378","post","type-post","status-publish","format-standard","has-post-thumbnail","hentry","category-ajankohtaisia","tag-leikkaukset","tag-luokkasota","tag-rauha","tag-vappu"],"_links":{"self":[{"href":"https:\/\/www.asukkaidenvantaa.fi\/index.php?rest_route=\/wp\/v2\/posts\/3378","targetHints":{"allow":["GET"]}}],"collection":[{"href":"https:\/\/www.asukkaidenvantaa.fi\/index.php?rest_route=\/wp\/v2\/posts"}],"about":[{"href":"https:\/\/www.asukkaidenvantaa.fi\/index.php?rest_route=\/wp\/v2\/types\/post"}],"author":[{"embeddable":true,"href":"https:\/\/www.asukkaidenvantaa.fi\/index.php?rest_route=\/wp\/v2\/users\/5003"}],"replies":[{"embeddable":true,"href":"https:\/\/www.asukkaidenvantaa.fi\/index.php?rest_route=%2Fwp%2Fv2%2Fcomments&post=3378"}],"version-history":[{"count":3,"href":"https:\/\/www.asukkaidenvantaa.fi\/index.php?rest_route=\/wp\/v2\/posts\/3378\/revisions"}],"predecessor-version":[{"id":3383,"href":"https:\/\/www.asukkaidenvantaa.fi\/index.php?rest_route=\/wp\/v2\/posts\/3378\/revisions\/3383"}],"wp:featuredmedia":[{"embeddable":true,"href":"https:\/\/www.asukkaidenvantaa.fi\/index.php?rest_route=\/wp\/v2\/media\/3382"}],"wp:attachment":[{"href":"https:\/\/www.asukkaidenvantaa.fi\/index.php?rest_route=%2Fwp%2Fv2%2Fmedia&parent=3378"}],"wp:term":[{"taxonomy":"category","embeddable":true,"href":"https:\/\/www.asukkaidenvantaa.fi\/index.php?rest_route=%2Fwp%2Fv2%2Fcategories&post=3378"},{"taxonomy":"post_tag","embeddable":true,"href":"https:\/\/www.asukkaidenvantaa.fi\/index.php?rest_route=%2Fwp%2Fv2%2Ftags&post=3378"}],"curies":[{"name":"wp","href":"https:\/\/api.w.org\/{rel}","templated":true}]}}