{"id":3365,"date":"2015-04-24T06:48:30","date_gmt":"2015-04-24T06:48:30","guid":{"rendered":"http:\/\/www.asukkaidenvantaa.fi\/?p=3365"},"modified":"2015-04-24T06:48:30","modified_gmt":"2015-04-24T06:48:30","slug":"violan-tontin-uusi-kaava-hyvaksyttiin","status":"publish","type":"post","link":"https:\/\/www.asukkaidenvantaa.fi\/?p=3365","title":{"rendered":"Violan tontin uusi kaava hyv\u00e4ksyttiin"},"content":{"rendered":"<p><strong>Valtuusto hyv\u00e4ksyi viime kokouksessaan 20.4. joukon kaavamuutoksia. My\u00f6s Vapaaehtoistalo Violan tontin uusi asemakaava hyv\u00e4ksyttiin.<\/strong><\/p>\n<p>Vapaaehtoistalo Viola,Tikkurilan keskustassa osoitteessa Orvokkirinne 4,tunnetaan eri j\u00e4rjest\u00f6jen eritt\u00e4in k\u00e4ytettyn\u00e4 toimintapaikkana.<br \/>\nUusi kaava merkitsee l\u00e4ht\u00f6\u00e4 Violalle. Suunnittelun alkuvaiheessa uusiin rakennuksiin kaavailtiin my\u00f6s uusia tiloja Vapaaehtoistalo Violalle, mutta suunnittelun edetess\u00e4 ilmeni, ett\u00e4 uusien tilojen vuokra tulisi olemaan kolminkertainen nykyseen, eik\u00e4 Violalla ole taloudellisia mahdollisuuksia sellaiseen vuokrankorotukseen.<br \/>\n<div id=\"attachment_3366\" style=\"width: 310px\" class=\"wp-caption aligncenter\"><a href=\"\/wp-content\/uploads\/sites\/31\/2015\/04\/Violan-sali.jpg\"><img loading=\"lazy\" decoding=\"async\" aria-describedby=\"caption-attachment-3366\" src=\"\/wp-content\/uploads\/sites\/31\/2015\/04\/Violan-sali.jpg\" alt=\"Sis\u00e4kuva Vapaaehtoistalo Violan salista. Viola on eritt\u00e4in aktiivisessa k\u00e4yt\u00f6ss\u00e4.\" width=\"300\" height=\"224\" class=\"size-full wp-image-3366\" \/><\/a><p id=\"caption-attachment-3366\" class=\"wp-caption-text\">Sis\u00e4kuva Vapaaehtoistalo Violan salista. Viola on eritt\u00e4in aktiivisessa k\u00e4yt\u00f6ss\u00e4.<\/p><\/div>\n<p>Violan koordinaattori Sari Rinne kertoo, ett\u00e4 kaupungin kanssa on k\u00e4yty neuvotteluja korvaavien tilojen l\u00f6yt\u00e4miseksi. Asian valmistelu on edennyt my\u00f6nteisesti ja l\u00e4hiaikoina voidaan kertoa Vapaaehtoistalo Violan uusista toimintatiloista. Tilalle saataneen jopa nykyisi\u00e4 tiloja paremmat tilat, kertoo Sari Rinne.<\/p>\n<p>Violan tontille tullaan rakentamaan VAV Asunnot Oy:n vuokra-asuntoja. Tontille rakennetaan kaksi erillist\u00e4 noppamaista enint\u00e4in 5-kerroksista kerrostaloa joihin tulee yhteens\u00e4 noin 60 asuntoa.<br \/>\n<div id=\"attachment_3368\" style=\"width: 707px\" class=\"wp-caption aligncenter\"><a href=\"\/wp-content\/uploads\/sites\/31\/2015\/04\/Violan-tontti.png\"><img loading=\"lazy\" decoding=\"async\" aria-describedby=\"caption-attachment-3368\" src=\"\/wp-content\/uploads\/sites\/31\/2015\/04\/Violan-tontti.png\" alt=\"Havainnekuva uusista kerrostaloista Violan tontilla.\" width=\"697\" height=\"524\" class=\"size-full wp-image-3368\" \/><\/a><p id=\"caption-attachment-3368\" class=\"wp-caption-text\">Havainnekuva uusista kerrostaloista Violan tontilla.<\/p><\/div>\n","protected":false},"excerpt":{"rendered":"<p>Valtuusto hyv\u00e4ksyi viime kokouksessaan 20.4. joukon kaavamuutoksia. My\u00f6s Vapaaehtoistalo Violan tontin uusi asemakaava hyv\u00e4ksyttiin. Vapaaehtoistalo Viola,Tikkurilan keskustassa osoitteessa Orvokkirinne 4,tunnetaan eri j\u00e4rjest\u00f6jen eritt\u00e4in k\u00e4ytettyn\u00e4 toimintapaikkana. Uusi kaava merkitsee l\u00e4ht\u00f6\u00e4 Violalle. Suunnittelun alkuvaiheessa uusiin rakennuksiin kaavailtiin my\u00f6s uusia tiloja Vapaaehtoistalo Violalle, mutta suunnittelun edetess\u00e4 ilmeni, ett\u00e4 uusien tilojen vuokra tulisi olemaan kolminkertainen nykyseen, eik\u00e4 Violalla ole&hellip;<\/p>\n<p class=\"more-link-p\"><a class=\"more-link\" href=\"https:\/\/www.asukkaidenvantaa.fi\/?p=3365\">Lue lis\u00e4\u00e4 \u2192<\/a><\/p>\n","protected":false},"author":5003,"featured_media":0,"comment_status":"open","ping_status":"open","sticky":false,"template":"","format":"standard","meta":{"footnotes":""},"categories":[355],"tags":[],"class_list":["post-3365","post","type-post","status-publish","format-standard","hentry","category-ajankohtaisia"],"_links":{"self":[{"href":"https:\/\/www.asukkaidenvantaa.fi\/index.php?rest_route=\/wp\/v2\/posts\/3365","targetHints":{"allow":["GET"]}}],"collection":[{"href":"https:\/\/www.asukkaidenvantaa.fi\/index.php?rest_route=\/wp\/v2\/posts"}],"about":[{"href":"https:\/\/www.asukkaidenvantaa.fi\/index.php?rest_route=\/wp\/v2\/types\/post"}],"author":[{"embeddable":true,"href":"https:\/\/www.asukkaidenvantaa.fi\/index.php?rest_route=\/wp\/v2\/users\/5003"}],"replies":[{"embeddable":true,"href":"https:\/\/www.asukkaidenvantaa.fi\/index.php?rest_route=%2Fwp%2Fv2%2Fcomments&post=3365"}],"version-history":[{"count":2,"href":"https:\/\/www.asukkaidenvantaa.fi\/index.php?rest_route=\/wp\/v2\/posts\/3365\/revisions"}],"predecessor-version":[{"id":3369,"href":"https:\/\/www.asukkaidenvantaa.fi\/index.php?rest_route=\/wp\/v2\/posts\/3365\/revisions\/3369"}],"wp:attachment":[{"href":"https:\/\/www.asukkaidenvantaa.fi\/index.php?rest_route=%2Fwp%2Fv2%2Fmedia&parent=3365"}],"wp:term":[{"taxonomy":"category","embeddable":true,"href":"https:\/\/www.asukkaidenvantaa.fi\/index.php?rest_route=%2Fwp%2Fv2%2Fcategories&post=3365"},{"taxonomy":"post_tag","embeddable":true,"href":"https:\/\/www.asukkaidenvantaa.fi\/index.php?rest_route=%2Fwp%2Fv2%2Ftags&post=3365"}],"curies":[{"name":"wp","href":"https:\/\/api.w.org\/{rel}","templated":true}]}}