{"id":3355,"date":"2015-04-23T16:19:17","date_gmt":"2015-04-23T16:19:17","guid":{"rendered":"http:\/\/www.asukkaidenvantaa.fi\/?p=3355"},"modified":"2015-04-23T16:19:17","modified_gmt":"2015-04-23T16:19:17","slug":"vantaa-menetti-kansanedustajia","status":"publish","type":"post","link":"https:\/\/www.asukkaidenvantaa.fi\/?p=3355","title":{"rendered":"Vantaa menetti kansanedustajia"},"content":{"rendered":"<div id=\"attachment_3356\" style=\"width: 260px\" class=\"wp-caption alignright\"><a href=\"\/wp-content\/uploads\/sites\/31\/2015\/04\/Antti-Lindtman_SDP_02-e1429804524231.jpg\"><img loading=\"lazy\" decoding=\"async\" aria-describedby=\"caption-attachment-3356\" class=\"size-full wp-image-3356\" src=\"\/wp-content\/uploads\/sites\/31\/2015\/04\/Antti-Lindtman_SDP_02-e1429804524231.jpg\" alt=\"Antti Lindtman, sd\" width=\"250\" height=\"141\" \/><\/a><p id=\"caption-attachment-3356\" class=\"wp-caption-text\">Antti Lindtman, sd<\/p><\/div>\n<p><strong>Vantaalta kolme kansanedustajaa uuteen eduskuntaan<\/strong><\/p>\n<p>Uuteen eduskuntaan uudistivat paikkansa Antti Lindtman sd, ja Mika Niikko PS ja uutena valittiin Sari Multala kok.<br \/>\nMik\u00e4 ja mink\u00e4lainen vaikutus kansanedustajien m\u00e4\u00e4r\u00e4ll\u00e4 on yksitt\u00e4isen kunnan toimintaan? Periaatteessa sen ei pit\u00e4isi vaikuttaa mit\u00e4\u00e4n. Nyth\u00e4n t\u00e4t\u00e4kin voidaan seurata Vantaan ja Espoon osalta.<br \/>\nVantaalta kolme (3) edustajaa ja Espoosta<br \/>\nseitsem\u00e4ntoista (17).<\/p>\n<div id=\"attachment_3357\" style=\"width: 260px\" class=\"wp-caption alignright\"><a href=\"\/wp-content\/uploads\/sites\/31\/2015\/04\/Mika-Niikko_Pers_02-e1429804616759.jpg\"><img loading=\"lazy\" decoding=\"async\" aria-describedby=\"caption-attachment-3357\" class=\"size-full wp-image-3357\" src=\"\/wp-content\/uploads\/sites\/31\/2015\/04\/Mika-Niikko_Pers_02-e1429804616759.jpg\" alt=\"Mika Niikko, ps\" width=\"250\" height=\"141\" \/><\/a><p id=\"caption-attachment-3357\" class=\"wp-caption-text\">Mika Niikko, ps<\/p><\/div>\n<p>Edellisen eduskunnan j\u00e4senist\u00e4 putosivat kokoomuksen Tapani M\u00e4kinen, kristillidemokraattiien Jouko J\u00e4\u00e4skel\u00e4inen ja perussuomalaisten Pietari J\u00e4\u00e4skel\u00e4inen. Kaikki yrittiv\u00e4t uusia edustajapaikkansa.<br \/>\nTapani M\u00e4kisen pudotus oli todella raju, entinen \u00e4\u00e4niharava vajosi tavisten joukkoon.<\/p>\n<p>Lindtmanin \u00e4\u00e4nim\u00e4\u00e4r\u00e4 oli komea yli 10 000 \u00e4\u00e4nt\u00e4.<br \/>\nVantaalla Lindtmanin kannatus oli erityisen vankkaa<br \/>\n6 800 \u00e4\u00e4nt\u00e4 Vantaalta.<br \/>\n\u00a0\u00a0\u00a0\u00a0\u00a0\u00a0\u00a0\u00a0\u00a0\u00a0\u00a0\u00a0\u00a0\u00a0\u00a0\u00a0\u00a0\u00a0\u00a0\u00a0\u00a0\u00a0\u00a0\u00a0\u00a0\u00a0\u00a0\u00a0\u00a0\u00a0\u00a0\u00a0\u00a0\u00a0\u00a0\u00a0\u00a0\u00a0\u00a0\u00a0<\/strong><\/p>\n<div id=\"attachment_3358\" style=\"width: 260px\" class=\"wp-caption alignright\"><a href=\"\/wp-content\/uploads\/sites\/31\/2015\/04\/Sari-Multala_Kok_02-e1429804710486.jpg\"><img loading=\"lazy\" decoding=\"async\" aria-describedby=\"caption-attachment-3358\" class=\"size-full wp-image-3358\" src=\"\/wp-content\/uploads\/sites\/31\/2015\/04\/Sari-Multala_Kok_02-e1429804710486.jpg\" alt=\"Sari Multala, kok\" width=\"250\" height=\"141\" \/><\/a><p id=\"caption-attachment-3358\" class=\"wp-caption-text\">Sari Multala, kok<\/p><\/div>\n<p><strong>\u00c4\u00e4nestysprosentti 69,9 %<br \/>\n<\/strong>\u00c4\u00e4nestysvilkkaus j\u00e4i aavistuksen<br \/>\nalle valtakunnallisen<br \/>\nja hieman v\u00e4hemm\u00e4n kuin vuoden 2011<br \/>\neduskuntavaalien \u00e4\u00e4nestysprosentti 70,4 %.<\/p>\n","protected":false},"excerpt":{"rendered":"<p>Vantaalta kolme kansanedustajaa uuteen eduskuntaan Uuteen eduskuntaan uudistivat paikkansa Antti Lindtman sd, ja Mika Niikko PS ja uutena valittiin Sari Multala kok. Mik\u00e4 ja mink\u00e4lainen vaikutus kansanedustajien m\u00e4\u00e4r\u00e4ll\u00e4 on yksitt\u00e4isen kunnan toimintaan? Periaatteessa sen ei pit\u00e4isi vaikuttaa mit\u00e4\u00e4n. Nyth\u00e4n t\u00e4t\u00e4kin voidaan seurata Vantaan ja Espoon osalta. Vantaalta kolme (3) edustajaa ja Espoosta seitsem\u00e4ntoista (17). Edellisen&hellip;<\/p>\n<p class=\"more-link-p\"><a class=\"more-link\" href=\"https:\/\/www.asukkaidenvantaa.fi\/?p=3355\">Lue lis\u00e4\u00e4 \u2192<\/a><\/p>\n","protected":false},"author":5003,"featured_media":0,"comment_status":"open","ping_status":"open","sticky":false,"template":"","format":"standard","meta":{"footnotes":""},"categories":[355],"tags":[412],"class_list":["post-3355","post","type-post","status-publish","format-standard","hentry","category-ajankohtaisia","tag-kansanedustaja"],"_links":{"self":[{"href":"https:\/\/www.asukkaidenvantaa.fi\/index.php?rest_route=\/wp\/v2\/posts\/3355","targetHints":{"allow":["GET"]}}],"collection":[{"href":"https:\/\/www.asukkaidenvantaa.fi\/index.php?rest_route=\/wp\/v2\/posts"}],"about":[{"href":"https:\/\/www.asukkaidenvantaa.fi\/index.php?rest_route=\/wp\/v2\/types\/post"}],"author":[{"embeddable":true,"href":"https:\/\/www.asukkaidenvantaa.fi\/index.php?rest_route=\/wp\/v2\/users\/5003"}],"replies":[{"embeddable":true,"href":"https:\/\/www.asukkaidenvantaa.fi\/index.php?rest_route=%2Fwp%2Fv2%2Fcomments&post=3355"}],"version-history":[{"count":6,"href":"https:\/\/www.asukkaidenvantaa.fi\/index.php?rest_route=\/wp\/v2\/posts\/3355\/revisions"}],"predecessor-version":[{"id":3364,"href":"https:\/\/www.asukkaidenvantaa.fi\/index.php?rest_route=\/wp\/v2\/posts\/3355\/revisions\/3364"}],"wp:attachment":[{"href":"https:\/\/www.asukkaidenvantaa.fi\/index.php?rest_route=%2Fwp%2Fv2%2Fmedia&parent=3355"}],"wp:term":[{"taxonomy":"category","embeddable":true,"href":"https:\/\/www.asukkaidenvantaa.fi\/index.php?rest_route=%2Fwp%2Fv2%2Fcategories&post=3355"},{"taxonomy":"post_tag","embeddable":true,"href":"https:\/\/www.asukkaidenvantaa.fi\/index.php?rest_route=%2Fwp%2Fv2%2Ftags&post=3355"}],"curies":[{"name":"wp","href":"https:\/\/api.w.org\/{rel}","templated":true}]}}