{"id":332,"date":"2011-11-13T17:23:29","date_gmt":"2011-11-13T17:23:29","guid":{"rendered":"http:\/\/www.asukkaidenvantaa.fi\/?p=332"},"modified":"2012-05-21T17:25:54","modified_gmt":"2012-05-21T17:25:54","slug":"kaupunginjohtajan-vaihtoviikot","status":"publish","type":"post","link":"https:\/\/www.asukkaidenvantaa.fi\/?p=332","title":{"rendered":"Kaupunginjohtajan vaihtoviikot"},"content":{"rendered":"<p>Jotkut julkiset virat ovat tuulisia paikkoja. Sen joutui toteamaan ainakin <strong>Jukka Peltom\u00e4ki<\/strong><a href=\"\/wp-content\/uploads\/sites\/31\/2012\/05\/vantaanpy\u00f6rteet.jpg\"><img loading=\"lazy\" decoding=\"async\" src=\"\/wp-content\/uploads\/sites\/31\/2012\/05\/vantaanpy\u00f6rteet.jpg\" alt=\"\" title=\"vantaanpy\u00f6rteet\" width=\"192\" height=\"209\" class=\"alignright size-full wp-image-333\" \/><\/a>. Monen toimen mies t\u00e4m\u00e4 pitk\u00e4aikainen vantaalaisvaikuttaja. Poliittisin perustein teht\u00e4v\u00e4t nimitykset vaativat sek\u00e4 pyrky\u00e4, ett\u00e4 nostetta.<\/p>\n<p>Pyrky\u00e4h\u00e4n ei t\u00e4ss\u00e4 tapauksessa puuttunut, mutta kun se noste, eli tukijoiden luottamus h\u00e4vi\u00e4\u00e4, siin\u00e4 ei en\u00e4\u00e4 riit\u00e4 hyv\u00e4 veli- eik\u00e4 edes hyv\u00e4 toveri-verkostot. S\u00e4\u00e4li\u00e4kin miest\u00e4 voisi, mutta samalla ihmetell\u00e4, mink\u00e4laisille tiedoille\/olettamuksille\/luuloille tuo luottamuksen pysyvyys rakentui viel\u00e4 alkukes\u00e4st\u00e4 kun uutta kaupunginjohtajaa valittiin?<\/p>\n<p>Jos jostakin l\u00f6ytyy jutun juurta, ei nykymedia j\u00e4t\u00e4 yht\u00e4\u00e4n kive\u00e4 k\u00e4\u00e4nt\u00e4m\u00e4tt\u00e4. Jos todella oli niin, ett\u00e4 n\u00e4ist\u00e4 ep\u00e4luottamukseen johtaneista taustatekij\u00f6ist\u00e4 tiesi vain itse keskushenkil\u00f6, vanha keh\u00e4kettu, voi vain ihmetell\u00e4, etteik\u00f6 tuolla kokemuksella jo ole oppinut, ett\u00e4 <em>\u201cpampalla tuulee ai ai ai, pampalla tuulee aina!\u201d<\/em><\/p>\n","protected":false},"excerpt":{"rendered":"<p>Jotkut julkiset virat ovat tuulisia paikkoja. Sen joutui toteamaan ainakin Jukka Peltom\u00e4ki. Monen toimen mies t\u00e4m\u00e4 pitk\u00e4aikainen vantaalaisvaikuttaja. Poliittisin perustein teht\u00e4v\u00e4t nimitykset vaativat sek\u00e4 pyrky\u00e4, ett\u00e4 nostetta. Pyrky\u00e4h\u00e4n ei t\u00e4ss\u00e4 tapauksessa puuttunut, mutta kun se noste, eli tukijoiden luottamus h\u00e4vi\u00e4\u00e4, siin\u00e4 ei en\u00e4\u00e4 riit\u00e4 hyv\u00e4 veli- eik\u00e4 edes hyv\u00e4 toveri-verkostot. S\u00e4\u00e4li\u00e4kin miest\u00e4 voisi, mutta samalla&hellip;<\/p>\n<p class=\"more-link-p\"><a class=\"more-link\" href=\"https:\/\/www.asukkaidenvantaa.fi\/?p=332\">Lue lis\u00e4\u00e4 \u2192<\/a><\/p>\n","protected":false},"author":5003,"featured_media":0,"comment_status":"open","ping_status":"open","sticky":false,"template":"","format":"standard","meta":{"footnotes":""},"categories":[28],"tags":[],"class_list":["post-332","post","type-post","status-publish","format-standard","hentry","category-mielipiteet"],"_links":{"self":[{"href":"https:\/\/www.asukkaidenvantaa.fi\/index.php?rest_route=\/wp\/v2\/posts\/332","targetHints":{"allow":["GET"]}}],"collection":[{"href":"https:\/\/www.asukkaidenvantaa.fi\/index.php?rest_route=\/wp\/v2\/posts"}],"about":[{"href":"https:\/\/www.asukkaidenvantaa.fi\/index.php?rest_route=\/wp\/v2\/types\/post"}],"author":[{"embeddable":true,"href":"https:\/\/www.asukkaidenvantaa.fi\/index.php?rest_route=\/wp\/v2\/users\/5003"}],"replies":[{"embeddable":true,"href":"https:\/\/www.asukkaidenvantaa.fi\/index.php?rest_route=%2Fwp%2Fv2%2Fcomments&post=332"}],"version-history":[{"count":1,"href":"https:\/\/www.asukkaidenvantaa.fi\/index.php?rest_route=\/wp\/v2\/posts\/332\/revisions"}],"predecessor-version":[{"id":334,"href":"https:\/\/www.asukkaidenvantaa.fi\/index.php?rest_route=\/wp\/v2\/posts\/332\/revisions\/334"}],"wp:attachment":[{"href":"https:\/\/www.asukkaidenvantaa.fi\/index.php?rest_route=%2Fwp%2Fv2%2Fmedia&parent=332"}],"wp:term":[{"taxonomy":"category","embeddable":true,"href":"https:\/\/www.asukkaidenvantaa.fi\/index.php?rest_route=%2Fwp%2Fv2%2Fcategories&post=332"},{"taxonomy":"post_tag","embeddable":true,"href":"https:\/\/www.asukkaidenvantaa.fi\/index.php?rest_route=%2Fwp%2Fv2%2Ftags&post=332"}],"curies":[{"name":"wp","href":"https:\/\/api.w.org\/{rel}","templated":true}]}}