{"id":3302,"date":"2015-04-02T07:16:04","date_gmt":"2015-04-02T07:16:04","guid":{"rendered":"http:\/\/www.asukkaidenvantaa.fi\/?p=3302"},"modified":"2015-04-02T07:17:09","modified_gmt":"2015-04-02T07:17:09","slug":"rita-dahl-maahanmuutosta","status":"publish","type":"post","link":"https:\/\/www.asukkaidenvantaa.fi\/?p=3302","title":{"rendered":"Rita Dahl maahanmuutosta"},"content":{"rendered":"<p><strong>SKP:n sitoutumattomattona eduskuntavaaliehdokkaana olevan vantaalaisen kirjailijan Rita Dahlin puheenvuoro Hyvink\u00e4\u00e4ll\u00e4 24.3.<\/strong><\/p>\n<p>Rita Dahl:<br \/>\nLaurea Hyvink\u00e4\u00e4n maahanmuuttaja-aiheisessa vaalipaneelissa l\u00e4hdin liikkeelle saapumisestani vuonna 2001 Lissaboniin, portugalia yliopistossa ja ty\u00f6v\u00e4enopistossa hieman opiskelleena. Silti oli suuri kynnys tarttua luuriin ja j\u00e4rjest\u00e4\u00e4 itselleen ensimm\u00e4inen alivuokralaisasunto. Muutaman kuukauden p\u00e4\u00e4st\u00e4 ymm\u00e4rsin kielt\u00e4 eritt\u00e4in hyvin ja puhuinkin v\u00e4h\u00e4n enemm\u00e4n. Vasta vuosien varrella olen kuitenkin oppinut puhumaan portugalia varsin hyvin k\u00e4yt\u00e4nn\u00f6n kielenk\u00e4ytt\u00f6tilanteissa, Brasiliaan, Portugaliin suuntautuvilla matkoillani. Olen k\u00e4\u00e4nt\u00e4nyt ja toimittanut ensimm\u00e4isen portugalilaisen nykyrunouden antologian, joka ilmestyy viel\u00e4 t\u00e4n\u00e4 kev\u00e4\u00e4n\u00e4. Lis\u00e4ksi kirjallisuuslehdiss\u00e4 on ilmestynyt useita kymmeni\u00e4 brasilialaisen, portugalilaisen ja mosambikilaisen runouden k\u00e4\u00e4nn\u00f6ksi\u00e4.<\/p>\n<p>Vastaavaa k\u00e4yt\u00e4nn\u00f6n kielikoulutusta toivon suomen kielen opetukseenkin. Kieli ei ole pelkk\u00e4\u00e4 kielioppia, vaikka hienoahan tietysti on puhua viel\u00e4 kehittyneill\u00e4 rakenteillakin ja viel\u00e4 hienompaa idiomeja k\u00e4ytt\u00e4en! EU, globalisoituminen ja auenneet rajat ovat tuoneet impivaaralaisen Suomenkin k\u00e4yt\u00e4nn\u00f6n muutosten eteen: 1950-luvun alle 10 000 maahanmuuttajasta nykyiset 180 000 maahanmuuttajaa on huima lis\u00e4ys. Vuoteen 2030 menness\u00e4 TEM ennustaa Suomessa olevan puoli miljoonaa maahanmuuttajaa.<\/p>\n<p>TEM on laatinut ensimm\u00e4isen kotouttamisohjelmansa vasta vuosiksi 2012-2015. Tekemist\u00e4 ja kehitett\u00e4v\u00e4\u00e4 siis tosiaan riitt\u00e4\u00e4 my\u00f6s sosiaalista segregaatiota lis\u00e4\u00e4v\u00e4st\u00e4 maahanmuuttajien sijoittamisesta paperittomien oikeuksien my\u00f6nt\u00e4miseen. (Hakunilassa somalit ja suomenmustalaiset on sijoitettu kahteen samaan kerrostaloon, kolmannessa ovat myanmarilaiset, nigerialaiset jne.)<\/p>\n<p>Maahanmuuttajat, kuten mik\u00e4\u00e4n muukaan ryhm\u00e4, eiv\u00e4t ole harmaa monoliitti, joukkoon mahtuu niin ty\u00f6per\u00e4isi\u00e4, korkeasti koulutettuja maahanmuuttajia kuin humanit\u00e4\u00e4risist\u00e4 syist\u00e4 paenneita, uutta asuinsijaa etsivi\u00e4 turvapaikanhakijoitakin (EK:n tuplaustoivomus koskee ehdottomasti vain ensinm\u00e4inittua ryhm\u00e4\u00e4!) Kaikille olisi l\u00f6ydytt\u00e4v\u00e4 tilaa.<br \/>\n<div id=\"attachment_3306\" style=\"width: 710px\" class=\"wp-caption aligncenter\"><a href=\"\/wp-content\/uploads\/sites\/31\/2015\/04\/Rita-maahanmuutto-e1427958795999.jpg\"><img loading=\"lazy\" decoding=\"async\" aria-describedby=\"caption-attachment-3306\" src=\"\/wp-content\/uploads\/sites\/31\/2015\/04\/Rita-maahanmuutto-e1427958795999.jpg\" alt=\"Maahanmuuttajalapsia Ritan halissa.\" width=\"700\" height=\"463\" class=\"size-full wp-image-3306\" \/><\/a><p id=\"caption-attachment-3306\" class=\"wp-caption-text\">Maahanmuuttajalapsia Ritan halissa.<\/p><\/div>\n<p>Portugalissa huomasin taas kerran, kuinka muodostamme stereotypioiden avulla k\u00e4sityksi\u00e4 muista ihmisist\u00e4. Vanhemman sukupolven keskuudessa el\u00e4\u00e4 edelleen vahvana ns. kolonisoijan, siirtomaahallitsijan asenne. Kuinka paljon Suomessa on korjattavaa asenteissa? Vihapuhe, shovinismi ovat ilmenemismuotoja pelolle, oman identiteetin ep\u00e4varmuudelle ja hauraudelle.<\/p>\n<p>Puhe on aina symbolista vallank\u00e4ytt\u00f6\u00e4, jolla rakennetaan omaa ja toisen identiteetti\u00e4. Siksi olen kirjailijana paikantanut omia matkojani matkakirjoissani (Portugali, Brasilia, Etel\u00e4-Meksiko, Kypros, Kap Verde) ja matkaproosassani (Rajanylityksi\u00e4 2012). Summa summarum: kun omakuva on selke\u00e4 ja oman minuuden moninaiset fasetit (luonteenpiirteet) tunnustetaan reilusti, my\u00f6s maahanmuuttaja n\u00e4hd\u00e4\u00e4n kaikkine ominaisuuksineen, ei puudelina, jonka h\u00e4nt\u00e4 on pakolla typistetty.<\/p>\n","protected":false},"excerpt":{"rendered":"<p>SKP:n sitoutumattomattona eduskuntavaaliehdokkaana olevan vantaalaisen kirjailijan Rita Dahlin puheenvuoro Hyvink\u00e4\u00e4ll\u00e4 24.3. Rita Dahl: Laurea Hyvink\u00e4\u00e4n maahanmuuttaja-aiheisessa vaalipaneelissa l\u00e4hdin liikkeelle saapumisestani vuonna 2001 Lissaboniin, portugalia yliopistossa ja ty\u00f6v\u00e4enopistossa hieman opiskelleena. Silti oli suuri kynnys tarttua luuriin ja j\u00e4rjest\u00e4\u00e4 itselleen ensimm\u00e4inen alivuokralaisasunto. Muutaman kuukauden p\u00e4\u00e4st\u00e4 ymm\u00e4rsin kielt\u00e4 eritt\u00e4in hyvin ja puhuinkin v\u00e4h\u00e4n enemm\u00e4n. Vasta vuosien varrella olen&hellip;<\/p>\n<p class=\"more-link-p\"><a class=\"more-link\" href=\"https:\/\/www.asukkaidenvantaa.fi\/?p=3302\">Lue lis\u00e4\u00e4 \u2192<\/a><\/p>\n","protected":false},"author":5003,"featured_media":3304,"comment_status":"open","ping_status":"open","sticky":false,"template":"","format":"standard","meta":{"footnotes":""},"categories":[1],"tags":[],"class_list":["post-3302","post","type-post","status-publish","format-standard","has-post-thumbnail","hentry","category-uncategorized"],"_links":{"self":[{"href":"https:\/\/www.asukkaidenvantaa.fi\/index.php?rest_route=\/wp\/v2\/posts\/3302","targetHints":{"allow":["GET"]}}],"collection":[{"href":"https:\/\/www.asukkaidenvantaa.fi\/index.php?rest_route=\/wp\/v2\/posts"}],"about":[{"href":"https:\/\/www.asukkaidenvantaa.fi\/index.php?rest_route=\/wp\/v2\/types\/post"}],"author":[{"embeddable":true,"href":"https:\/\/www.asukkaidenvantaa.fi\/index.php?rest_route=\/wp\/v2\/users\/5003"}],"replies":[{"embeddable":true,"href":"https:\/\/www.asukkaidenvantaa.fi\/index.php?rest_route=%2Fwp%2Fv2%2Fcomments&post=3302"}],"version-history":[{"count":4,"href":"https:\/\/www.asukkaidenvantaa.fi\/index.php?rest_route=\/wp\/v2\/posts\/3302\/revisions"}],"predecessor-version":[{"id":3308,"href":"https:\/\/www.asukkaidenvantaa.fi\/index.php?rest_route=\/wp\/v2\/posts\/3302\/revisions\/3308"}],"wp:featuredmedia":[{"embeddable":true,"href":"https:\/\/www.asukkaidenvantaa.fi\/index.php?rest_route=\/wp\/v2\/media\/3304"}],"wp:attachment":[{"href":"https:\/\/www.asukkaidenvantaa.fi\/index.php?rest_route=%2Fwp%2Fv2%2Fmedia&parent=3302"}],"wp:term":[{"taxonomy":"category","embeddable":true,"href":"https:\/\/www.asukkaidenvantaa.fi\/index.php?rest_route=%2Fwp%2Fv2%2Fcategories&post=3302"},{"taxonomy":"post_tag","embeddable":true,"href":"https:\/\/www.asukkaidenvantaa.fi\/index.php?rest_route=%2Fwp%2Fv2%2Ftags&post=3302"}],"curies":[{"name":"wp","href":"https:\/\/api.w.org\/{rel}","templated":true}]}}