{"id":3298,"date":"2015-03-30T07:45:25","date_gmt":"2015-03-30T07:45:25","guid":{"rendered":"http:\/\/www.asukkaidenvantaa.fi\/?p=3298"},"modified":"2015-03-30T07:45:25","modified_gmt":"2015-03-30T07:45:25","slug":"eduskuntavaalikampanja-alkaa-tiivistya","status":"publish","type":"post","link":"https:\/\/www.asukkaidenvantaa.fi\/?p=3298","title":{"rendered":"Eduskuntavaalikampanja alkaa tiivisty\u00e4"},"content":{"rendered":"<p><strong>Puolueet liikkeell\u00e4 viikonlopun markkinoilla Vantaalla.<\/strong><br \/>\nLauantaina 28.3. Myyrm\u00e4en markkinoilla ja sunnuntaina 29.3. Korson markkinoilla olivat puolueet telttoineen liikkeell\u00e4 t\u00e4ydell\u00e4 rintamalla.<\/p>\n<p>Toinen toisiltaan kopioiduilla karamellikoreilla ja liehuvilla mainoksilla yritettiin saada toriyleis\u00f6n huomiota. Ja kyll\u00e4h\u00e4n osa ihmisist\u00e4 seurusteli my\u00f6s poliitikkojen kanssa.<\/p>\n<p>Hyv\u00e4\u00e4 on tarjolla n\u00e4in vaalien alla ylt\u00e4kyll\u00e4isesti, mutta leikkaukset odottavat nurkan takana jos nykyiset vallassa olijat saavat uudistettua valtakirjansa. Vai olisiko kansa jo oppinut?<\/p>\n<p><strong>Vaihtoehtokin on olemassa<\/strong><br \/>\nSKP:n, Suomen Kommunistisen puolueen, vaihtoehto: Ty\u00f6t\u00e4, Rauhaa, Perusturvaa l\u00e4htee hyvinvointivaltion kehitt\u00e4misest\u00e4. SKP:n ohjelmassa hyl\u00e4t\u00e4\u00e4n t\u00e4ydellisesti kurjistamispolitiikan jatko.<br \/>\n<div id=\"attachment_3299\" style=\"width: 510px\" class=\"wp-caption aligncenter\"><a href=\"\/wp-content\/uploads\/sites\/31\/2015\/03\/Rita-Korson-markkinoilla-29.3.2015-e1427701345431.jpg\"><img loading=\"lazy\" decoding=\"async\" aria-describedby=\"caption-attachment-3299\" src=\"\/wp-content\/uploads\/sites\/31\/2015\/03\/Rita-Korson-markkinoilla-29.3.2015-e1427701345431.jpg\" alt=\"Rita Dahl Korson markkinoilla 29.3. kilvoittelemassa \u00e4\u00e4nist\u00e4 mm. kuvan Vihreiden ehdokkaan kanssa.\" width=\"500\" height=\"375\" class=\"size-full wp-image-3299\" \/><\/a><p id=\"caption-attachment-3299\" class=\"wp-caption-text\">Rita Dahl Korson markkinoilla 29.3. kilvoittelemassa \u00e4\u00e4nist\u00e4 mm. kuvan Vihreiden ehdokkaan kanssa.<\/p><\/div>\n","protected":false},"excerpt":{"rendered":"<p>Puolueet liikkeell\u00e4 viikonlopun markkinoilla Vantaalla. Lauantaina 28.3. Myyrm\u00e4en markkinoilla ja sunnuntaina 29.3. Korson markkinoilla olivat puolueet telttoineen liikkeell\u00e4 t\u00e4ydell\u00e4 rintamalla. Toinen toisiltaan kopioiduilla karamellikoreilla ja liehuvilla mainoksilla yritettiin saada toriyleis\u00f6n huomiota. Ja kyll\u00e4h\u00e4n osa ihmisist\u00e4 seurusteli my\u00f6s poliitikkojen kanssa. Hyv\u00e4\u00e4 on tarjolla n\u00e4in vaalien alla ylt\u00e4kyll\u00e4isesti, mutta leikkaukset odottavat nurkan takana jos nykyiset vallassa olijat&hellip;<\/p>\n<p class=\"more-link-p\"><a class=\"more-link\" href=\"https:\/\/www.asukkaidenvantaa.fi\/?p=3298\">Lue lis\u00e4\u00e4 \u2192<\/a><\/p>\n","protected":false},"author":5003,"featured_media":0,"comment_status":"open","ping_status":"open","sticky":false,"template":"","format":"standard","meta":{"footnotes":""},"categories":[35,355],"tags":[],"class_list":["post-3298","post","type-post","status-publish","format-standard","hentry","category-tapahtumat","category-ajankohtaisia"],"_links":{"self":[{"href":"https:\/\/www.asukkaidenvantaa.fi\/index.php?rest_route=\/wp\/v2\/posts\/3298","targetHints":{"allow":["GET"]}}],"collection":[{"href":"https:\/\/www.asukkaidenvantaa.fi\/index.php?rest_route=\/wp\/v2\/posts"}],"about":[{"href":"https:\/\/www.asukkaidenvantaa.fi\/index.php?rest_route=\/wp\/v2\/types\/post"}],"author":[{"embeddable":true,"href":"https:\/\/www.asukkaidenvantaa.fi\/index.php?rest_route=\/wp\/v2\/users\/5003"}],"replies":[{"embeddable":true,"href":"https:\/\/www.asukkaidenvantaa.fi\/index.php?rest_route=%2Fwp%2Fv2%2Fcomments&post=3298"}],"version-history":[{"count":2,"href":"https:\/\/www.asukkaidenvantaa.fi\/index.php?rest_route=\/wp\/v2\/posts\/3298\/revisions"}],"predecessor-version":[{"id":3301,"href":"https:\/\/www.asukkaidenvantaa.fi\/index.php?rest_route=\/wp\/v2\/posts\/3298\/revisions\/3301"}],"wp:attachment":[{"href":"https:\/\/www.asukkaidenvantaa.fi\/index.php?rest_route=%2Fwp%2Fv2%2Fmedia&parent=3298"}],"wp:term":[{"taxonomy":"category","embeddable":true,"href":"https:\/\/www.asukkaidenvantaa.fi\/index.php?rest_route=%2Fwp%2Fv2%2Fcategories&post=3298"},{"taxonomy":"post_tag","embeddable":true,"href":"https:\/\/www.asukkaidenvantaa.fi\/index.php?rest_route=%2Fwp%2Fv2%2Ftags&post=3298"}],"curies":[{"name":"wp","href":"https:\/\/api.w.org\/{rel}","templated":true}]}}