{"id":3289,"date":"2015-03-25T11:48:36","date_gmt":"2015-03-25T11:48:36","guid":{"rendered":"http:\/\/www.asukkaidenvantaa.fi\/?p=3289"},"modified":"2015-03-25T11:48:36","modified_gmt":"2015-03-25T11:48:36","slug":"demokratia-ja-demokratia-suurkuntahanke-ja-tuomelan-koulu","status":"publish","type":"post","link":"https:\/\/www.asukkaidenvantaa.fi\/?p=3289","title":{"rendered":"Demokratia ja demokratia, suurkuntahanke ja Tuomelan koulu"},"content":{"rendered":"<p><strong>Farssin piirteit\u00e4 sis\u00e4lt\u00e4v\u00e4 p\u00e4\u00e4kaupunkiseudun kuntien yhdist\u00e4minen sai kunnanjohtajat turvautumaan jopa yleis\u00f6nosasto kirjoitteluun.<\/strong><\/p>\n<p>Espoon, Vantaan, Sipoon ja Kauniaisten johtajat julkaisivat Helsingin Sanomissa 20.3. yleis\u00f6nosastokirjoituksen jossa vaativat lopettamaan p\u00e4\u00e4kaupunkiseudun kuntien yhdist\u00e4mishankkeen perusteena kuntien enemmist\u00f6n kielteinen kanta. Eli vedottiin demokratiaan.<\/p>\n<p>Helsingin kaupuginjohtaja Jussi Pajunen reagoi kollegoidensa kannanottoon pikaisesti. 23.3. saatiin lukea em. aviisista Pajusen kantana, ett\u00e4 kuntajakoa kannattaa jatkaa.<\/p>\n<p>Yhdistysesitys tulee jatkamaan omaa el\u00e4m\u00e4\u00e4ns\u00e4, n\u00e4ht\u00e4v\u00e4ksi j\u00e4\u00e4 miten.<\/p>\n<p>Asukkaidenvantaa.fi verkkolehte\u00e4 julkaisevan SKP:n Vantaan kaupunkij\u00e4rjest\u00f6n mielest\u00e4 kuntaliitosta ei tule tehd\u00e4, mutta vaaleilla valittava maakuntahallinto on syyt\u00e4 perustaa ratkomaan joitakin kuntarajat ylitt\u00e4vi\u00e4 teht\u00e4vi\u00e4, esim. maank\u00e4ytt\u00f6, asuminen, liikenne, energia.<\/p>\n<p><strong>Kysymys demokratiasta<\/strong><br \/>\nVantaan kaupunginjohtajan Kari Nenosen ja h\u00e4nen kolmen kollegansa vetoaminen demokratiaan kuntaliitos asiassa on mielenkiintoista. <\/p>\n<div id=\"attachment_3290\" style=\"width: 760px\" class=\"wp-caption aligncenter\"><a href=\"\/wp-content\/uploads\/sites\/31\/2015\/03\/P1020818-\u2013-kopio-e1427283105731.jpg\"><img loading=\"lazy\" decoding=\"async\" aria-describedby=\"caption-attachment-3290\" src=\"\/wp-content\/uploads\/sites\/31\/2015\/03\/P1020818-\u2013-kopio-e1427283105731.jpg\" alt=\"Tuomelan koulun puolustajat mielenilmauksessa Vantaan kaupungintalolla kampanjan alkuaikoina syyskuussa 2013.\" width=\"750\" height=\"563\" class=\"size-full wp-image-3290\" \/><\/a><p id=\"caption-attachment-3290\" class=\"wp-caption-text\">Tuomelan koulun puolustajat mielenilmauksessa Vantaan kaupungintalolla kampanjan alkuaikoina syyskuussa 2013.<\/p><\/div>\n<p>Vantaalla on Hevoshaan ja Tuomelan kolujen lakkautukset nostaneet laajan ja jo pitk\u00e4\u00e4n jatkuneen kamppailun l\u00e4hikoulujen s\u00e4ilytt\u00e4miseksi. Vantaan johdolle ei mitenk\u00e4\u00e4n ole voinut j\u00e4\u00e4d\u00e4 tiedostamatta, ett\u00e4 sek\u00e4 Hevoshaan ett\u00e4 Tuomelan koulujen s\u00e4ilytt\u00e4misen puolella on asujamiston ehdoton tuki. Kansalaiset vastaan Vantaan johto. Demokratian n\u00e4k\u00f6kulmasta on t\u00e4ysin selv\u00e4\u00e4, ett\u00e4 kansan mielipide tulisi toteuttaa. Se ei kuitenkaan sovi Vantaan johdolle. Vantaan johdon demokratiaa on vain samanmielisyys sen kanssa.<\/p>\n","protected":false},"excerpt":{"rendered":"<p>Farssin piirteit\u00e4 sis\u00e4lt\u00e4v\u00e4 p\u00e4\u00e4kaupunkiseudun kuntien yhdist\u00e4minen sai kunnanjohtajat turvautumaan jopa yleis\u00f6nosasto kirjoitteluun. Espoon, Vantaan, Sipoon ja Kauniaisten johtajat julkaisivat Helsingin Sanomissa 20.3. yleis\u00f6nosastokirjoituksen jossa vaativat lopettamaan p\u00e4\u00e4kaupunkiseudun kuntien yhdist\u00e4mishankkeen perusteena kuntien enemmist\u00f6n kielteinen kanta. Eli vedottiin demokratiaan. Helsingin kaupuginjohtaja Jussi Pajunen reagoi kollegoidensa kannanottoon pikaisesti. 23.3. saatiin lukea em. aviisista Pajusen kantana, ett\u00e4 kuntajakoa kannattaa&hellip;<\/p>\n<p class=\"more-link-p\"><a class=\"more-link\" href=\"https:\/\/www.asukkaidenvantaa.fi\/?p=3289\">Lue lis\u00e4\u00e4 \u2192<\/a><\/p>\n","protected":false},"author":5003,"featured_media":0,"comment_status":"open","ping_status":"open","sticky":false,"template":"","format":"standard","meta":{"footnotes":""},"categories":[28],"tags":[],"class_list":["post-3289","post","type-post","status-publish","format-standard","hentry","category-mielipiteet"],"_links":{"self":[{"href":"https:\/\/www.asukkaidenvantaa.fi\/index.php?rest_route=\/wp\/v2\/posts\/3289","targetHints":{"allow":["GET"]}}],"collection":[{"href":"https:\/\/www.asukkaidenvantaa.fi\/index.php?rest_route=\/wp\/v2\/posts"}],"about":[{"href":"https:\/\/www.asukkaidenvantaa.fi\/index.php?rest_route=\/wp\/v2\/types\/post"}],"author":[{"embeddable":true,"href":"https:\/\/www.asukkaidenvantaa.fi\/index.php?rest_route=\/wp\/v2\/users\/5003"}],"replies":[{"embeddable":true,"href":"https:\/\/www.asukkaidenvantaa.fi\/index.php?rest_route=%2Fwp%2Fv2%2Fcomments&post=3289"}],"version-history":[{"count":5,"href":"https:\/\/www.asukkaidenvantaa.fi\/index.php?rest_route=\/wp\/v2\/posts\/3289\/revisions"}],"predecessor-version":[{"id":3296,"href":"https:\/\/www.asukkaidenvantaa.fi\/index.php?rest_route=\/wp\/v2\/posts\/3289\/revisions\/3296"}],"wp:attachment":[{"href":"https:\/\/www.asukkaidenvantaa.fi\/index.php?rest_route=%2Fwp%2Fv2%2Fmedia&parent=3289"}],"wp:term":[{"taxonomy":"category","embeddable":true,"href":"https:\/\/www.asukkaidenvantaa.fi\/index.php?rest_route=%2Fwp%2Fv2%2Fcategories&post=3289"},{"taxonomy":"post_tag","embeddable":true,"href":"https:\/\/www.asukkaidenvantaa.fi\/index.php?rest_route=%2Fwp%2Fv2%2Ftags&post=3289"}],"curies":[{"name":"wp","href":"https:\/\/api.w.org\/{rel}","templated":true}]}}