{"id":3282,"date":"2015-03-24T12:17:20","date_gmt":"2015-03-24T12:17:20","guid":{"rendered":"http:\/\/www.asukkaidenvantaa.fi\/?p=3282"},"modified":"2015-03-24T12:17:20","modified_gmt":"2015-03-24T12:17:20","slug":"rita-dahl-vantaan-koyhien-vaalipanelissa","status":"publish","type":"post","link":"https:\/\/www.asukkaidenvantaa.fi\/?p=3282","title":{"rendered":"Rita Dahl Vantaan k\u00f6yhien vaalipanelissa"},"content":{"rendered":"<p>Rita Dahl: Vantaan k\u00f6yhien paneelissa 17.3. puhuin itsens\u00e4 ty\u00f6llist\u00e4jien tilanteesta erityisesti taiteilijan\u00e4k\u00f6kulmasta. T\u00e4h\u00e4n laajan kattok\u00e4sitteen ryhm\u00e4\u00e4n kuuluu niinkin erilaisia ammattiryhmi\u00e4 kuin konsultit, rakennusalan yritt\u00e4j\u00e4t, eri alojen taiteilijat jne. Vuonna 2013 meit\u00e4 oli per\u00e4ti kuusi prosenttia ty\u00f6v\u00e4est\u00f6st\u00e4, ehk\u00e4 siit\u00e4kin syyst\u00e4 STM ja TEM ovat julkaisseet meit\u00e4 koskevat raportit parin vuoden sis\u00e4ll\u00e4. <\/p>\n<p>Er\u00e4s TEM:in toimenpide-ehdotus raportin pohjalta on joustavuuden lis\u00e4\u00e4minen: ty\u00f6tt\u00f6myysturvan saamisen ehtona ei voi pit\u00e4\u00e4 YEL\/MYEL-vakuutuksen irtisanomista. Lis\u00e4ksi oma ehdotukseni: huonoina apurahavuosina, kun el\u00e4keturvasta ei pysty itse huolehtimaan, se taataan muilla keinoin. Er\u00e4s mahdollisuus ammattitaiteilijoiden kehnon tilanteen ratkaisemiseksi on taiteilijapalkka (jota koskevan ehdotuksen Suomen Kirjailijaliitto on tehnyt vuonna 1976). <\/p>\n<p>Toki itsens\u00e4 ty\u00f6llist\u00e4j\u00e4t on hyvin kirjava ryhm\u00e4 erilaisia ammattiryhmi\u00e4, eik\u00e4 parhaiten ansaitsevilla ole toimeentulo- ja el\u00e4keturvaongelmia.<\/p>\n<p>Korostin my\u00f6s ilmaisten tai edullisten ja julkisesti tuotettujen sote-palveluiden ja koulutuksen t\u00e4rkeytt\u00e4 sosiaalisen nousun mahdollistajana &#8211; n\u00e4in lahjakkaat ty\u00f6l\u00e4isperheiden lapset voivat edelleen hankkia akateemisen koulutuksen. <\/p>\n<p>Kysymys on talouspoliittisesta linjanvalinnasta: nyt olisi aika panostaa julkisen kysynn\u00e4n lis\u00e4\u00e4miseen ja palveluiden parantamiseen leikkaamisen ja s\u00e4\u00e4st\u00e4misen sijasta. Kysymykseen julkisuus\/yksityisyys esimerkiksi Palkansaajien tutkimuslaitoksen raportti vastaa: ulkoistaminen ei ole osoittautunut tehokkaaksi, se on heikent\u00e4nyt sote-palveluiden laatua. <\/p>\n<p>Loppukysymykseen Miksi minua kannattaa \u00e4\u00e4nest\u00e4\u00e4? vastasin: koska olen kielitaitoinen ja koulutettu, seuraan kansainv\u00e4list\u00e4 politiikkaa ja yhteiskunnallisia asioita ja koska olen kaikkein haavoittuvimpien ja itsens\u00e4 ty\u00f6llist\u00e4jien puolella ja kannatan oikeudenmukaista yhteiskuntakehityst\u00e4.<br \/>\n<div id=\"attachment_3284\" style=\"width: 710px\" class=\"wp-caption aligncenter\"><a href=\"\/wp-content\/uploads\/sites\/31\/2015\/03\/Rita-5-e1427198562463.jpg\"><img loading=\"lazy\" decoding=\"async\" aria-describedby=\"caption-attachment-3284\" src=\"\/wp-content\/uploads\/sites\/31\/2015\/03\/Rita-5-e1427198562463.jpg\" alt=\"Rita Dahl, SKP:n sitoutumaton ehdokas kev\u00e4\u00e4n eduskuntavaaleissa k\u00e4sitteli Vantaan k\u00f6yhien vaalipanelissa itsens\u00e4 ty\u00f6llist\u00e4jien ongelmia erityisesti taiteilijoiden n\u00e4k\u00f6kulmasta. Rita Dahl on ammatiltaan kirjailija, sopraano. \" width=\"700\" height=\"467\" class=\"size-full wp-image-3284\" \/><\/a><p id=\"caption-attachment-3284\" class=\"wp-caption-text\">Rita Dahl, SKP:n sitoutumaton ehdokas kev\u00e4\u00e4n eduskuntavaaleissa k\u00e4sitteli Vantaan k\u00f6yhien vaalipanelissa itsens\u00e4 ty\u00f6llist\u00e4jien ongelmia erityisesti taiteilijoiden n\u00e4k\u00f6kulmasta. Rita Dahl on ammatiltaan kirjailija, sopraano.<\/p><\/div>\n","protected":false},"excerpt":{"rendered":"<p>Rita Dahl: Vantaan k\u00f6yhien paneelissa 17.3. puhuin itsens\u00e4 ty\u00f6llist\u00e4jien tilanteesta erityisesti taiteilijan\u00e4k\u00f6kulmasta. T\u00e4h\u00e4n laajan kattok\u00e4sitteen ryhm\u00e4\u00e4n kuuluu niinkin erilaisia ammattiryhmi\u00e4 kuin konsultit, rakennusalan yritt\u00e4j\u00e4t, eri alojen taiteilijat jne. Vuonna 2013 meit\u00e4 oli per\u00e4ti kuusi prosenttia ty\u00f6v\u00e4est\u00f6st\u00e4, ehk\u00e4 siit\u00e4kin syyst\u00e4 STM ja TEM ovat julkaisseet meit\u00e4 koskevat raportit parin vuoden sis\u00e4ll\u00e4. Er\u00e4s TEM:in toimenpide-ehdotus raportin pohjalta&hellip;<\/p>\n<p class=\"more-link-p\"><a class=\"more-link\" href=\"https:\/\/www.asukkaidenvantaa.fi\/?p=3282\">Lue lis\u00e4\u00e4 \u2192<\/a><\/p>\n","protected":false},"author":5003,"featured_media":3283,"comment_status":"open","ping_status":"open","sticky":false,"template":"","format":"standard","meta":{"footnotes":""},"categories":[28],"tags":[],"class_list":["post-3282","post","type-post","status-publish","format-standard","has-post-thumbnail","hentry","category-mielipiteet"],"_links":{"self":[{"href":"https:\/\/www.asukkaidenvantaa.fi\/index.php?rest_route=\/wp\/v2\/posts\/3282","targetHints":{"allow":["GET"]}}],"collection":[{"href":"https:\/\/www.asukkaidenvantaa.fi\/index.php?rest_route=\/wp\/v2\/posts"}],"about":[{"href":"https:\/\/www.asukkaidenvantaa.fi\/index.php?rest_route=\/wp\/v2\/types\/post"}],"author":[{"embeddable":true,"href":"https:\/\/www.asukkaidenvantaa.fi\/index.php?rest_route=\/wp\/v2\/users\/5003"}],"replies":[{"embeddable":true,"href":"https:\/\/www.asukkaidenvantaa.fi\/index.php?rest_route=%2Fwp%2Fv2%2Fcomments&post=3282"}],"version-history":[{"count":4,"href":"https:\/\/www.asukkaidenvantaa.fi\/index.php?rest_route=\/wp\/v2\/posts\/3282\/revisions"}],"predecessor-version":[{"id":3288,"href":"https:\/\/www.asukkaidenvantaa.fi\/index.php?rest_route=\/wp\/v2\/posts\/3282\/revisions\/3288"}],"wp:featuredmedia":[{"embeddable":true,"href":"https:\/\/www.asukkaidenvantaa.fi\/index.php?rest_route=\/wp\/v2\/media\/3283"}],"wp:attachment":[{"href":"https:\/\/www.asukkaidenvantaa.fi\/index.php?rest_route=%2Fwp%2Fv2%2Fmedia&parent=3282"}],"wp:term":[{"taxonomy":"category","embeddable":true,"href":"https:\/\/www.asukkaidenvantaa.fi\/index.php?rest_route=%2Fwp%2Fv2%2Fcategories&post=3282"},{"taxonomy":"post_tag","embeddable":true,"href":"https:\/\/www.asukkaidenvantaa.fi\/index.php?rest_route=%2Fwp%2Fv2%2Ftags&post=3282"}],"curies":[{"name":"wp","href":"https:\/\/api.w.org\/{rel}","templated":true}]}}