{"id":328,"date":"2011-11-11T17:19:29","date_gmt":"2011-11-11T17:19:29","guid":{"rendered":"http:\/\/www.asukkaidenvantaa.fi\/?p=328"},"modified":"2012-05-21T17:27:22","modified_gmt":"2012-05-21T17:27:22","slug":"koululaisten-iltapaivakerhot-hunningolla","status":"publish","type":"post","link":"https:\/\/www.asukkaidenvantaa.fi\/?p=328","title":{"rendered":"Koululaisten iltap\u00e4iv\u00e4kerhot hunningolla"},"content":{"rendered":"<p>Nelj\u00e4 ykk\u00f6s- ja kakkosluokkalaisten iltap\u00e4iv\u00e4kerhoa Simonkalliossa, Hiekkaharjussa ja Ilolassa jouduttiin lopettamaan ala-arvoisen toiminnan johdosta. Toimintaa kesti kaksi viikkoa.<\/p>\n<p>Ohjaajia oli liian v\u00e4h\u00e4n, hekin ep\u00e4p\u00e4tevi\u00e4. Tiloissa, siisteydess\u00e4 ja ruokailussa oli suuria puutteita. Jostain syyst\u00e4 kaupunki oli ostanut palvelut ep\u00e4luotettavalta yhdistykselt\u00e4 ja her\u00e4si vasta vanhemmilta tulleeseen valitustulvaan.<\/p>\n<p>T\u00e4m\u00e4 osoittaa v\u00e4linpit\u00e4m\u00e4tt\u00f6myytt\u00e4 kaupungin taholta. Koululaiset ansaitsevat paremman kohtelun.<\/p>\n","protected":false},"excerpt":{"rendered":"<p>Nelj\u00e4 ykk\u00f6s- ja kakkosluokkalaisten iltap\u00e4iv\u00e4kerhoa Simonkalliossa, Hiekkaharjussa ja Ilolassa jouduttiin lopettamaan ala-arvoisen toiminnan johdosta. Toimintaa kesti kaksi viikkoa. Ohjaajia oli liian v\u00e4h\u00e4n, hekin ep\u00e4p\u00e4tevi\u00e4. Tiloissa, siisteydess\u00e4 ja ruokailussa oli suuria puutteita. Jostain syyst\u00e4 kaupunki oli ostanut palvelut ep\u00e4luotettavalta yhdistykselt\u00e4 ja her\u00e4si vasta vanhemmilta tulleeseen valitustulvaan. T\u00e4m\u00e4 osoittaa v\u00e4linpit\u00e4m\u00e4tt\u00f6myytt\u00e4 kaupungin taholta. Koululaiset ansaitsevat paremman kohtelun.<\/p>\n<p class=\"more-link-p\"><a class=\"more-link\" href=\"https:\/\/www.asukkaidenvantaa.fi\/?p=328\">Lue lis\u00e4\u00e4 \u2192<\/a><\/p>\n","protected":false},"author":5003,"featured_media":0,"comment_status":"open","ping_status":"open","sticky":false,"template":"","format":"standard","meta":{"footnotes":""},"categories":[1],"tags":[42,43,41],"class_list":["post-328","post","type-post","status-publish","format-standard","hentry","category-uncategorized","tag-hiekkaharju","tag-ilola","tag-simonkallio"],"_links":{"self":[{"href":"https:\/\/www.asukkaidenvantaa.fi\/index.php?rest_route=\/wp\/v2\/posts\/328","targetHints":{"allow":["GET"]}}],"collection":[{"href":"https:\/\/www.asukkaidenvantaa.fi\/index.php?rest_route=\/wp\/v2\/posts"}],"about":[{"href":"https:\/\/www.asukkaidenvantaa.fi\/index.php?rest_route=\/wp\/v2\/types\/post"}],"author":[{"embeddable":true,"href":"https:\/\/www.asukkaidenvantaa.fi\/index.php?rest_route=\/wp\/v2\/users\/5003"}],"replies":[{"embeddable":true,"href":"https:\/\/www.asukkaidenvantaa.fi\/index.php?rest_route=%2Fwp%2Fv2%2Fcomments&post=328"}],"version-history":[{"count":2,"href":"https:\/\/www.asukkaidenvantaa.fi\/index.php?rest_route=\/wp\/v2\/posts\/328\/revisions"}],"predecessor-version":[{"id":336,"href":"https:\/\/www.asukkaidenvantaa.fi\/index.php?rest_route=\/wp\/v2\/posts\/328\/revisions\/336"}],"wp:attachment":[{"href":"https:\/\/www.asukkaidenvantaa.fi\/index.php?rest_route=%2Fwp%2Fv2%2Fmedia&parent=328"}],"wp:term":[{"taxonomy":"category","embeddable":true,"href":"https:\/\/www.asukkaidenvantaa.fi\/index.php?rest_route=%2Fwp%2Fv2%2Fcategories&post=328"},{"taxonomy":"post_tag","embeddable":true,"href":"https:\/\/www.asukkaidenvantaa.fi\/index.php?rest_route=%2Fwp%2Fv2%2Ftags&post=328"}],"curies":[{"name":"wp","href":"https:\/\/api.w.org\/{rel}","templated":true}]}}