{"id":3270,"date":"2015-03-18T12:20:09","date_gmt":"2015-03-18T12:20:09","guid":{"rendered":"http:\/\/www.asukkaidenvantaa.fi\/?p=3270"},"modified":"2015-03-18T12:21:05","modified_gmt":"2015-03-18T12:21:05","slug":"koyhyyden-moniulotteisuutta-ruodittiin-vantaan-koyhien-toisessa-vaalikeskustelussa","status":"publish","type":"post","link":"https:\/\/www.asukkaidenvantaa.fi\/?p=3270","title":{"rendered":"K\u00f6yhyyden moniulotteisuutta ruodittiin Vantaan K\u00f6yhien toisessa vaalikeskustelussa"},"content":{"rendered":"<p><strong>Vantaan K\u00f6yhien II:ssa vaalikeskustelussa Koivukyl\u00e4n kirjastossa k\u00f6yhyyden syyt ja muodot n\u00e4ytt\u00e4ytyiv\u00e4t monimuotoisina.<\/strong><\/p>\n<p>Vantaan K\u00f6yhien ja Vantaan vapaaehtoisten valvojien Watchdogien vaalikeskustelun suunnittelijoita ja toteuttajia voi kiitt\u00e4\u00e4 ja onnitella hyvin ohjatusta ja valmistellusta vaalikeskustelusta.<br \/>\nYleis\u00f6\u00e4 olisi toivonut olleen enemm\u00e4nkin, keskustelun anti oli kuuntelemisen arvoinen. Yleis\u00f6 osallistui hiukan arasti keskusteluun, mutta onneksi kahdeksalla panelistilla riitti asiaa ja kommentoitavaa k\u00f6yhyys teemasta.<br \/>\n<div id=\"attachment_3271\" style=\"width: 710px\" class=\"wp-caption aligncenter\"><a href=\"\/wp-content\/uploads\/sites\/31\/2015\/03\/K\u00f6yhien-vaalikeskustelu-2-17.3.2015-Koivukyl\u00e4-e1426678183673.jpg\"><img loading=\"lazy\" decoding=\"async\" aria-describedby=\"caption-attachment-3271\" src=\"\/wp-content\/uploads\/sites\/31\/2015\/03\/K\u00f6yhien-vaalikeskustelu-2-17.3.2015-Koivukyl\u00e4-e1426678183673.jpg\" alt=\"Vantaan K\u00f6yhien II:n vaalikeskustelun panelistit vasemmalta Tiina Tuomela Kd, Rita Dahl SKP, Jan-Erik Finskas IPU, Anette Karlsson SDP, Carita Orlando Kok, Mariitta Savolainen Kesk, Veijo Lappalainen PS, Ville Karinen Vas.\" width=\"700\" height=\"427\" class=\"size-full wp-image-3271\" \/><\/a><p id=\"caption-attachment-3271\" class=\"wp-caption-text\">Vantaan K\u00f6yhien II:n vaalikeskustelun panelistit vasemmalta Tiina Tuomela KD, Rita Dahl SKP, Jan-Erik Finskas IPU, Anette Karlsson SDP, Carita Orlando Kok, Mariitta Savolainen Kesk, Veijo Lappalainen PS, Ville Karinen Vas.<\/p><\/div>\n<p>Kaikkien puolueiden edustajat olivat yksimielisi\u00e4, ett\u00e4 k\u00f6yhien asemaa pit\u00e4\u00e4 kohentaa. Keinoista oltiinkin hiukan eri mielt\u00e4. Esimerkiksi verotus jakoi mielipiteit\u00e4. Erilaisen tukiviidakon korvaaminen perustulolla jakoi panelistit perustulon kannattajiin (vasemmisto) nykyisen j\u00e4rjestelm\u00e4n paikkaajiin (esim SDP) ja vastustustakin l\u00f6ytyi.<\/p>\n<p>Vanhusten hoito nostatti kovastikin tunteita. Keskustelussa viitattiin mm. muutaman p\u00e4iv\u00e4n takaiseen MOT:n TV dokumenttiin vanhusten hoidossa, joka paljasti karulla tavalla vanhusten kotihoidon paikoin surkeaa tilaa. Panelistien kanta oli, ett\u00e4 vanhustenhoitoa ei voida kehitt\u00e4\u00e4 s\u00e4\u00e4st\u00e4minen ainoana tavoitteena.<\/p>\n<p>Illan aikana ehdittiin k\u00e4sitell\u00e4 mm. taiteilijoiden ja pienyritt\u00e4jien tilaa, tietoyhteiskunnassa selvi\u00e4mist\u00e4, pikavippej\u00e4, ty\u00f6t\u00e4 ja koulutusta mm. ty\u00f6llist\u00e4misen edist\u00e4miseksi tarkoitetun kuntouttavan ty\u00f6toiminnan v\u00e4\u00e4rink\u00e4yt\u00f6ksi\u00e4, eriarvoistumista palveluissa esim. terveydenhoidossa.<\/p>\n<p>K\u00f6yhyys vaaliteemana, sen syyt ja vaikutukset tulee varmasti n\u00e4kym\u00e4\u00e4n vaalikamppailussa ja haastaa etsim\u00e4\u00e4n vaihtoehtoja leikkauspolitiikalle. <\/p>\n","protected":false},"excerpt":{"rendered":"<p>Vantaan K\u00f6yhien II:ssa vaalikeskustelussa Koivukyl\u00e4n kirjastossa k\u00f6yhyyden syyt ja muodot n\u00e4ytt\u00e4ytyiv\u00e4t monimuotoisina. Vantaan K\u00f6yhien ja Vantaan vapaaehtoisten valvojien Watchdogien vaalikeskustelun suunnittelijoita ja toteuttajia voi kiitt\u00e4\u00e4 ja onnitella hyvin ohjatusta ja valmistellusta vaalikeskustelusta. Yleis\u00f6\u00e4 olisi toivonut olleen enemm\u00e4nkin, keskustelun anti oli kuuntelemisen arvoinen. Yleis\u00f6 osallistui hiukan arasti keskusteluun, mutta onneksi kahdeksalla panelistilla riitti asiaa ja kommentoitavaa&hellip;<\/p>\n<p class=\"more-link-p\"><a class=\"more-link\" href=\"https:\/\/www.asukkaidenvantaa.fi\/?p=3270\">Lue lis\u00e4\u00e4 \u2192<\/a><\/p>\n","protected":false},"author":5003,"featured_media":0,"comment_status":"open","ping_status":"open","sticky":false,"template":"","format":"standard","meta":{"footnotes":""},"categories":[35,355],"tags":[],"class_list":["post-3270","post","type-post","status-publish","format-standard","hentry","category-tapahtumat","category-ajankohtaisia"],"_links":{"self":[{"href":"https:\/\/www.asukkaidenvantaa.fi\/index.php?rest_route=\/wp\/v2\/posts\/3270","targetHints":{"allow":["GET"]}}],"collection":[{"href":"https:\/\/www.asukkaidenvantaa.fi\/index.php?rest_route=\/wp\/v2\/posts"}],"about":[{"href":"https:\/\/www.asukkaidenvantaa.fi\/index.php?rest_route=\/wp\/v2\/types\/post"}],"author":[{"embeddable":true,"href":"https:\/\/www.asukkaidenvantaa.fi\/index.php?rest_route=\/wp\/v2\/users\/5003"}],"replies":[{"embeddable":true,"href":"https:\/\/www.asukkaidenvantaa.fi\/index.php?rest_route=%2Fwp%2Fv2%2Fcomments&post=3270"}],"version-history":[{"count":4,"href":"https:\/\/www.asukkaidenvantaa.fi\/index.php?rest_route=\/wp\/v2\/posts\/3270\/revisions"}],"predecessor-version":[{"id":3276,"href":"https:\/\/www.asukkaidenvantaa.fi\/index.php?rest_route=\/wp\/v2\/posts\/3270\/revisions\/3276"}],"wp:attachment":[{"href":"https:\/\/www.asukkaidenvantaa.fi\/index.php?rest_route=%2Fwp%2Fv2%2Fmedia&parent=3270"}],"wp:term":[{"taxonomy":"category","embeddable":true,"href":"https:\/\/www.asukkaidenvantaa.fi\/index.php?rest_route=%2Fwp%2Fv2%2Fcategories&post=3270"},{"taxonomy":"post_tag","embeddable":true,"href":"https:\/\/www.asukkaidenvantaa.fi\/index.php?rest_route=%2Fwp%2Fv2%2Ftags&post=3270"}],"curies":[{"name":"wp","href":"https:\/\/api.w.org\/{rel}","templated":true}]}}