{"id":3261,"date":"2015-03-17T09:21:36","date_gmt":"2015-03-17T09:21:36","guid":{"rendered":"http:\/\/www.asukkaidenvantaa.fi\/?p=3261"},"modified":"2015-03-17T09:21:36","modified_gmt":"2015-03-17T09:21:36","slug":"vaalikeskusteluja-koyhyyden-nakokulmasta","status":"publish","type":"post","link":"https:\/\/www.asukkaidenvantaa.fi\/?p=3261","title":{"rendered":"Vaalikeskusteluja k\u00f6yhyyden n\u00e4k\u00f6kulmasta"},"content":{"rendered":"<p><strong>Maanantaina 16.3.k\u00e4ytiin Vantaan K\u00f6yhien ja Vantaan vapaaehtoisten valvojien, Watchdogien, j\u00e4rjest\u00e4m\u00e4\u00e4 vaalikeskustelua Myyrm\u00e4ess\u00e4. Keskustelu jatkuu osin uusin panelistein 17.3. Koivukyl\u00e4n kirjaston auditoriossa klo 17.30. <\/strong><\/p>\n<p>Vaalien alla, kuten arvata saattaa, k\u00f6yhill\u00e4kin on yst\u00e4vi\u00e4. Peruspalvelut t\u00e4ytyy s\u00e4ilytt\u00e4\u00e4, leikkaukset pannaan, edullisa asuntoja, ty\u00f6t\u00e4, ennaltaehk\u00e4isev\u00e4\u00e4 ty\u00f6t\u00e4 syrj\u00e4ytymisen ehk\u00e4isemiseksi, ovet auki amerikkalaisen unelman toteuttamiselle, irti EU:sta, perustulo jolla el\u00e4\u00e4 jne. Siin\u00e4 panelistien n\u00e4kemyksi\u00e4 ja hyvi\u00e4 toiveita.<\/p>\n<p>Todellinen politiikka on kuiten raadollista. Puolueet esittelev\u00e4t leikkauslistojaan ja k\u00f6yhien elintason parantamiseen ei n\u00e4yt\u00e4 nykyhallinnon edustajien mukaan olevan mahdollisuuksia.<\/p>\n<p>K\u00f6yhien aseman parantamiseen ei ole muuta tiet\u00e4 kuin k\u00f6yhien toiminnan voimistaminen, l\u00e4hteminen liikkeelle omien asioidensa puolesta. Yhdess\u00e4 leivottua kakkua on alettava jakaa uudella tavalla.<br \/>\nK\u00f6yhienkin on saatava palansa ei vain muruja.<\/p>\n<p>Paneeliin osallistui ehdokkaita: Vasemmistoliitosta, Vihreist\u00e4, IPU:sta, Keskustasta, RKP:st\u00e4, Perussuomalaisista, SDP:st\u00e4 SKP:st\u00e4. Kokoomus ei vaivautunut l\u00e4hett\u00e4m\u00e4\u00e4n edustajaansa k\u00f6yhien keskusteluun.<br \/>\n<div id=\"attachment_3262\" style=\"width: 710px\" class=\"wp-caption aligncenter\"><a href=\"\/wp-content\/uploads\/sites\/31\/2015\/03\/Vaalikeskustelu-Myyrm\u00e4ki-16.3.2015-e1426581874294.jpg\"><img loading=\"lazy\" decoding=\"async\" aria-describedby=\"caption-attachment-3262\" src=\"\/wp-content\/uploads\/sites\/31\/2015\/03\/Vaalikeskustelu-Myyrm\u00e4ki-16.3.2015-e1426581874294.jpg\" alt=\"Vantaan k\u00f6yhien Myyrm\u00e4en vaalikeskustelun panelistit.\" width=\"700\" height=\"525\" class=\"size-full wp-image-3262\" \/><\/a><p id=\"caption-attachment-3262\" class=\"wp-caption-text\">Vantaan k\u00f6yhien Myyrm\u00e4en vaalikeskustelun panelistit.<\/p><\/div>\n<p>Vantaan K\u00f6yhien vaalikeskustelun toinen osa 17.3. klo 17.30 Koivukyl\u00e4n kirjastossa. Teemoina mm:<br \/>\nLapset ja nuoret &#8211; k\u00f6yhyyteen tuomitut?<br \/>\nPukeutuuko k\u00f6yhyys aina ryysyihin?<br \/>\nToistaitoisuutta vai v\u00e4lineiden puutetta?<br \/>\nRahan puutteeseen helpotusta tavalla tai toisella.<\/p>\n<p>Teemoihin liittyvi\u00e4 panelisteien valmisteltuja puheenvuoroja kuullaan keskustelun pohjaksi.<br \/>\nKannattaa tulla kuuntelemaan ja ennenkaikkea esitt\u00e4m\u00e4\u00e4n omia mielipiteit\u00e4.<\/p>\n<p>Alla Koivukyl\u00e4n keskustelun mainos.<br \/>\n<div id=\"attachment_3252\" style=\"width: 710px\" class=\"wp-caption aligncenter\"><a href=\"\/wp-content\/uploads\/sites\/31\/2015\/03\/Koivukyl\u00e4n-vaalipaneelin-osallistujat-e1426583604358.jpg\"><img loading=\"lazy\" decoding=\"async\" aria-describedby=\"caption-attachment-3252\" src=\"\/wp-content\/uploads\/sites\/31\/2015\/03\/Koivukyl\u00e4n-vaalipaneelin-osallistujat-e1426583604358.jpg\" alt=\"Koivukyl\u00e4n kirjaston vaalipaneeli\" width=\"700\" height=\"494\" class=\"size-full wp-image-3252\" \/><\/a><p id=\"caption-attachment-3252\" class=\"wp-caption-text\">Koivukyl\u00e4n kirjaston vaalipaneeli<\/p><\/div> <\/p>\n","protected":false},"excerpt":{"rendered":"<p>Maanantaina 16.3.k\u00e4ytiin Vantaan K\u00f6yhien ja Vantaan vapaaehtoisten valvojien, Watchdogien, j\u00e4rjest\u00e4m\u00e4\u00e4 vaalikeskustelua Myyrm\u00e4ess\u00e4. Keskustelu jatkuu osin uusin panelistein 17.3. Koivukyl\u00e4n kirjaston auditoriossa klo 17.30. Vaalien alla, kuten arvata saattaa, k\u00f6yhill\u00e4kin on yst\u00e4vi\u00e4. Peruspalvelut t\u00e4ytyy s\u00e4ilytt\u00e4\u00e4, leikkaukset pannaan, edullisa asuntoja, ty\u00f6t\u00e4, ennaltaehk\u00e4isev\u00e4\u00e4 ty\u00f6t\u00e4 syrj\u00e4ytymisen ehk\u00e4isemiseksi, ovet auki amerikkalaisen unelman toteuttamiselle, irti EU:sta, perustulo jolla el\u00e4\u00e4 jne. Siin\u00e4&hellip;<\/p>\n<p class=\"more-link-p\"><a class=\"more-link\" href=\"https:\/\/www.asukkaidenvantaa.fi\/?p=3261\">Lue lis\u00e4\u00e4 \u2192<\/a><\/p>\n","protected":false},"author":5003,"featured_media":0,"comment_status":"open","ping_status":"open","sticky":false,"template":"","format":"standard","meta":{"footnotes":""},"categories":[35,355],"tags":[],"class_list":["post-3261","post","type-post","status-publish","format-standard","hentry","category-tapahtumat","category-ajankohtaisia"],"_links":{"self":[{"href":"https:\/\/www.asukkaidenvantaa.fi\/index.php?rest_route=\/wp\/v2\/posts\/3261","targetHints":{"allow":["GET"]}}],"collection":[{"href":"https:\/\/www.asukkaidenvantaa.fi\/index.php?rest_route=\/wp\/v2\/posts"}],"about":[{"href":"https:\/\/www.asukkaidenvantaa.fi\/index.php?rest_route=\/wp\/v2\/types\/post"}],"author":[{"embeddable":true,"href":"https:\/\/www.asukkaidenvantaa.fi\/index.php?rest_route=\/wp\/v2\/users\/5003"}],"replies":[{"embeddable":true,"href":"https:\/\/www.asukkaidenvantaa.fi\/index.php?rest_route=%2Fwp%2Fv2%2Fcomments&post=3261"}],"version-history":[{"count":4,"href":"https:\/\/www.asukkaidenvantaa.fi\/index.php?rest_route=\/wp\/v2\/posts\/3261\/revisions"}],"predecessor-version":[{"id":3268,"href":"https:\/\/www.asukkaidenvantaa.fi\/index.php?rest_route=\/wp\/v2\/posts\/3261\/revisions\/3268"}],"wp:attachment":[{"href":"https:\/\/www.asukkaidenvantaa.fi\/index.php?rest_route=%2Fwp%2Fv2%2Fmedia&parent=3261"}],"wp:term":[{"taxonomy":"category","embeddable":true,"href":"https:\/\/www.asukkaidenvantaa.fi\/index.php?rest_route=%2Fwp%2Fv2%2Fcategories&post=3261"},{"taxonomy":"post_tag","embeddable":true,"href":"https:\/\/www.asukkaidenvantaa.fi\/index.php?rest_route=%2Fwp%2Fv2%2Ftags&post=3261"}],"curies":[{"name":"wp","href":"https:\/\/api.w.org\/{rel}","templated":true}]}}