{"id":3244,"date":"2015-03-11T13:13:52","date_gmt":"2015-03-11T13:13:52","guid":{"rendered":"http:\/\/www.asukkaidenvantaa.fi\/?p=3244"},"modified":"2015-03-11T13:15:42","modified_gmt":"2015-03-11T13:15:42","slug":"asukkaiden-yhteistyolla-uudenlainen-asema-myyrmakeen","status":"publish","type":"post","link":"https:\/\/www.asukkaidenvantaa.fi\/?p=3244","title":{"rendered":"Asukkaiden yhteisty\u00f6ll\u00e4 uudenlainen asema Myyrm\u00e4keen"},"content":{"rendered":"<p><strong>Myyrm\u00e4en asema on remontoitu osana Keh\u00e4ratahanketta. Asukkaiden mukanaolo synnytti viihtyis\u00e4n ja taiteellisen tilan.<\/strong><\/p>\n<p>Uuden aseman avajaisia vietet\u00e4\u00e4n 20.3. klo 13 alkaen.<\/p>\n<p>Aseman sis\u00e4tilat on remontoitu ja sis\u00e4seinille on toteutettu Suomen suurin julkiseen rakennukseen tehty katutaidemuraali.  Asemalle tulee julkinen piano, jota kuka tahansa voi soittaa. Aseman viihtyvyytt\u00e4 lis\u00e4\u00e4 my\u00f6s uusi monipuolinen kahvila sek\u00e4 laitureille viev\u00e4t liukuportaat<\/p>\n<div id=\"attachment_3245\" style=\"width: 610px\" class=\"wp-caption aligncenter\"><a href=\"\/wp-content\/uploads\/sites\/31\/2015\/03\/Myyrm\u00e4en-asema.jpg\"><img loading=\"lazy\" decoding=\"async\" aria-describedby=\"caption-attachment-3245\" src=\"\/wp-content\/uploads\/sites\/31\/2015\/03\/Myyrm\u00e4en-asema.jpg\" alt=\"Myyrm\u00e4en remontoidun aseman portaikko.\" width=\"600\" height=\"858\" class=\"size-full wp-image-3245\" \/><\/a><p id=\"caption-attachment-3245\" class=\"wp-caption-text\">Myyrm\u00e4en remontoidun aseman portaikko.<\/p><\/div>\n<p><strong>Asukkaiden mukanaolo loi jotain uutta<\/strong><br \/>\nAseman kehitt\u00e4misen on mahdollistanut Myyrm\u00e4ki-liikkeen aktiivinen ote. Myyrm\u00e4ki-liike j\u00e4rjesti syksyll\u00e4 2012 ensimm\u00e4isen asukasfoorumin, jossa ideoitiin aseman tulevaisuutta ja ilmett\u00e4. Lis\u00e4ksi j\u00e4rjestettiin asukkaille suunnattuja avoimia ty\u00f6pajoja, jossa remonttia ideoitiin yhteisesti.<\/p>\n<p><strong>Uudistetulle asemalle uutta toimintaa<\/strong><br \/>\nUudistuneen aseman tiloja voidaan hy\u00f6dynt\u00e4\u00e4 niin pienimuotoisiin asukastilaisuuksiin, konsertteihin kuin n\u00e4yttelyihin. Urbaani tila sopii my\u00f6s elokuvien ja muotikuvausten kuvauspaikaksi. Aseman on tarkoitus olla ihmisten kohtaamispaikka. Kahvilayritt\u00e4j\u00e4 on lupautunut toimimaan ep\u00e4virallisena \u201dasemap\u00e4\u00e4llikk\u00f6n\u00e4\u201d, jolloin yhteis\u00f6llisyyden merkitys korostuu.   <\/p>\n","protected":false},"excerpt":{"rendered":"<p>Myyrm\u00e4en asema on remontoitu osana Keh\u00e4ratahanketta. Asukkaiden mukanaolo synnytti viihtyis\u00e4n ja taiteellisen tilan. Uuden aseman avajaisia vietet\u00e4\u00e4n 20.3. klo 13 alkaen. Aseman sis\u00e4tilat on remontoitu ja sis\u00e4seinille on toteutettu Suomen suurin julkiseen rakennukseen tehty katutaidemuraali. Asemalle tulee julkinen piano, jota kuka tahansa voi soittaa. Aseman viihtyvyytt\u00e4 lis\u00e4\u00e4 my\u00f6s uusi monipuolinen kahvila sek\u00e4 laitureille viev\u00e4t liukuportaat&hellip;<\/p>\n<p class=\"more-link-p\"><a class=\"more-link\" href=\"https:\/\/www.asukkaidenvantaa.fi\/?p=3244\">Lue lis\u00e4\u00e4 \u2192<\/a><\/p>\n","protected":false},"author":5003,"featured_media":0,"comment_status":"open","ping_status":"open","sticky":false,"template":"","format":"standard","meta":{"footnotes":""},"categories":[355],"tags":[409,360,408,407],"class_list":["post-3244","post","type-post","status-publish","format-standard","hentry","category-ajankohtaisia","tag-katutaidemuraali","tag-keharata","tag-kohtaamispaikka","tag-myyrmaen-asema"],"_links":{"self":[{"href":"https:\/\/www.asukkaidenvantaa.fi\/index.php?rest_route=\/wp\/v2\/posts\/3244","targetHints":{"allow":["GET"]}}],"collection":[{"href":"https:\/\/www.asukkaidenvantaa.fi\/index.php?rest_route=\/wp\/v2\/posts"}],"about":[{"href":"https:\/\/www.asukkaidenvantaa.fi\/index.php?rest_route=\/wp\/v2\/types\/post"}],"author":[{"embeddable":true,"href":"https:\/\/www.asukkaidenvantaa.fi\/index.php?rest_route=\/wp\/v2\/users\/5003"}],"replies":[{"embeddable":true,"href":"https:\/\/www.asukkaidenvantaa.fi\/index.php?rest_route=%2Fwp%2Fv2%2Fcomments&post=3244"}],"version-history":[{"count":2,"href":"https:\/\/www.asukkaidenvantaa.fi\/index.php?rest_route=\/wp\/v2\/posts\/3244\/revisions"}],"predecessor-version":[{"id":3247,"href":"https:\/\/www.asukkaidenvantaa.fi\/index.php?rest_route=\/wp\/v2\/posts\/3244\/revisions\/3247"}],"wp:attachment":[{"href":"https:\/\/www.asukkaidenvantaa.fi\/index.php?rest_route=%2Fwp%2Fv2%2Fmedia&parent=3244"}],"wp:term":[{"taxonomy":"category","embeddable":true,"href":"https:\/\/www.asukkaidenvantaa.fi\/index.php?rest_route=%2Fwp%2Fv2%2Fcategories&post=3244"},{"taxonomy":"post_tag","embeddable":true,"href":"https:\/\/www.asukkaidenvantaa.fi\/index.php?rest_route=%2Fwp%2Fv2%2Ftags&post=3244"}],"curies":[{"name":"wp","href":"https:\/\/api.w.org\/{rel}","templated":true}]}}