{"id":3237,"date":"2015-03-10T08:55:37","date_gmt":"2015-03-10T08:55:37","guid":{"rendered":"http:\/\/www.asukkaidenvantaa.fi\/?p=3237"},"modified":"2015-03-10T10:59:19","modified_gmt":"2015-03-10T10:59:19","slug":"juha-veikko-nikulainen-irtisanoutui","status":"publish","type":"post","link":"https:\/\/www.asukkaidenvantaa.fi\/?p=3237","title":{"rendered":"Juha-Veikko Nikulainen irtisanoutui"},"content":{"rendered":"<p><strong>Vantaan maank\u00e4yt\u00f6n apulaiskaupunginjohtaja Juha-Veikko Nikulainen irtisanoutui<\/strong><\/p>\n<div id=\"attachment_3240\" style=\"width: 371px\" class=\"wp-caption alignright\"><a href=\"\/wp-content\/uploads\/sites\/31\/2015\/03\/J-V-Nikulainen.jpg\"><img loading=\"lazy\" decoding=\"async\" aria-describedby=\"caption-attachment-3240\" class=\"size-full wp-image-3240\" src=\"\/wp-content\/uploads\/sites\/31\/2015\/03\/J-V-Nikulainen.jpg\" alt=\"Vantaan apulaiskaupunginjohtaja Juha-Veikko Nikulainen\" width=\"361\" height=\"364\" \/><\/a><p id=\"caption-attachment-3240\" class=\"wp-caption-text\">Vantaan apulaiskaupunginjohtaja Juha-Veikko Nikulainen<\/p><\/div>\n<p>Vantaan apulaiskaupunginjohtaja Juha-Veikko Nikulainen on irtisanoutunut teht\u00e4v\u00e4st\u00e4\u00e4n. Nikulainen siirtyy liike-el\u00e4m\u00e4n palvelukseen.<\/p>\n<p>DI Juha-Veikko Nikulainen on ty\u00f6skennellyt Vantaan maank\u00e4yt\u00f6n, rakentamisen ja ymp\u00e4rist\u00f6n toimialan apulaiskaupunginjohtajana runsaat kolme vuotta. Ennen apulaiskaupunginjohtajan teht\u00e4v\u00e4\u00e4ns\u00e4 h\u00e4n toimi SRV-Asunnot Oy:ss\u00e4 toimitusjohtajana.<\/p>\n<p>Nikulainen on 53-vuotias ja syntyper\u00e4inen vantaalainen. H\u00e4n osallistui 1980- ja 90-luvuilla Vantaan kunnallispolitiikkaan kaupunginvaltuuston j\u00e4senen\u00e4.<\/p>\n<p>Uuden johtajan haku k\u00e4ynnistet\u00e4\u00e4n mahdollisimman nopeasti.<\/p>\n<p>Vantaan kaupunki, viestint\u00e4<\/p>\n","protected":false},"excerpt":{"rendered":"<p>Vantaan maank\u00e4yt\u00f6n apulaiskaupunginjohtaja Juha-Veikko Nikulainen irtisanoutui Vantaan apulaiskaupunginjohtaja Juha-Veikko Nikulainen on irtisanoutunut teht\u00e4v\u00e4st\u00e4\u00e4n. Nikulainen siirtyy liike-el\u00e4m\u00e4n palvelukseen. DI Juha-Veikko Nikulainen on ty\u00f6skennellyt Vantaan maank\u00e4yt\u00f6n, rakentamisen ja ymp\u00e4rist\u00f6n toimialan apulaiskaupunginjohtajana runsaat kolme vuotta. Ennen apulaiskaupunginjohtajan teht\u00e4v\u00e4\u00e4ns\u00e4 h\u00e4n toimi SRV-Asunnot Oy:ss\u00e4 toimitusjohtajana. Nikulainen on 53-vuotias ja syntyper\u00e4inen vantaalainen. H\u00e4n osallistui 1980- ja 90-luvuilla Vantaan kunnallispolitiikkaan kaupunginvaltuuston j\u00e4senen\u00e4.&hellip;<\/p>\n<p class=\"more-link-p\"><a class=\"more-link\" href=\"https:\/\/www.asukkaidenvantaa.fi\/?p=3237\">Lue lis\u00e4\u00e4 \u2192<\/a><\/p>\n","protected":false},"author":5006,"featured_media":0,"comment_status":"open","ping_status":"open","sticky":false,"template":"","format":"standard","meta":{"footnotes":""},"categories":[1],"tags":[405,406],"class_list":["post-3237","post","type-post","status-publish","format-standard","hentry","category-uncategorized","tag-juha-veikko-nikulainen","tag-vantaan-apulaiskaupunginjohtaja"],"_links":{"self":[{"href":"https:\/\/www.asukkaidenvantaa.fi\/index.php?rest_route=\/wp\/v2\/posts\/3237","targetHints":{"allow":["GET"]}}],"collection":[{"href":"https:\/\/www.asukkaidenvantaa.fi\/index.php?rest_route=\/wp\/v2\/posts"}],"about":[{"href":"https:\/\/www.asukkaidenvantaa.fi\/index.php?rest_route=\/wp\/v2\/types\/post"}],"author":[{"embeddable":true,"href":"https:\/\/www.asukkaidenvantaa.fi\/index.php?rest_route=\/wp\/v2\/users\/5006"}],"replies":[{"embeddable":true,"href":"https:\/\/www.asukkaidenvantaa.fi\/index.php?rest_route=%2Fwp%2Fv2%2Fcomments&post=3237"}],"version-history":[{"count":3,"href":"https:\/\/www.asukkaidenvantaa.fi\/index.php?rest_route=\/wp\/v2\/posts\/3237\/revisions"}],"predecessor-version":[{"id":3242,"href":"https:\/\/www.asukkaidenvantaa.fi\/index.php?rest_route=\/wp\/v2\/posts\/3237\/revisions\/3242"}],"wp:attachment":[{"href":"https:\/\/www.asukkaidenvantaa.fi\/index.php?rest_route=%2Fwp%2Fv2%2Fmedia&parent=3237"}],"wp:term":[{"taxonomy":"category","embeddable":true,"href":"https:\/\/www.asukkaidenvantaa.fi\/index.php?rest_route=%2Fwp%2Fv2%2Fcategories&post=3237"},{"taxonomy":"post_tag","embeddable":true,"href":"https:\/\/www.asukkaidenvantaa.fi\/index.php?rest_route=%2Fwp%2Fv2%2Ftags&post=3237"}],"curies":[{"name":"wp","href":"https:\/\/api.w.org\/{rel}","templated":true}]}}