{"id":3216,"date":"2015-02-26T07:26:24","date_gmt":"2015-02-26T07:26:24","guid":{"rendered":"http:\/\/www.asukkaidenvantaa.fi\/?p=3216"},"modified":"2015-03-10T09:04:02","modified_gmt":"2015-03-10T09:04:02","slug":"valokuvanayttely-syyriasta","status":"publish","type":"post","link":"https:\/\/www.asukkaidenvantaa.fi\/?p=3216","title":{"rendered":"Valokuvan\u00e4yttely Syyriasta"},"content":{"rendered":"<p>L\u00e4nsim\u00e4en kansainv\u00e4lisess\u00e4 keskuksessa esill\u00e4 olevassa n\u00e4yttelyss\u00e4 valokuvat<br \/>\nkertovat syyrialaislasten kovasta arjesta.<br \/>\nSuomessa asuvan syyrialaisen valokuvaajan <strong>Rami Adhamin<\/strong><br \/>\nvalokuvat kertovat Syyrian orvoista, joilta sota on vienyt l\u00e4hes kaiken.<br \/>\nAdhamin valokuvat ovat esill\u00e4 L\u00e4nsim\u00e4en kansainv\u00e4lisess\u00e4 toimintakeskuksessa 3.3. asti,<br \/>\njonka j\u00e4lkeen n\u00e4yttely siirtyy Korson Lumoon.<\/p>\n<div id=\"attachment_3218\" style=\"width: 710px\" class=\"wp-caption aligncenter\"><a href=\"\/wp-content\/uploads\/sites\/31\/2015\/02\/Rami-Adham-e1424935534313.jpg\"><img loading=\"lazy\" decoding=\"async\" aria-describedby=\"caption-attachment-3218\" class=\"size-full wp-image-3218\" src=\"\/wp-content\/uploads\/sites\/31\/2015\/02\/Rami-Adham-e1424935534313.jpg\" alt=\"Rami Adham syyrialaislasten kanssa Aleppossa tuhoutuneen koulun raunioilla.\" width=\"700\" height=\"525\" \/><\/a><p id=\"caption-attachment-3218\" class=\"wp-caption-text\">Rami Adham syyrialaislasten kanssa Aleppossa tuhoutuneen koulun raunioilla.<\/p><\/div>\n<p>Paikka: L\u00e4nsim\u00e4en kansainv\u00e4linen toimintakeskus<br \/>\nKilpakuja 1, L\u00e4nsim\u00e4ki<\/p>\n<p>N\u00e4yttelyn ovat j\u00e4rjest\u00e4neet<br \/>\nHakunilan kansainv\u00e4linen yhdistys ja<br \/>\nSuomi-Syyria yhteis\u00f6 RY<\/p>\n","protected":false},"excerpt":{"rendered":"<p>L\u00e4nsim\u00e4en kansainv\u00e4lisess\u00e4 keskuksessa esill\u00e4 olevassa n\u00e4yttelyss\u00e4 valokuvat kertovat syyrialaislasten kovasta arjesta. Suomessa asuvan syyrialaisen valokuvaajan Rami Adhamin valokuvat kertovat Syyrian orvoista, joilta sota on vienyt l\u00e4hes kaiken. Adhamin valokuvat ovat esill\u00e4 L\u00e4nsim\u00e4en kansainv\u00e4lisess\u00e4 toimintakeskuksessa 3.3. asti, jonka j\u00e4lkeen n\u00e4yttely siirtyy Korson Lumoon. Paikka: L\u00e4nsim\u00e4en kansainv\u00e4linen toimintakeskus Kilpakuja 1, L\u00e4nsim\u00e4ki N\u00e4yttelyn ovat j\u00e4rjest\u00e4neet Hakunilan kansainv\u00e4linen yhdistys&hellip;<\/p>\n<p class=\"more-link-p\"><a class=\"more-link\" href=\"https:\/\/www.asukkaidenvantaa.fi\/?p=3216\">Lue lis\u00e4\u00e4 \u2192<\/a><\/p>\n","protected":false},"author":5006,"featured_media":0,"comment_status":"open","ping_status":"open","sticky":false,"template":"","format":"standard","meta":{"footnotes":""},"categories":[1],"tags":[],"class_list":["post-3216","post","type-post","status-publish","format-standard","hentry","category-uncategorized"],"_links":{"self":[{"href":"https:\/\/www.asukkaidenvantaa.fi\/index.php?rest_route=\/wp\/v2\/posts\/3216","targetHints":{"allow":["GET"]}}],"collection":[{"href":"https:\/\/www.asukkaidenvantaa.fi\/index.php?rest_route=\/wp\/v2\/posts"}],"about":[{"href":"https:\/\/www.asukkaidenvantaa.fi\/index.php?rest_route=\/wp\/v2\/types\/post"}],"author":[{"embeddable":true,"href":"https:\/\/www.asukkaidenvantaa.fi\/index.php?rest_route=\/wp\/v2\/users\/5006"}],"replies":[{"embeddable":true,"href":"https:\/\/www.asukkaidenvantaa.fi\/index.php?rest_route=%2Fwp%2Fv2%2Fcomments&post=3216"}],"version-history":[{"count":11,"href":"https:\/\/www.asukkaidenvantaa.fi\/index.php?rest_route=\/wp\/v2\/posts\/3216\/revisions"}],"predecessor-version":[{"id":3239,"href":"https:\/\/www.asukkaidenvantaa.fi\/index.php?rest_route=\/wp\/v2\/posts\/3216\/revisions\/3239"}],"wp:attachment":[{"href":"https:\/\/www.asukkaidenvantaa.fi\/index.php?rest_route=%2Fwp%2Fv2%2Fmedia&parent=3216"}],"wp:term":[{"taxonomy":"category","embeddable":true,"href":"https:\/\/www.asukkaidenvantaa.fi\/index.php?rest_route=%2Fwp%2Fv2%2Fcategories&post=3216"},{"taxonomy":"post_tag","embeddable":true,"href":"https:\/\/www.asukkaidenvantaa.fi\/index.php?rest_route=%2Fwp%2Fv2%2Ftags&post=3216"}],"curies":[{"name":"wp","href":"https:\/\/api.w.org\/{rel}","templated":true}]}}