{"id":3197,"date":"2015-02-18T10:18:39","date_gmt":"2015-02-18T10:18:39","guid":{"rendered":"http:\/\/www.asukkaidenvantaa.fi\/?p=3197"},"modified":"2015-02-18T10:18:39","modified_gmt":"2015-02-18T10:18:39","slug":"isis-lahi-ita-terrorismi","status":"publish","type":"post","link":"https:\/\/www.asukkaidenvantaa.fi\/?p=3197","title":{"rendered":"ISIS, L\u00e4hi-it\u00e4, terrorismi"},"content":{"rendered":"<p><strong>Vantaan Rauhanklubissa ma 23.2. puidaan L\u00e4hi-id\u00e4n tilannetta.<\/strong><br \/>\nTampereen yliopiston tohtoriopiskelija Karim Maiche alustaa keskustelun. H\u00e4n on perehtynyt L\u00e4hi-id\u00e4n tilanteeseen. H\u00e4nen tekeill\u00e4 oleva v\u00e4it\u00f6skirjansa k\u00e4sittelee Algerian ammattiyhdistysliikett\u00e4.<br \/>\n<a href=\"\/wp-content\/uploads\/sites\/31\/2015\/02\/Rauhanklubi-23.2.2015-2-e1424254561879.jpg\"><img loading=\"lazy\" decoding=\"async\" src=\"\/wp-content\/uploads\/sites\/31\/2015\/02\/Rauhanklubi-23.2.2015-2-e1424254561879.jpg\" alt=\"Rauhanklubi 23.2.2015 (2)\" width=\"600\" height=\"839\" class=\"aligncenter size-full wp-image-3198\" \/><\/a><br \/>\nOiva tilaisuus kartuttaa tietojansa ISIS:st\u00e4 ja L\u00e4hi-id\u00e4n tilanteesta, kannattaa tulla paikalle.<\/p>\n","protected":false},"excerpt":{"rendered":"<p>Vantaan Rauhanklubissa ma 23.2. puidaan L\u00e4hi-id\u00e4n tilannetta. Tampereen yliopiston tohtoriopiskelija Karim Maiche alustaa keskustelun. H\u00e4n on perehtynyt L\u00e4hi-id\u00e4n tilanteeseen. H\u00e4nen tekeill\u00e4 oleva v\u00e4it\u00f6skirjansa k\u00e4sittelee Algerian ammattiyhdistysliikett\u00e4. Oiva tilaisuus kartuttaa tietojansa ISIS:st\u00e4 ja L\u00e4hi-id\u00e4n tilanteesta, kannattaa tulla paikalle.<\/p>\n<p class=\"more-link-p\"><a class=\"more-link\" href=\"https:\/\/www.asukkaidenvantaa.fi\/?p=3197\">Lue lis\u00e4\u00e4 \u2192<\/a><\/p>\n","protected":false},"author":5003,"featured_media":0,"comment_status":"open","ping_status":"open","sticky":false,"template":"","format":"standard","meta":{"footnotes":""},"categories":[35],"tags":[],"class_list":["post-3197","post","type-post","status-publish","format-standard","hentry","category-tapahtumat"],"_links":{"self":[{"href":"https:\/\/www.asukkaidenvantaa.fi\/index.php?rest_route=\/wp\/v2\/posts\/3197","targetHints":{"allow":["GET"]}}],"collection":[{"href":"https:\/\/www.asukkaidenvantaa.fi\/index.php?rest_route=\/wp\/v2\/posts"}],"about":[{"href":"https:\/\/www.asukkaidenvantaa.fi\/index.php?rest_route=\/wp\/v2\/types\/post"}],"author":[{"embeddable":true,"href":"https:\/\/www.asukkaidenvantaa.fi\/index.php?rest_route=\/wp\/v2\/users\/5003"}],"replies":[{"embeddable":true,"href":"https:\/\/www.asukkaidenvantaa.fi\/index.php?rest_route=%2Fwp%2Fv2%2Fcomments&post=3197"}],"version-history":[{"count":3,"href":"https:\/\/www.asukkaidenvantaa.fi\/index.php?rest_route=\/wp\/v2\/posts\/3197\/revisions"}],"predecessor-version":[{"id":3201,"href":"https:\/\/www.asukkaidenvantaa.fi\/index.php?rest_route=\/wp\/v2\/posts\/3197\/revisions\/3201"}],"wp:attachment":[{"href":"https:\/\/www.asukkaidenvantaa.fi\/index.php?rest_route=%2Fwp%2Fv2%2Fmedia&parent=3197"}],"wp:term":[{"taxonomy":"category","embeddable":true,"href":"https:\/\/www.asukkaidenvantaa.fi\/index.php?rest_route=%2Fwp%2Fv2%2Fcategories&post=3197"},{"taxonomy":"post_tag","embeddable":true,"href":"https:\/\/www.asukkaidenvantaa.fi\/index.php?rest_route=%2Fwp%2Fv2%2Ftags&post=3197"}],"curies":[{"name":"wp","href":"https:\/\/api.w.org\/{rel}","templated":true}]}}