{"id":319,"date":"2011-09-21T12:17:12","date_gmt":"2011-09-21T12:17:12","guid":{"rendered":"http:\/\/www.asukkaidenvantaa.fi\/?p=319"},"modified":"2012-05-21T12:25:25","modified_gmt":"2012-05-21T12:25:25","slug":"vanhemmat-vantaan-erityisluokkakeskittymia-ei-saa-purkaa","status":"publish","type":"post","link":"https:\/\/www.asukkaidenvantaa.fi\/?p=319","title":{"rendered":"Vanhemmat: Vantaan erityisluokkakeskittymi\u00e4 ei saa purkaa"},"content":{"rendered":"<p><a href=\"\/wp-content\/uploads\/sites\/31\/2011\/09\/koulu1.jpg\"><img loading=\"lazy\" decoding=\"async\" src=\"\/wp-content\/uploads\/sites\/31\/2011\/09\/koulu1-300x203.jpg\" alt=\"\" title=\"koulu1\" width=\"300\" height=\"203\" class=\"alignright size-medium wp-image-322\" srcset=\"https:\/\/www.asukkaidenvantaa.fi\/wp-content\/uploads\/sites\/31\/2011\/09\/koulu1-300x203.jpg 300w, https:\/\/www.asukkaidenvantaa.fi\/wp-content\/uploads\/sites\/31\/2011\/09\/koulu1-120x80.jpg 120w, https:\/\/www.asukkaidenvantaa.fi\/wp-content\/uploads\/sites\/31\/2011\/09\/koulu1.jpg 576w\" sizes=\"auto, (max-width: 300px) 100vw, 300px\" \/><\/a>Vantaan opetustoimi on uudistuksessaan v\u00e4kisin siirt\u00e4m\u00e4ss\u00e4 erityisoppilaat omiin l\u00e4hikouluihinsa ja purkamassa kaupunkitasoisia erityisluokkakeskittymi\u00e4.<\/p>\n<p>&mdash; Me vanhemmat vastustamme ehdottomasti t\u00e4t\u00e4 esityst\u00e4. Emme halua romuttaa erityisluokka j\u00e4rjestelm\u00e4\u00e4 ja haluamme ett\u00e4 lapsemme saavat k\u00e4yd\u00e4 koulunsa tutussa turvallisessa, osaavien opettajien johdolla omassa erityiskoulussaan, todetaan uudistuksen ep\u00e4kohtia vastustavassa <a href=\"http:\/\/www.adressit.com\/allekirjoitukset\/adressi_vantaan_erityisluokkakeskittymien_purkamista_vastaan\/\">adressissa<\/a>.<\/p>\n<p>K\u00e4yt\u00e4nn\u00f6ss\u00e4 uudistus vaikuttaisi aluksi voimakkaimmin Verom\u00e4en ja Jokirannan kouluihin, joissa kaupunkitasoista erityisopetusta on suhteellisesti eniten. L\u00e4hikouluperiaate on sin\u00e4ll\u00e4\u00e4n kannatettava ja kaunis ajatus, mutta uudistus polkisi kuitenkin niiden oppilaiden oikeuksia, joille l\u00e4hikoulun tuki ei riit\u00e4, todetaan Verom\u00e4enkoulun Vanhempainyhdistyksen laatimassa adressissa.<\/p>\n<p>Vantaalla on kouluja, jotka ovat erikoistuneet tukemaan niit\u00e4 oppilaita joille l\u00e4hikoulujen erityistukikaan ei riit\u00e4. Esimerkiksi Verom\u00e4en koulu (entinen Pakkalan erityiskoulu) on toiminut vuosikymmeni\u00e4 aloittaen MBD-lasten tukemisesta ja keskittyen sen j\u00e4lkeen ADHD- ja dysfasiaoppilaisiin. Muita yleisi\u00e4 diagnooseja koulun oppilailla ovat esim. aspergerin syndrooma, tourette ja mutismi. Koulun erilaiset oppilaat ovat saaneet ammattitaitoiselta ja sitoutuneelta henkil\u00f6kunnalta laadukasta ja pitk\u00e4j\u00e4nteist\u00e4 tukea ja ohjausta. Oppilaat ovat sijoittuneet hyvin jatko-opiskelupaikkoihin ja sit\u00e4 kautta p\u00e4\u00e4sseet kiinni yhteiskuntaan.<\/p>\n<p>Nyt suunnitteilla oleva l\u00e4hikouluajattelu rikkoo sellaisten oppilaiden oikeuksia, joille l\u00e4hikoulun tuki ei ole riitt\u00e4v\u00e4, huolimatta luvatusta resurssista. Vantaalla on laajan v\u00e4est\u00f6pohjan takia mahdollista perustaa luokkia tukemaan juuri tietynlaisia oppilaita. Eik\u00f6 esim. vaikean kielellisen h\u00e4iri\u00f6n kuntouttaminen ole paljon tehokkaampaa, kun useammalle oppilaalle voi suunnata enemm\u00e4n juuri t\u00e4h\u00e4n tarkoitukseen suuntautuvaa opetusta?<\/p>\n<p>Erityisoppilaan itsetunto on jo muutenkin koetuksella,ja muutokset uusiin tilanteisiin viev\u00e4t aikaa. Opettajilla kuluu monta vuotta, ennen kuin opitaan edes tuntemaan erityisoppilas.<\/p>\n<p><a href=\"http:\/\/www.adressit.com\/allekirjoitukset\/adressi_vantaan_erityisluokkakeskittymien_purkamista_vastaan\/\">Allekirjoita adressi Vantaan erityisluokkakeskittymien purkamista vastaan t\u00e4\u00e4ll\u00e4.<\/a><\/p>\n","protected":false},"excerpt":{"rendered":"<p>Vantaan opetustoimi on uudistuksessaan v\u00e4kisin siirt\u00e4m\u00e4ss\u00e4 erityisoppilaat omiin l\u00e4hikouluihinsa ja purkamassa kaupunkitasoisia erityisluokkakeskittymi\u00e4. &mdash; Me vanhemmat vastustamme ehdottomasti t\u00e4t\u00e4 esityst\u00e4. Emme halua romuttaa erityisluokka j\u00e4rjestelm\u00e4\u00e4 ja haluamme ett\u00e4 lapsemme saavat k\u00e4yd\u00e4 koulunsa tutussa turvallisessa, osaavien opettajien johdolla omassa erityiskoulussaan, todetaan uudistuksen ep\u00e4kohtia vastustavassa adressissa. K\u00e4yt\u00e4nn\u00f6ss\u00e4 uudistus vaikuttaisi aluksi voimakkaimmin Verom\u00e4en ja Jokirannan kouluihin, joissa kaupunkitasoista&hellip;<\/p>\n<p class=\"more-link-p\"><a class=\"more-link\" href=\"https:\/\/www.asukkaidenvantaa.fi\/?p=319\">Lue lis\u00e4\u00e4 \u2192<\/a><\/p>\n","protected":false},"author":5003,"featured_media":322,"comment_status":"open","ping_status":"open","sticky":false,"template":"","format":"standard","meta":{"footnotes":""},"categories":[28],"tags":[40,39,38],"class_list":["post-319","post","type-post","status-publish","format-standard","has-post-thumbnail","hentry","category-mielipiteet","tag-adressit","tag-erityisopetus","tag-koulutus"],"_links":{"self":[{"href":"https:\/\/www.asukkaidenvantaa.fi\/index.php?rest_route=\/wp\/v2\/posts\/319","targetHints":{"allow":["GET"]}}],"collection":[{"href":"https:\/\/www.asukkaidenvantaa.fi\/index.php?rest_route=\/wp\/v2\/posts"}],"about":[{"href":"https:\/\/www.asukkaidenvantaa.fi\/index.php?rest_route=\/wp\/v2\/types\/post"}],"author":[{"embeddable":true,"href":"https:\/\/www.asukkaidenvantaa.fi\/index.php?rest_route=\/wp\/v2\/users\/5003"}],"replies":[{"embeddable":true,"href":"https:\/\/www.asukkaidenvantaa.fi\/index.php?rest_route=%2Fwp%2Fv2%2Fcomments&post=319"}],"version-history":[{"count":3,"href":"https:\/\/www.asukkaidenvantaa.fi\/index.php?rest_route=\/wp\/v2\/posts\/319\/revisions"}],"predecessor-version":[{"id":323,"href":"https:\/\/www.asukkaidenvantaa.fi\/index.php?rest_route=\/wp\/v2\/posts\/319\/revisions\/323"}],"wp:featuredmedia":[{"embeddable":true,"href":"https:\/\/www.asukkaidenvantaa.fi\/index.php?rest_route=\/wp\/v2\/media\/322"}],"wp:attachment":[{"href":"https:\/\/www.asukkaidenvantaa.fi\/index.php?rest_route=%2Fwp%2Fv2%2Fmedia&parent=319"}],"wp:term":[{"taxonomy":"category","embeddable":true,"href":"https:\/\/www.asukkaidenvantaa.fi\/index.php?rest_route=%2Fwp%2Fv2%2Fcategories&post=319"},{"taxonomy":"post_tag","embeddable":true,"href":"https:\/\/www.asukkaidenvantaa.fi\/index.php?rest_route=%2Fwp%2Fv2%2Ftags&post=319"}],"curies":[{"name":"wp","href":"https:\/\/api.w.org\/{rel}","templated":true}]}}