{"id":3177,"date":"2015-02-12T15:14:40","date_gmt":"2015-02-12T15:14:40","guid":{"rendered":"http:\/\/www.asukkaidenvantaa.fi\/?p=3177"},"modified":"2015-02-12T15:15:56","modified_gmt":"2015-02-12T15:15:56","slug":"tyota-rauhaa-ja-perusturvaa","status":"publish","type":"post","link":"https:\/\/www.asukkaidenvantaa.fi\/?p=3177","title":{"rendered":"Ty\u00f6t\u00e4, rauhaa ja perusturvaa"},"content":{"rendered":"<p><strong>SKP, Suomen Kommunistinen Puolue, l\u00e4htee kev\u00e4\u00e4n 2015 eduskuntavaaleihin tunnuksella: TY\u00d6T\u00c4, RAUHAA JA PERUSTURVAA.<\/strong><\/p>\n<p>Kommunistista liikett\u00e4 moititaan eilisp\u00e4iv\u00e4n liikkeeksi. Onko ty\u00f6n, rauhan ja perusturvan vaatiminen eilist\u00e4 vai t\u00e4t\u00e4 p\u00e4iv\u00e4\u00e4?<br \/>\nTy\u00f6 on t\u00e4rke\u00e4t\u00e4 niille 2,5 miljoonalle ty\u00f6ss\u00e4k\u00e4yv\u00e4lle joilla viel\u00e4 on ty\u00f6t\u00e4. Ty\u00f6 olisi t\u00e4rket\u00e4 niille 300 000 &#8211; 400 000 ty\u00f6tt\u00f6m\u00e4lle jotka on saneerattu kilometritehtaalle.<br \/>\nTy\u00f6 on mit\u00e4 ajankohtaisin vaatimus.<\/p>\n<p>Rauhaa haluavat varmasti suomalaisten enemmist\u00f6. Siit\u00e4 kertoo esimerkiksi kansan enemmist\u00f6n haluttomuus liitty\u00e4 sotilasliito NATO:oon. Vaikka mielipidett\u00e4 NATO my\u00f6nteiseksi on yritetty muokata todella voimallisesti.<\/p>\n<p><a href=\"\/wp-content\/uploads\/sites\/31\/2015\/02\/SKP-logo-e1423753041452.png\"><img loading=\"lazy\" decoding=\"async\" src=\"\/wp-content\/uploads\/sites\/31\/2015\/02\/SKP-logo-e1423753041452.png\" alt=\"SKP logo\" width=\"300\" height=\"92\" class=\"aligncenter size-full wp-image-3181\" \/><\/a><br \/>\n<a href=\"\/wp-content\/uploads\/sites\/31\/2015\/02\/EuropeanLeft_200x60px.png\"><img loading=\"lazy\" decoding=\"async\" src=\"\/wp-content\/uploads\/sites\/31\/2015\/02\/EuropeanLeft_200x60px.png\" alt=\"EuropeanLeft_200x60px\" width=\"200\" height=\"60\" class=\"aligncenter size-full wp-image-3182\" srcset=\"https:\/\/www.asukkaidenvantaa.fi\/wp-content\/uploads\/sites\/31\/2015\/02\/EuropeanLeft_200x60px.png 200w, https:\/\/www.asukkaidenvantaa.fi\/wp-content\/uploads\/sites\/31\/2015\/02\/EuropeanLeft_200x60px-160x48.png 160w\" sizes=\"auto, (max-width: 200px) 100vw, 200px\" \/><\/a><br \/>\nPerusturva, riit\u00e4v\u00e4n kokoisena, takaisi mahdollisuuden kohtuulliseen el\u00e4m\u00e4\u00e4n kaikille jotka opiskelevat, el\u00e4v\u00e4t kansanel\u00e4kkeen varassa tai ovat ty\u00f6t\u00e4 vailla.<\/p>\n<p>Tarvitaan politiikan suunnan muutos my\u00f6s Suomessa. Radikaalit vasemmistolaiset aatteet ly\u00f6v\u00e4t itse\u00e4\u00e4n l\u00e4pi Euroopassa. Emme kai me Suomessa katsele vain sivusta.<\/p>\n<p>Vantaalta Uudenmaan vaalipiiriss\u00e4 SKP:n listalla on ehdolla kirjailija, toimittaja Rita Dahl (sit).<\/p>\n","protected":false},"excerpt":{"rendered":"<p>SKP, Suomen Kommunistinen Puolue, l\u00e4htee kev\u00e4\u00e4n 2015 eduskuntavaaleihin tunnuksella: TY\u00d6T\u00c4, RAUHAA JA PERUSTURVAA. Kommunistista liikett\u00e4 moititaan eilisp\u00e4iv\u00e4n liikkeeksi. Onko ty\u00f6n, rauhan ja perusturvan vaatiminen eilist\u00e4 vai t\u00e4t\u00e4 p\u00e4iv\u00e4\u00e4? Ty\u00f6 on t\u00e4rke\u00e4t\u00e4 niille 2,5 miljoonalle ty\u00f6ss\u00e4k\u00e4yv\u00e4lle joilla viel\u00e4 on ty\u00f6t\u00e4. Ty\u00f6 olisi t\u00e4rket\u00e4 niille 300 000 &#8211; 400 000 ty\u00f6tt\u00f6m\u00e4lle jotka on saneerattu kilometritehtaalle. Ty\u00f6 on&hellip;<\/p>\n<p class=\"more-link-p\"><a class=\"more-link\" href=\"https:\/\/www.asukkaidenvantaa.fi\/?p=3177\">Lue lis\u00e4\u00e4 \u2192<\/a><\/p>\n","protected":false},"author":5003,"featured_media":3181,"comment_status":"open","ping_status":"open","sticky":false,"template":"","format":"standard","meta":{"footnotes":""},"categories":[355],"tags":[],"class_list":["post-3177","post","type-post","status-publish","format-standard","has-post-thumbnail","hentry","category-ajankohtaisia"],"_links":{"self":[{"href":"https:\/\/www.asukkaidenvantaa.fi\/index.php?rest_route=\/wp\/v2\/posts\/3177","targetHints":{"allow":["GET"]}}],"collection":[{"href":"https:\/\/www.asukkaidenvantaa.fi\/index.php?rest_route=\/wp\/v2\/posts"}],"about":[{"href":"https:\/\/www.asukkaidenvantaa.fi\/index.php?rest_route=\/wp\/v2\/types\/post"}],"author":[{"embeddable":true,"href":"https:\/\/www.asukkaidenvantaa.fi\/index.php?rest_route=\/wp\/v2\/users\/5003"}],"replies":[{"embeddable":true,"href":"https:\/\/www.asukkaidenvantaa.fi\/index.php?rest_route=%2Fwp%2Fv2%2Fcomments&post=3177"}],"version-history":[{"count":10,"href":"https:\/\/www.asukkaidenvantaa.fi\/index.php?rest_route=\/wp\/v2\/posts\/3177\/revisions"}],"predecessor-version":[{"id":3189,"href":"https:\/\/www.asukkaidenvantaa.fi\/index.php?rest_route=\/wp\/v2\/posts\/3177\/revisions\/3189"}],"wp:featuredmedia":[{"embeddable":true,"href":"https:\/\/www.asukkaidenvantaa.fi\/index.php?rest_route=\/wp\/v2\/media\/3181"}],"wp:attachment":[{"href":"https:\/\/www.asukkaidenvantaa.fi\/index.php?rest_route=%2Fwp%2Fv2%2Fmedia&parent=3177"}],"wp:term":[{"taxonomy":"category","embeddable":true,"href":"https:\/\/www.asukkaidenvantaa.fi\/index.php?rest_route=%2Fwp%2Fv2%2Fcategories&post=3177"},{"taxonomy":"post_tag","embeddable":true,"href":"https:\/\/www.asukkaidenvantaa.fi\/index.php?rest_route=%2Fwp%2Fv2%2Ftags&post=3177"}],"curies":[{"name":"wp","href":"https:\/\/api.w.org\/{rel}","templated":true}]}}