{"id":317,"date":"2009-09-06T12:14:42","date_gmt":"2009-09-06T12:14:42","guid":{"rendered":"http:\/\/www.asukkaidenvantaa.fi\/?p=317"},"modified":"2012-05-21T12:26:02","modified_gmt":"2012-05-21T12:26:02","slug":"karmea-sopimus-poliittinen-ohjelma","status":"publish","type":"post","link":"https:\/\/www.asukkaidenvantaa.fi\/?p=317","title":{"rendered":"Karmea sopimus &#8211; poliittinen ohjelma"},"content":{"rendered":"<p>Jokainen vasemmistolaisena itse\u00e4\u00e4n pit\u00e4v\u00e4 kysyy varmasti itselt\u00e4\u00e4n yh\u00e4 uudestaan: Miten t\u00e4m\u00e4 on mahdollista? Mik\u00e4 sai demarit ja vasemmistoliiton mukaan historialliseen konsensukseen kunnan palvelurakenteiden rapauttamisesta, koko kuntaa ravistelevasta yksityist\u00e4misest\u00e4, omaisuuden hukkaamisesta ja ennen kaikkea omien julkituotujen tavoitteiden ja periaatteiden t\u00e4ydellisest\u00e4 hylk\u00e4\u00e4misest\u00e4?<\/p>\n<p><strong>Jussi Saramo<\/strong> kirjoittaa <em>Vantaan Sanomien<\/em> keskustelulistalla, ett\u00e4 vasemmistoliitto ei luopunut tavoitteistaan kun yht\u00e4\u00e4n terveysasemaa ei lakkauteta. Tosiasia on, ett\u00e4 useat lakkaavat tulevaisuudessa kokonaan olemasta ja osaan tulee j\u00e4\u00e4m\u00e4\u00e4n vain kolmea suurasemaa \u201dt\u00e4ydent\u00e4vi\u00e4\u201d ja \u201dkevyit\u00e4\u201d toimintoja. Tarkoittaako se terveydenhoitajaa vai mit\u00e4, sit\u00e4 ei sopimuksessa mainita. Kaupungin hallituksen pj. <strong>Tapani M\u00e4kisen<\/strong> (kok.) radiohaastattelun mukaan terveyspalvelut tulevat keskittym\u00e4\u00e4n suurasemiin. Se onkin ymm\u00e4rret\u00e4v\u00e4\u00e4 sopimuksen valossa, koska niihin tullaan keskitt\u00e4m\u00e4\u00e4n valtaosa sairaanhoidon voimavaroista. \u201d Sosiaali- ja terveysasemien keskitt\u00e4mist\u00e4 t\u00e4ydent\u00e4v\u00e4t kevyet l\u00e4hipalvelut olemassa olevissa tiloissa.\u201d<\/p>\n<p>Vantaa-sopimus on kaiken kattava. Se ei s\u00e4\u00e4st\u00e4 edes pienimpi\u00e4 ja heikompia. \u201d\u201dAikuissosiaality\u00f6n sek\u00e4 lastensuojelun toimipisteit\u00e4, perheneuvoloita sek\u00e4 \u00e4itiys- ja lastenneuvoloita supistetaan laaditun palveluverkkosuunnitelman mukaisesti\u201d N\u00e4in toimitaan lasten ja nuorten Vantaalla vasemmiston ja vihreiden ja kokoomuksen sopimuksella. <\/p>\n<p>K\u00e4siss\u00e4 on my\u00f6s historiallinen sopimus. Vastaavaa uusliberalistista yhteisymm\u00e4rryst\u00e4 ei Suomessa kuntatasolta tunneta. T\u00e4h\u00e4n asti se on ollut luettavissa vain istuvan hallituksen ohjelmassa. Sopimus onkin kokoomuksen ja sit\u00e4 tukevan vihre\u00e4n puolueen voitto, niin orjallisesti se noudattaa maan hallituksen ohjelmaa.<\/p>\n<p>Vantaa-sopimus on luettavissa www.vantaa.fi.<\/p>\n<p><strong>Hannu V\u00e4is\u00e4nen<\/strong><\/p>\n","protected":false},"excerpt":{"rendered":"<p>Jokainen vasemmistolaisena itse\u00e4\u00e4n pit\u00e4v\u00e4 kysyy varmasti itselt\u00e4\u00e4n yh\u00e4 uudestaan: Miten t\u00e4m\u00e4 on mahdollista? Mik\u00e4 sai demarit ja vasemmistoliiton mukaan historialliseen konsensukseen kunnan palvelurakenteiden rapauttamisesta, koko kuntaa ravistelevasta yksityist\u00e4misest\u00e4, omaisuuden hukkaamisesta ja ennen kaikkea omien julkituotujen tavoitteiden ja periaatteiden t\u00e4ydellisest\u00e4 hylk\u00e4\u00e4misest\u00e4? Jussi Saramo kirjoittaa Vantaan Sanomien keskustelulistalla, ett\u00e4 vasemmistoliitto ei luopunut tavoitteistaan kun yht\u00e4\u00e4n terveysasemaa ei&hellip;<\/p>\n<p class=\"more-link-p\"><a class=\"more-link\" href=\"https:\/\/www.asukkaidenvantaa.fi\/?p=317\">Lue lis\u00e4\u00e4 \u2192<\/a><\/p>\n","protected":false},"author":5003,"featured_media":18,"comment_status":"open","ping_status":"open","sticky":false,"template":"","format":"standard","meta":{"footnotes":""},"categories":[28],"tags":[37],"class_list":["post-317","post","type-post","status-publish","format-standard","has-post-thumbnail","hentry","category-mielipiteet","tag-vantaa-sopimus"],"_links":{"self":[{"href":"https:\/\/www.asukkaidenvantaa.fi\/index.php?rest_route=\/wp\/v2\/posts\/317","targetHints":{"allow":["GET"]}}],"collection":[{"href":"https:\/\/www.asukkaidenvantaa.fi\/index.php?rest_route=\/wp\/v2\/posts"}],"about":[{"href":"https:\/\/www.asukkaidenvantaa.fi\/index.php?rest_route=\/wp\/v2\/types\/post"}],"author":[{"embeddable":true,"href":"https:\/\/www.asukkaidenvantaa.fi\/index.php?rest_route=\/wp\/v2\/users\/5003"}],"replies":[{"embeddable":true,"href":"https:\/\/www.asukkaidenvantaa.fi\/index.php?rest_route=%2Fwp%2Fv2%2Fcomments&post=317"}],"version-history":[{"count":2,"href":"https:\/\/www.asukkaidenvantaa.fi\/index.php?rest_route=\/wp\/v2\/posts\/317\/revisions"}],"predecessor-version":[{"id":324,"href":"https:\/\/www.asukkaidenvantaa.fi\/index.php?rest_route=\/wp\/v2\/posts\/317\/revisions\/324"}],"wp:featuredmedia":[{"embeddable":true,"href":"https:\/\/www.asukkaidenvantaa.fi\/index.php?rest_route=\/wp\/v2\/media\/18"}],"wp:attachment":[{"href":"https:\/\/www.asukkaidenvantaa.fi\/index.php?rest_route=%2Fwp%2Fv2%2Fmedia&parent=317"}],"wp:term":[{"taxonomy":"category","embeddable":true,"href":"https:\/\/www.asukkaidenvantaa.fi\/index.php?rest_route=%2Fwp%2Fv2%2Fcategories&post=317"},{"taxonomy":"post_tag","embeddable":true,"href":"https:\/\/www.asukkaidenvantaa.fi\/index.php?rest_route=%2Fwp%2Fv2%2Ftags&post=317"}],"curies":[{"name":"wp","href":"https:\/\/api.w.org\/{rel}","templated":true}]}}