{"id":3143,"date":"2015-01-30T11:02:39","date_gmt":"2015-01-30T11:02:39","guid":{"rendered":"http:\/\/www.asukkaidenvantaa.fi\/?p=3143"},"modified":"2015-01-30T11:04:24","modified_gmt":"2015-01-30T11:04:24","slug":"tikkurilan-posti-muuttaa","status":"publish","type":"post","link":"https:\/\/www.asukkaidenvantaa.fi\/?p=3143","title":{"rendered":"Tikkurilan posti muuttaa"},"content":{"rendered":"<p><strong>Tikkurilan posti muuttaa Tikkuraitille<\/strong><\/p>\n<p>Tikkurilan posti 01300 Vantaa muuttaa Kielotielt\u00e4 Tikkuraitille. Uusi osoite on Tikkuraitti 13. Liiketilassa oli aiemmin urheilutarvikeliike.<br \/>\n<div id=\"attachment_3144\" style=\"width: 810px\" class=\"wp-caption aligncenter\"><a href=\"\/wp-content\/uploads\/sites\/31\/2015\/01\/Uusi-Posti-1-30.1.15-e1422613745830.jpg\"><img loading=\"lazy\" decoding=\"async\" aria-describedby=\"caption-attachment-3144\" src=\"\/wp-content\/uploads\/sites\/31\/2015\/01\/Uusi-Posti-1-30.1.15-e1422613745830.jpg\" alt=\"Tikkurilan postin uuden toimitilan viimeistelyty\u00f6t olivat vauhdissa perjantaina 30.1. Maanantaina 2.2. asiakkaita palvellaan jo uusissa tiloissa.\" width=\"800\" height=\"600\" class=\"size-full wp-image-3144\" \/><\/a><p id=\"caption-attachment-3144\" class=\"wp-caption-text\">Tikkurilan postin uuden toimitilan viimeistelyty\u00f6t olivat vauhdissa perjantaina 30.1. Maanantaina 2.2. asiakkaita palvellaan jo uusissa tiloissa.<\/p><\/div>\n<p>Jalkaisin ja polkupy\u00f6rill\u00e4 liikkuville sis\u00e4\u00e4nk\u00e4ynti on mutkaton. Toivottavasti my\u00f6s liikuntarajoitteiset on huomioitu, Kielotien tilassa asiaa ei koskaan saatu oikein kuntoon.<br \/>\nAutoileville asiakkaille kulku onkin hiukan mutkikkaampaa. Postin uuden liiketilan kellarissa sijaitsevasta parkkihallista on varattu postille pys\u00e4k\u00f6intipaikkoja.<br \/>\nAjo t\u00e4h\u00e4n pys\u00e4k\u00f6intiin tapahtuu Lehdokkitielt\u00e4. Esimerkiksi paketteja autoilijat joutuvat &#8221;roudaamaan&#8221; parkkihallin portaikossa.<\/p>\n<p>Uudessa liiketilassa on taas Postin tunnukset. Itella nimest\u00e4 luovuttiin vuodenvaihteessa ja palattiin vanhaan hyv\u00e4\u00e4n Postiin.<br \/>\n<div id=\"attachment_3146\" style=\"width: 810px\" class=\"wp-caption aligncenter\"><a href=\"\/wp-content\/uploads\/sites\/31\/2015\/01\/uusi-Posti-2-30.1.15-e1422615421674.jpg\"><img loading=\"lazy\" decoding=\"async\" aria-describedby=\"caption-attachment-3146\" src=\"\/wp-content\/uploads\/sites\/31\/2015\/01\/uusi-Posti-2-30.1.15-e1422615421674.jpg\" alt=\"Tikkurilan postin sis\u00e4\u00e4nk\u00e4ynnin edest\u00e4 poisteaan aita viikonlopun aikana ja maanantaina 2.2. asiakkaat toivotetaan tervetulleiksi uusiin toimitiloihin.\" width=\"800\" height=\"600\" class=\"size-full wp-image-3146\" \/><\/a><p id=\"caption-attachment-3146\" class=\"wp-caption-text\">Tikkurilan postin sis\u00e4\u00e4nk\u00e4ynnin edest\u00e4 poisteaan aita viikonlopun aikana ja maanantaina 2.2. asiakkaat toivotetaan tervetulleiksi uusiin toimitiloihin.<\/p><\/div>\n","protected":false},"excerpt":{"rendered":"<p>Tikkurilan posti muuttaa Tikkuraitille Tikkurilan posti 01300 Vantaa muuttaa Kielotielt\u00e4 Tikkuraitille. Uusi osoite on Tikkuraitti 13. Liiketilassa oli aiemmin urheilutarvikeliike. Jalkaisin ja polkupy\u00f6rill\u00e4 liikkuville sis\u00e4\u00e4nk\u00e4ynti on mutkaton. Toivottavasti my\u00f6s liikuntarajoitteiset on huomioitu, Kielotien tilassa asiaa ei koskaan saatu oikein kuntoon. Autoileville asiakkaille kulku onkin hiukan mutkikkaampaa. Postin uuden liiketilan kellarissa sijaitsevasta parkkihallista on varattu postille&hellip;<\/p>\n<p class=\"more-link-p\"><a class=\"more-link\" href=\"https:\/\/www.asukkaidenvantaa.fi\/?p=3143\">Lue lis\u00e4\u00e4 \u2192<\/a><\/p>\n","protected":false},"author":5003,"featured_media":0,"comment_status":"open","ping_status":"open","sticky":false,"template":"","format":"standard","meta":{"footnotes":""},"categories":[355],"tags":[],"class_list":["post-3143","post","type-post","status-publish","format-standard","hentry","category-ajankohtaisia"],"_links":{"self":[{"href":"https:\/\/www.asukkaidenvantaa.fi\/index.php?rest_route=\/wp\/v2\/posts\/3143","targetHints":{"allow":["GET"]}}],"collection":[{"href":"https:\/\/www.asukkaidenvantaa.fi\/index.php?rest_route=\/wp\/v2\/posts"}],"about":[{"href":"https:\/\/www.asukkaidenvantaa.fi\/index.php?rest_route=\/wp\/v2\/types\/post"}],"author":[{"embeddable":true,"href":"https:\/\/www.asukkaidenvantaa.fi\/index.php?rest_route=\/wp\/v2\/users\/5003"}],"replies":[{"embeddable":true,"href":"https:\/\/www.asukkaidenvantaa.fi\/index.php?rest_route=%2Fwp%2Fv2%2Fcomments&post=3143"}],"version-history":[{"count":3,"href":"https:\/\/www.asukkaidenvantaa.fi\/index.php?rest_route=\/wp\/v2\/posts\/3143\/revisions"}],"predecessor-version":[{"id":3148,"href":"https:\/\/www.asukkaidenvantaa.fi\/index.php?rest_route=\/wp\/v2\/posts\/3143\/revisions\/3148"}],"wp:attachment":[{"href":"https:\/\/www.asukkaidenvantaa.fi\/index.php?rest_route=%2Fwp%2Fv2%2Fmedia&parent=3143"}],"wp:term":[{"taxonomy":"category","embeddable":true,"href":"https:\/\/www.asukkaidenvantaa.fi\/index.php?rest_route=%2Fwp%2Fv2%2Fcategories&post=3143"},{"taxonomy":"post_tag","embeddable":true,"href":"https:\/\/www.asukkaidenvantaa.fi\/index.php?rest_route=%2Fwp%2Fv2%2Ftags&post=3143"}],"curies":[{"name":"wp","href":"https:\/\/api.w.org\/{rel}","templated":true}]}}