{"id":3134,"date":"2015-01-28T10:13:41","date_gmt":"2015-01-28T10:13:41","guid":{"rendered":"http:\/\/www.asukkaidenvantaa.fi\/?p=3134"},"modified":"2015-01-28T10:13:41","modified_gmt":"2015-01-28T10:13:41","slug":"vantaa-lisaa-lapinakyvyyttaan-hankinnat-verkkoon","status":"publish","type":"post","link":"https:\/\/www.asukkaidenvantaa.fi\/?p=3134","title":{"rendered":"Vantaa lis\u00e4\u00e4 l\u00e4pin\u00e4kyvyytt\u00e4\u00e4n, hankinnat verkkoon"},"content":{"rendered":"<p><strong>Vantaan ostot verkkoon n\u00e4ht\u00e4viksi.<\/strong><\/p>\n<p>Kaupunginjohtaja Nenonen ilmoitti Vantaan uuden br\u00e4ndin julkistustilaisisuudessa 23.1, ett\u00e4 Vantaalla valmistellaan kaupungin laskutietojen viemist\u00e4 verkkoon kaikkien n\u00e4ht\u00e4v\u00e4ksi.<br \/>\nMeill\u00e4 ei ole mit\u00e4\u00e4n salattavaa hehkutti kaupunginjohtaja Nenonen.<br \/>\nAinoastaan tietosuojan alaiset tiedot j\u00e4\u00e4v\u00e4t julkaisematta.<\/p>\n<p>Valmistelut ovat k\u00e4ynniss\u00e4 ja j\u00e4rjestelm\u00e4 otetaan todenn\u00e4k\u00f6isesti k\u00e4ytt\u00f6\u00f6n viel\u00e4 t\u00e4m\u00e4n vuoden puolella.<\/p>\n<p><strong>Kaupungin osakeyhti\u00f6t eiv\u00e4t kuulu j\u00e4rjestelm\u00e4\u00e4n<\/strong><\/p>\n<p>Kaupunki on ulkoistanut paljon toimintoja omistamiinsa osakeyhti\u00f6hin. Ne el\u00e4v\u00e4t omaa el\u00e4m\u00e4\u00e4ns\u00e4.<\/p>\n<p><strong>Kolmen Vantaan omistaman yhti\u00f6n toiminnasta tutkintapyynt\u00f6 poliisille<\/strong><\/p>\n<p>Kaupungin tyt\u00e4ryhti\u00f6iss\u00e4 Kiinteist\u00f6 oy Keh\u00e4suoran, Kiinteist\u00f6 Oy It\u00e4keh\u00e4n ja Kiinteist\u00f6 oy Keh\u00e4portin hallinnossa ja kirjanpidossa on ilmennyt ep\u00e4selvyyksi\u00e4 joiden johdosta poliisille on j\u00e4tetty tutkimuspyynt\u00f6.<\/p>\n<p>Kaupungin omistamat yhti\u00f6t ovat demokratian kannalta ongelmallisia. Vaikka yhti\u00f6t ovat kaupungin v\u00e4lillisess\u00e4 valvonnassa, erilaisiin osakeyhti\u00f6m\u00e4\u00e4r\u00e4yksiin ja kilpailus\u00e4\u00e4nn\u00f6ksiin viitaten j\u00e4\u00e4 joskus mahdollisuus hyvinkin pienelle ryhm\u00e4lle k\u00e4ytt\u00e4\u00e4 yhti\u00f6iden varoja yhti\u00f6n tarkoituksen ulkopuolisiin hankkeisiin. T\u00e4llaisesta saattaa olla kysymys my\u00f6s nyt poliisitutkintaan joutuvista yhti\u00f6ist\u00e4.<br \/>\n                                                         <div id=\"attachment_3136\" style=\"width: 178px\" class=\"wp-caption alignright\"><a href=\"\/wp-content\/uploads\/sites\/31\/2015\/01\/VTK-logo.jpg\"><img loading=\"lazy\" decoding=\"async\" aria-describedby=\"caption-attachment-3136\" src=\"\/wp-content\/uploads\/sites\/31\/2015\/01\/VTK-logo.jpg\" alt=\"VTK kiinteist\u00f6t on yksi Vantaan kaupungin omistamista yhti\u00f6ist\u00e4.\" width=\"168\" height=\"144\" class=\"size-full wp-image-3136\" \/><\/a><p id=\"caption-attachment-3136\" class=\"wp-caption-text\">VTK kiinteist\u00f6t on yksi Vantaan kaupungin omistamista yhti\u00f6ist\u00e4.<\/p><\/div>\n<div id=\"attachment_3136\" style=\"width: 178px\" class=\"wp-caption alignleft\"><a [caption id=\"attachment_3138\" align=\"alignright\" width=\"200\"]<a href=\"\/wp-content\/uploads\/sites\/31\/2015\/01\/Vantaan-Energia-logo-e1422439439897.jpg\"><img loading=\"lazy\" decoding=\"async\" aria-describedby=\"caption-attachment-3136\" src=\"\/wp-content\/uploads\/sites\/31\/2015\/01\/Vantaan-Energia-logo-e1422439439897.jpg\" alt=\"Vantaan Energia on merkitt\u00e4vin Vantaan omistamista yhti\u00f6ist\u00e4. Vantaa omistaa 60 % Vantaan Energiasta. 40 % myytiin vuosia sitten Helsingin kaupungille.\" width=\"200\" height=\"69\" class=\"size-full wp-image-3138\" \/><\/a><p id=\"caption-attachment-3136\" class=\"wp-caption-text\">Vantaan Energia on merkitt\u00e4vin Vantaan omistamista yhti\u00f6ist\u00e4. Vantaa omistaa 60 % Vantaan Energiasta. 40 % myytiin vuosia sitten Helsingin kaupungille.<\/p><\/div>\n","protected":false},"excerpt":{"rendered":"<p>Vantaan ostot verkkoon n\u00e4ht\u00e4viksi. Kaupunginjohtaja Nenonen ilmoitti Vantaan uuden br\u00e4ndin julkistustilaisisuudessa 23.1, ett\u00e4 Vantaalla valmistellaan kaupungin laskutietojen viemist\u00e4 verkkoon kaikkien n\u00e4ht\u00e4v\u00e4ksi. Meill\u00e4 ei ole mit\u00e4\u00e4n salattavaa hehkutti kaupunginjohtaja Nenonen. Ainoastaan tietosuojan alaiset tiedot j\u00e4\u00e4v\u00e4t julkaisematta. Valmistelut ovat k\u00e4ynniss\u00e4 ja j\u00e4rjestelm\u00e4 otetaan todenn\u00e4k\u00f6isesti k\u00e4ytt\u00f6\u00f6n viel\u00e4 t\u00e4m\u00e4n vuoden puolella. Kaupungin osakeyhti\u00f6t eiv\u00e4t kuulu j\u00e4rjestelm\u00e4\u00e4n Kaupunki on ulkoistanut&hellip;<\/p>\n<p class=\"more-link-p\"><a class=\"more-link\" href=\"https:\/\/www.asukkaidenvantaa.fi\/?p=3134\">Lue lis\u00e4\u00e4 \u2192<\/a><\/p>\n","protected":false},"author":5003,"featured_media":0,"comment_status":"open","ping_status":"open","sticky":false,"template":"","format":"standard","meta":{"footnotes":""},"categories":[1],"tags":[],"class_list":["post-3134","post","type-post","status-publish","format-standard","hentry","category-uncategorized"],"_links":{"self":[{"href":"https:\/\/www.asukkaidenvantaa.fi\/index.php?rest_route=\/wp\/v2\/posts\/3134","targetHints":{"allow":["GET"]}}],"collection":[{"href":"https:\/\/www.asukkaidenvantaa.fi\/index.php?rest_route=\/wp\/v2\/posts"}],"about":[{"href":"https:\/\/www.asukkaidenvantaa.fi\/index.php?rest_route=\/wp\/v2\/types\/post"}],"author":[{"embeddable":true,"href":"https:\/\/www.asukkaidenvantaa.fi\/index.php?rest_route=\/wp\/v2\/users\/5003"}],"replies":[{"embeddable":true,"href":"https:\/\/www.asukkaidenvantaa.fi\/index.php?rest_route=%2Fwp%2Fv2%2Fcomments&post=3134"}],"version-history":[{"count":6,"href":"https:\/\/www.asukkaidenvantaa.fi\/index.php?rest_route=\/wp\/v2\/posts\/3134\/revisions"}],"predecessor-version":[{"id":3142,"href":"https:\/\/www.asukkaidenvantaa.fi\/index.php?rest_route=\/wp\/v2\/posts\/3134\/revisions\/3142"}],"wp:attachment":[{"href":"https:\/\/www.asukkaidenvantaa.fi\/index.php?rest_route=%2Fwp%2Fv2%2Fmedia&parent=3134"}],"wp:term":[{"taxonomy":"category","embeddable":true,"href":"https:\/\/www.asukkaidenvantaa.fi\/index.php?rest_route=%2Fwp%2Fv2%2Fcategories&post=3134"},{"taxonomy":"post_tag","embeddable":true,"href":"https:\/\/www.asukkaidenvantaa.fi\/index.php?rest_route=%2Fwp%2Fv2%2Ftags&post=3134"}],"curies":[{"name":"wp","href":"https:\/\/api.w.org\/{rel}","templated":true}]}}