{"id":3127,"date":"2015-01-25T14:04:46","date_gmt":"2015-01-25T14:04:46","guid":{"rendered":"http:\/\/www.asukkaidenvantaa.fi\/?p=3127"},"modified":"2015-01-25T14:04:46","modified_gmt":"2015-01-25T14:04:46","slug":"poliittista-suhmurointia-pukkiko-kaalimaan-vartijaksi","status":"publish","type":"post","link":"https:\/\/www.asukkaidenvantaa.fi\/?p=3127","title":{"rendered":"Poliittista suhmurointia; Pukkiko kaalimaan vartijaksi"},"content":{"rendered":"<p><strong>Vantaan apulaiskaupunginjohtajan vaalia on edelt\u00e4nyt poliittinen kaupanteko<\/strong><br \/>\nApulaiskaupunginjohtajan kuten kaupunginjohtajankin pestit on Vantaalla jaettu poliittisten voimasuhteiden mukaan. Vantaan johtajistoon kuuluu t\u00e4ll\u00e4 hetkell\u00e4: Kaupunginjohtaja Kari Nenonen (sd), sek\u00e4 apulaiskaupunginjohtajat, sosiaali- ja terveystoimi Jukka T. Salminen (kok), sivistystoimi Elina Lehto H\u00e4ggroth (sd), maank\u00e4ytt\u00f6- rakennus ja ymp\u00e4rist\u00f6toimi Juha-Veikko Nikulainen (kok), konserni- ja asukaspalvelut vs. Heidi Nygren (vihr). <\/p>\n<p>Ensi maanantaina valtuusto valitsee konserni- ja asukaspalveluiden kaupunginjohtajan. Viidest\u00e4toista hakijasta on j\u00e4ljell\u00e4 kaksi: Virkaa nyky\u00e4\u00e4n viransijaisena hoitava kasvatustieteen maisteri Heidi Nygren (vihr) ja Vantaan valtuuston ja kaupunginhallituksen perussuomalainen j\u00e4sen Jaakko Niinist\u00f6 koulutukseltaan tekniikan tohtori.<\/p>\n<p>Perussuomalaiset jotka ovat \u00e4\u00e4nekk\u00e4\u00e4sti esiintyneet poliittisia virkanimityksi\u00e4 vastaan ovat tiukasti vaatineet apulaiskaupunginjohtajan paikkaa itselleen valtuuston kolmanneksi suurimpana ryhm\u00e4n\u00e4.<\/p>\n<p>Erityisen ongelmakselliseksi asian tekee se, ett\u00e4 t\u00e4m\u00e4n <div id=\"attachment_3128\" style=\"width: 287px\" class=\"wp-caption alignright\"><a href=\"\/wp-content\/uploads\/sites\/31\/2015\/01\/Jaakko-Niinist\u00f6.jpg\"><img loading=\"lazy\" decoding=\"async\" aria-describedby=\"caption-attachment-3128\" src=\"\/wp-content\/uploads\/sites\/31\/2015\/01\/Jaakko-Niinist\u00f6.jpg\" alt=\"Vantaan apulaiskaupunginjohtajan virkaa tavoitteleva perussuomalaiten Jaakko Niinist\u00f6. H\u00e4nen alaisuuteensa tulisivat esimerkiksi maahanmuuttoasiat.\" width=\"277\" height=\"182\" class=\"size-full wp-image-3128\" \/><\/a><p id=\"caption-attachment-3128\" class=\"wp-caption-text\">Vantaan apulaiskaupunginjohtajan virkaa tavoitteleva perussuomalaiten Jaakko Niinist\u00f6. H\u00e4nen alaisuuteensa tulisivat esimerkiksi maahanmuuttoasiat.<\/p><\/div>\napulaiskupunginjohtajan alaisuuteen kuuluvat<br \/>\nmaahanmuuttajakysymykset. Vantaalla on<br \/>\nrunsaasti maahanmuuttajia, yli 20 000.<br \/>\nLis\u00e4ksi Vantaalla maahanmuuttajakysy-<br \/>\nmyksi\u00e4 on hoidettu hyvin.<br \/>\nPerussuomalaiset tunnetaan parhaiten<br \/>\nmaahanmuutovastaisuudestaan. Esimerkiksi<br \/>\nhumanitaarinen maahanmuutto teilataan<br \/>\nperussuomalaisten ohjelmissa t\u00e4ysin.<br \/>\nPerussuomalaisten maahanmuuttopolitiikassa<br \/>\nei ole sijaa ihmimillisyydelle.<\/p>\n<div id=\"attachment_3131\" style=\"width: 269px\" class=\"wp-caption alignright\"><a href=\"\/wp-content\/uploads\/sites\/31\/2015\/01\/Heidi-Nygren.jpg\"><img loading=\"lazy\" decoding=\"async\" aria-describedby=\"caption-attachment-3131\" src=\"\/wp-content\/uploads\/sites\/31\/2015\/01\/Heidi-Nygren.jpg\" alt=\"Konserni- ja asukaspalveluiden apulaiskaupunginjohtajan toinen tavoittelija, virkaa nyt viransijaisena hoitava Heidi Nygren.\" width=\"259\" height=\"194\" class=\"size-full wp-image-3131\" srcset=\"https:\/\/www.asukkaidenvantaa.fi\/wp-content\/uploads\/sites\/31\/2015\/01\/Heidi-Nygren.jpg 259w, https:\/\/www.asukkaidenvantaa.fi\/wp-content\/uploads\/sites\/31\/2015\/01\/Heidi-Nygren-160x119.jpg 160w, https:\/\/www.asukkaidenvantaa.fi\/wp-content\/uploads\/sites\/31\/2015\/01\/Heidi-Nygren-193x145.jpg 193w\" sizes=\"auto, (max-width: 259px) 100vw, 259px\" \/><\/a><p id=\"caption-attachment-3131\" class=\"wp-caption-text\">Konserni- ja asukaspalveluiden apulaiskaupunginjohtajan toinen tavoittelija, virkaa nyt viransijaisena hoitava Heidi Nygren.<\/p><\/div>\n<p>On hyvin mahdollista, ett\u00e4 valtuusto \u00e4\u00e4nest\u00e4\u00e4 asiasta.<\/p>\n","protected":false},"excerpt":{"rendered":"<p>Vantaan apulaiskaupunginjohtajan vaalia on edelt\u00e4nyt poliittinen kaupanteko Apulaiskaupunginjohtajan kuten kaupunginjohtajankin pestit on Vantaalla jaettu poliittisten voimasuhteiden mukaan. Vantaan johtajistoon kuuluu t\u00e4ll\u00e4 hetkell\u00e4: Kaupunginjohtaja Kari Nenonen (sd), sek\u00e4 apulaiskaupunginjohtajat, sosiaali- ja terveystoimi Jukka T. Salminen (kok), sivistystoimi Elina Lehto H\u00e4ggroth (sd), maank\u00e4ytt\u00f6- rakennus ja ymp\u00e4rist\u00f6toimi Juha-Veikko Nikulainen (kok), konserni- ja asukaspalvelut vs. Heidi Nygren (vihr). Ensi&hellip;<\/p>\n<p class=\"more-link-p\"><a class=\"more-link\" href=\"https:\/\/www.asukkaidenvantaa.fi\/?p=3127\">Lue lis\u00e4\u00e4 \u2192<\/a><\/p>\n","protected":false},"author":5003,"featured_media":0,"comment_status":"open","ping_status":"open","sticky":false,"template":"","format":"standard","meta":{"footnotes":""},"categories":[3,355],"tags":[],"class_list":["post-3127","post","type-post","status-publish","format-standard","hentry","category-tausta","category-ajankohtaisia"],"_links":{"self":[{"href":"https:\/\/www.asukkaidenvantaa.fi\/index.php?rest_route=\/wp\/v2\/posts\/3127","targetHints":{"allow":["GET"]}}],"collection":[{"href":"https:\/\/www.asukkaidenvantaa.fi\/index.php?rest_route=\/wp\/v2\/posts"}],"about":[{"href":"https:\/\/www.asukkaidenvantaa.fi\/index.php?rest_route=\/wp\/v2\/types\/post"}],"author":[{"embeddable":true,"href":"https:\/\/www.asukkaidenvantaa.fi\/index.php?rest_route=\/wp\/v2\/users\/5003"}],"replies":[{"embeddable":true,"href":"https:\/\/www.asukkaidenvantaa.fi\/index.php?rest_route=%2Fwp%2Fv2%2Fcomments&post=3127"}],"version-history":[{"count":4,"href":"https:\/\/www.asukkaidenvantaa.fi\/index.php?rest_route=\/wp\/v2\/posts\/3127\/revisions"}],"predecessor-version":[{"id":3133,"href":"https:\/\/www.asukkaidenvantaa.fi\/index.php?rest_route=\/wp\/v2\/posts\/3127\/revisions\/3133"}],"wp:attachment":[{"href":"https:\/\/www.asukkaidenvantaa.fi\/index.php?rest_route=%2Fwp%2Fv2%2Fmedia&parent=3127"}],"wp:term":[{"taxonomy":"category","embeddable":true,"href":"https:\/\/www.asukkaidenvantaa.fi\/index.php?rest_route=%2Fwp%2Fv2%2Fcategories&post=3127"},{"taxonomy":"post_tag","embeddable":true,"href":"https:\/\/www.asukkaidenvantaa.fi\/index.php?rest_route=%2Fwp%2Fv2%2Ftags&post=3127"}],"curies":[{"name":"wp","href":"https:\/\/api.w.org\/{rel}","templated":true}]}}