{"id":3108,"date":"2015-01-23T13:23:55","date_gmt":"2015-01-23T13:23:55","guid":{"rendered":"http:\/\/www.asukkaidenvantaa.fi\/?p=3108"},"modified":"2015-01-23T13:23:55","modified_gmt":"2015-01-23T13:23:55","slug":"vantaa-brandataan-uusiksi","status":"publish","type":"post","link":"https:\/\/www.asukkaidenvantaa.fi\/?p=3108","title":{"rendered":"Vantaa br\u00e4nd\u00e4t\u00e4\u00e4n uusiksi"},"content":{"rendered":"<p><strong>Vantaan br\u00e4ndi uudistetaan.<\/strong><a \n\nVanha lohenpyrst\u00f6 ty\u00f6nnet\u00e4\u00e4n takanurkkaan, sit\u00e4 ei viel\u00e4 t\u00e4ydellisesti h\u00e4vitet\u00e4, mutta sen k\u00e4ytt\u00f6 j\u00e4\u00e4nee v\u00e4h\u00e4iseksi. Koko kaupungin tiedottaminen ja n\u00e4kyminen tehd\u00e4\u00e4n t\u00e4st\u00e4 eteenp\u00e4in uuden Vantaa tunnuksen alla. Saadaanko Vantaa vauhtiin uudella identiteettij\u00e4rjestelm\u00e4ll\u00e4, kuten uutta ilmett\u00e4 ja ja sen liit\u00e4nn\u00e4isi\u00e4 kutsutaan.\nBr\u00e4ndity\u00f6ryhm\u00e4 kuuli my\u00f6s vantaalaisia. Noin 10 000 vantaalaista kertoi mielipiteens\u00e4 Vantaasta. \nTy\u00f6n tuloksena l\u00f6ytyiv\u00e4t seuraavat strategiset linjaukset: Vahvat kaupunginosat; Yhten\u00e4inen Vantaa; Kiinte\u00e4 osa Metropolia.\nAlla uusi Vantaa tunnus.\n<a href=\"\/wp-content\/uploads\/sites\/31\/2015\/01\/Vantaa-Paatunnus-RGB1-e1422015599899.jpg\"><img loading=\"lazy\" decoding=\"async\" src=\"\/wp-content\/uploads\/sites\/31\/2015\/01\/Vantaa-Paatunnus-RGB1-e1422015599899.jpg\" alt=\"Vantaa-Paatunnus-RGB\" width=\"1000\" height=\"707\" class=\"aligncenter size-full wp-image-3112\" \/><\/a><br \/>\nKullekin kaupunginosalle on m\u00e4\u00e4ritelty oma v\u00e4rins\u00e4 p\u00e4\u00e4tunnuksesta muunneltuna, t\u00e4lt\u00e4 n\u00e4ytt\u00e4v\u00e4t vantaalaiset kaupunginosat:<br \/>\n<div id=\"attachment_3114\" style=\"width: 1010px\" class=\"wp-caption aligncenter\"><a href=\"\/wp-content\/uploads\/sites\/31\/2015\/01\/Vantaa-Kaupunginosien-tunnukset-RGB-e1422016331211.jpg\"><img loading=\"lazy\" decoding=\"async\" aria-describedby=\"caption-attachment-3114\" src=\"\/wp-content\/uploads\/sites\/31\/2015\/01\/Vantaa-Kaupunginosien-tunnukset-RGB-e1422016331211.jpg\" alt=\"Uudet kaupunginosien tunnukset.\" width=\"1000\" height=\"707\" class=\"size-full wp-image-3114\" \/><\/a><p id=\"caption-attachment-3114\" class=\"wp-caption-text\">Uudet kaupunginosien tunnukset.<\/p><\/div>\nTulevassa viestinn\u00e4ss\u00e4 nojataan mahdollisimman paljon visuaaliseen ilmaisuun. Ideana on, ett\u00e4 Vantaa sanan per\u00e4\u00e4n liitet\u00e4\u00e4n asiaan sopivia ilmaisuja kuten VantaaKaikille, Vantaa Tilaa, Vantaa Vapautta. Ideana on k\u00e4ytt\u00e4\u00e4 Vantaan yhteydess\u00e4 avainsanoja, mutta onneksi se j\u00e4tt\u00e4\u00e4 vantaalaisten luovuudelle tilaa. Jos joutuu jonottamaan l\u00e4\u00e4k\u00e4rin vastaanotolle kohtuuttoman pitk\u00e4\u00e4n voi tehd\u00e4 oman Vantaa kuvan: Vantaa Jonoja jne.<br \/>\nAlla kuitenkin pari b\u00e4ndity\u00f6ryhm\u00e4n ajatusta, tarkoitus on tietenkin pyrkimys antaa Vantaasta mahdollisimman my\u00f6nteinen kuva. Toivottavasti tavallinen kuntalainen voi huomata t\u00e4m\u00e4n parantuvina palveluina.<br \/>\n<div id=\"attachment_3119\" style=\"width: 810px\" class=\"wp-caption alignright\"><a href=\"\/wp-content\/uploads\/sites\/31\/2015\/01\/Nenonen-br\u00e4ndijulkaisu-23.1.15-e1422018557645.jpg\"><img loading=\"lazy\" decoding=\"async\" aria-describedby=\"caption-attachment-3119\" src=\"\/wp-content\/uploads\/sites\/31\/2015\/01\/Nenonen-br\u00e4ndijulkaisu-23.1.15-e1422018557645.jpg\" alt=\"Kaupunginjohtaja Nenonen esittelem\u00e4ss\u00e4 uutta Vantaa br\u00e4ndi\u00e4. Taustalla uusia Vantaa ilmeit\u00e4. Puhujap\u00f6nt\u00f6ss\u00e4 k\u00f6n\u00f6tt\u00e4\u00e4 viel\u00e4 vanha lohenpyrst\u00f6.\" width=\"800\" height=\"600\" class=\"size-full wp-image-3119\" \/><\/a><p id=\"caption-attachment-3119\" class=\"wp-caption-text\">Kaupunginjohtaja Nenonen esittelem\u00e4ss\u00e4 uutta Vantaa br\u00e4ndi\u00e4. Taustalla uusia Vantaa ilmeit\u00e4. Puhujap\u00f6nt\u00f6ss\u00e4 k\u00f6n\u00f6tt\u00e4\u00e4 viel\u00e4 vanha lohenpyrst\u00f6.<\/p><\/div>\n<div id=\"attachment_3116\" style=\"width: 510px\" class=\"wp-caption alignleft\"><a href=\"\/wp-content\/uploads\/sites\/31\/2015\/01\/Vantaa-slogansarja-pysty-julkaisutilaisuus-01-e1422017063618.jpg\"><img loading=\"lazy\" decoding=\"async\" aria-describedby=\"caption-attachment-3116\" src=\"\/wp-content\/uploads\/sites\/31\/2015\/01\/Vantaa-slogansarja-pysty-julkaisutilaisuus-01-e1422017063618.jpg\" alt=\"Vantaan uutta br\u00e4ndi-ilmett\u00e4.\" width=\"500\" height=\"707\" class=\"size-full wp-image-3116\" \/><\/a><p id=\"caption-attachment-3116\" class=\"wp-caption-text\">Vantaan uutta br\u00e4ndi-ilmett\u00e4.<\/p><\/div><div id=\"attachment_3117\" style=\"width: 510px\" class=\"wp-caption alignright\"><a href=\"\/wp-content\/uploads\/sites\/31\/2015\/01\/Vantaa-slogansarja-pysty-julkaisutilaisuus-03-e1422017175279.jpg\"><img loading=\"lazy\" decoding=\"async\" aria-describedby=\"caption-attachment-3117\" src=\"\/wp-content\/uploads\/sites\/31\/2015\/01\/Vantaa-slogansarja-pysty-julkaisutilaisuus-03-e1422017175279.jpg\" alt=\"Vantaan uutta ilmett\u00e4.\" width=\"500\" height=\"707\" class=\"size-full wp-image-3117\" \/><\/a><p id=\"caption-attachment-3117\" class=\"wp-caption-text\">Vantaan uutta ilmett\u00e4.<\/p><\/div>\n<div id=\"attachment_3122\" style=\"width: 810px\" class=\"wp-caption alignright\"><a href=\"\/wp-content\/uploads\/sites\/31\/2015\/01\/Vantaan-uusi-ilme-23.1.2015-e1422019231834.jpg\"><img loading=\"lazy\" decoding=\"async\" aria-describedby=\"caption-attachment-3122\" src=\"\/wp-content\/uploads\/sites\/31\/2015\/01\/Vantaan-uusi-ilme-23.1.2015-e1422019231834.jpg\" alt=\"Kohta katukuvassa huristelevat uusilla Vantaa tunnuksilla varustetut kaupungin 300 autoa.\" width=\"800\" height=\"600\" class=\"size-full wp-image-3122\" \/><\/a><p id=\"caption-attachment-3122\" class=\"wp-caption-text\">Kohta katukuvassa huristelevat uusilla Vantaa tunnuksilla varustetut kaupungin 300 autoa.<\/p><\/div>\n","protected":false},"excerpt":{"rendered":"<p>Vantaan br\u00e4ndi uudistetaan.<\/p>\n<p class=\"more-link-p\"><a class=\"more-link\" href=\"https:\/\/www.asukkaidenvantaa.fi\/?p=3108\">Lue lis\u00e4\u00e4 \u2192<\/a><\/p>\n","protected":false},"author":5003,"featured_media":0,"comment_status":"open","ping_status":"open","sticky":false,"template":"","format":"standard","meta":{"footnotes":""},"categories":[355],"tags":[],"class_list":["post-3108","post","type-post","status-publish","format-standard","hentry","category-ajankohtaisia"],"_links":{"self":[{"href":"https:\/\/www.asukkaidenvantaa.fi\/index.php?rest_route=\/wp\/v2\/posts\/3108","targetHints":{"allow":["GET"]}}],"collection":[{"href":"https:\/\/www.asukkaidenvantaa.fi\/index.php?rest_route=\/wp\/v2\/posts"}],"about":[{"href":"https:\/\/www.asukkaidenvantaa.fi\/index.php?rest_route=\/wp\/v2\/types\/post"}],"author":[{"embeddable":true,"href":"https:\/\/www.asukkaidenvantaa.fi\/index.php?rest_route=\/wp\/v2\/users\/5003"}],"replies":[{"embeddable":true,"href":"https:\/\/www.asukkaidenvantaa.fi\/index.php?rest_route=%2Fwp%2Fv2%2Fcomments&post=3108"}],"version-history":[{"count":8,"href":"https:\/\/www.asukkaidenvantaa.fi\/index.php?rest_route=\/wp\/v2\/posts\/3108\/revisions"}],"predecessor-version":[{"id":3123,"href":"https:\/\/www.asukkaidenvantaa.fi\/index.php?rest_route=\/wp\/v2\/posts\/3108\/revisions\/3123"}],"wp:attachment":[{"href":"https:\/\/www.asukkaidenvantaa.fi\/index.php?rest_route=%2Fwp%2Fv2%2Fmedia&parent=3108"}],"wp:term":[{"taxonomy":"category","embeddable":true,"href":"https:\/\/www.asukkaidenvantaa.fi\/index.php?rest_route=%2Fwp%2Fv2%2Fcategories&post=3108"},{"taxonomy":"post_tag","embeddable":true,"href":"https:\/\/www.asukkaidenvantaa.fi\/index.php?rest_route=%2Fwp%2Fv2%2Ftags&post=3108"}],"curies":[{"name":"wp","href":"https:\/\/api.w.org\/{rel}","templated":true}]}}