{"id":3099,"date":"2015-01-20T12:19:31","date_gmt":"2015-01-20T12:19:31","guid":{"rendered":"http:\/\/www.asukkaidenvantaa.fi\/?p=3099"},"modified":"2015-01-20T12:19:31","modified_gmt":"2015-01-20T12:19:31","slug":"terveyskeskusmaksuun-roima-korotus","status":"publish","type":"post","link":"https:\/\/www.asukkaidenvantaa.fi\/?p=3099","title":{"rendered":"Terveyskeskusmaksuun roima korotus"},"content":{"rendered":"<p><strong>Vantaan Sosiaali- ja terveyslautakunta korotti terveyskeskusmaksua 9,5 %. Maksu nousee helmikuun alussa 16,10 euroon, nykyinen maksu on 14,70.<\/strong><\/p>\n<p>Korotus rokottaa erityisesti vanhuksia jotka k\u00e4ytt\u00e4v\u00e4t terveyskeskuspalveluja eniten.<br \/>\nEl\u00e4kkeit\u00e4 korotettiin vuonna 2015 0,4 %, siihen verraten maksukorotus on suorastaan p\u00f6yristytt\u00e4v\u00e4.<\/p>\n<p>Lautakunta oli l\u00e4hes yksimielinen korotuksesta. Ainoastaan Antero Eerola (vas) oli korotuksia vastaan. Eerola ei kuitenkaan saanut kannatusta ja niinp\u00e4 asiasta ei edes \u00e4\u00e4nestetty.<br \/>\nEerola j\u00e4tti p\u00f6yt\u00e4kirjaan seuraava sis\u00e4lt\u00f6isen eri\u00e4v\u00e4n mielipiteen:<br \/>\n&#8221;Nykyisess\u00e4 taloudellisessa tilanteessa sosiaali- ja terveydenhuollon asiakasmaksujen korotukset eiv\u00e4t ole perusteltuja. My\u00f6s Vantaalla ty\u00f6tt\u00f6myys, k\u00f6yhyys ja toimeentulovaikeudet ovat lis\u00e4\u00e4ntyneet merkitt\u00e4v\u00e4sti.<br \/>\nKorotukset koskevat eniten pienituloisiin ja paljon palveluita k\u00e4ytt\u00e4viin kaupunkilaisiin. N\u00e4in maksajiksi joutuvat paljon sairastavat, kotipalveluita tarvitsevat lapsiperheet, p\u00e4ihdehuollon asiakkaat sek\u00e4 vanhukset ja vammaiset.&#8221;<\/p>\n<p>Itse\u00e4\u00e4n &#8221;ty\u00f6v\u00e4enpuolueeksi&#8221; kutsuvan Perussuomalaisten &#8221;k\u00f6yh\u00e4n kansan&#8221; puolustajat hyv\u00e4ksyiv\u00e4t maksukorotukset.<br \/>\nVantaan apulaiskaupunginjohtajaksi ajetaan parhaillaan kiivaasti Perussuomalaisten valtuuttu Jaakko Niinist\u00f6\u00e4. Alkoiko apulaiskaupunginjohtajan paikan maksu jo ennen valintaa?<\/p>\n<p>Terveyskeskusmaksun lis\u00e4ksi nousevat my\u00f6s y\u00f6- ja viikonloppup\u00e4ivystyksen maksut sek\u00e4 maksut l\u00e4\u00e4k\u00e4rintodistuksista, esimerkiksi ajokorttia varten.<br \/>\n<div id=\"attachment_3098\" style=\"width: 810px\" class=\"wp-caption aligncenter\"><a href=\"\/wp-content\/uploads\/sites\/31\/2015\/01\/TerveysSEMA-e1421755218434.jpg\"><img loading=\"lazy\" decoding=\"async\" aria-describedby=\"caption-attachment-3098\" src=\"\/wp-content\/uploads\/sites\/31\/2015\/01\/TerveysSEMA-e1421755218434.jpg\" alt=\"Terveyskeskusmaksut nousevat 9,5 % helmikuun alusta.\" width=\"800\" height=\"600\" class=\"size-full wp-image-3098\" \/><\/a><p id=\"caption-attachment-3098\" class=\"wp-caption-text\">Terveyskeskusmaksut nousevat 9,5 % helmikuun alusta.<\/p><\/div>\n","protected":false},"excerpt":{"rendered":"<p>Vantaan Sosiaali- ja terveyslautakunta korotti terveyskeskusmaksua 9,5 %. Maksu nousee helmikuun alussa 16,10 euroon, nykyinen maksu on 14,70. Korotus rokottaa erityisesti vanhuksia jotka k\u00e4ytt\u00e4v\u00e4t terveyskeskuspalveluja eniten. El\u00e4kkeit\u00e4 korotettiin vuonna 2015 0,4 %, siihen verraten maksukorotus on suorastaan p\u00f6yristytt\u00e4v\u00e4. Lautakunta oli l\u00e4hes yksimielinen korotuksesta. Ainoastaan Antero Eerola (vas) oli korotuksia vastaan. Eerola ei kuitenkaan saanut kannatusta&hellip;<\/p>\n<p class=\"more-link-p\"><a class=\"more-link\" href=\"https:\/\/www.asukkaidenvantaa.fi\/?p=3099\">Lue lis\u00e4\u00e4 \u2192<\/a><\/p>\n","protected":false},"author":5003,"featured_media":0,"comment_status":"open","ping_status":"open","sticky":false,"template":"","format":"standard","meta":{"footnotes":""},"categories":[355],"tags":[401,400],"class_list":["post-3099","post","type-post","status-publish","format-standard","hentry","category-ajankohtaisia","tag-korotus","tag-terveyskeskusmaksu"],"_links":{"self":[{"href":"https:\/\/www.asukkaidenvantaa.fi\/index.php?rest_route=\/wp\/v2\/posts\/3099","targetHints":{"allow":["GET"]}}],"collection":[{"href":"https:\/\/www.asukkaidenvantaa.fi\/index.php?rest_route=\/wp\/v2\/posts"}],"about":[{"href":"https:\/\/www.asukkaidenvantaa.fi\/index.php?rest_route=\/wp\/v2\/types\/post"}],"author":[{"embeddable":true,"href":"https:\/\/www.asukkaidenvantaa.fi\/index.php?rest_route=\/wp\/v2\/users\/5003"}],"replies":[{"embeddable":true,"href":"https:\/\/www.asukkaidenvantaa.fi\/index.php?rest_route=%2Fwp%2Fv2%2Fcomments&post=3099"}],"version-history":[{"count":2,"href":"https:\/\/www.asukkaidenvantaa.fi\/index.php?rest_route=\/wp\/v2\/posts\/3099\/revisions"}],"predecessor-version":[{"id":3101,"href":"https:\/\/www.asukkaidenvantaa.fi\/index.php?rest_route=\/wp\/v2\/posts\/3099\/revisions\/3101"}],"wp:attachment":[{"href":"https:\/\/www.asukkaidenvantaa.fi\/index.php?rest_route=%2Fwp%2Fv2%2Fmedia&parent=3099"}],"wp:term":[{"taxonomy":"category","embeddable":true,"href":"https:\/\/www.asukkaidenvantaa.fi\/index.php?rest_route=%2Fwp%2Fv2%2Fcategories&post=3099"},{"taxonomy":"post_tag","embeddable":true,"href":"https:\/\/www.asukkaidenvantaa.fi\/index.php?rest_route=%2Fwp%2Fv2%2Ftags&post=3099"}],"curies":[{"name":"wp","href":"https:\/\/api.w.org\/{rel}","templated":true}]}}