{"id":3090,"date":"2015-01-17T10:31:55","date_gmt":"2015-01-17T10:31:55","guid":{"rendered":"http:\/\/www.asukkaidenvantaa.fi\/?p=3090"},"modified":"2015-01-17T10:31:55","modified_gmt":"2015-01-17T10:31:55","slug":"dixin-avajaiset-kiinnostivat","status":"publish","type":"post","link":"https:\/\/www.asukkaidenvantaa.fi\/?p=3090","title":{"rendered":"Dixin avajaiset kiinnostivat"},"content":{"rendered":"<p><strong>Tikkurilan uusi asemakeskus Dixi avattiin kokonaisuudessaan viime torstaina 15.1.<\/strong><br \/>\nAvajaiset saivat v\u00e4ke\u00e4 liikkeelle, eik\u00e4 ihme, onhan asemakeskuksen rakentamista seurattu jo pari vuotta ja valmistumista odotettu.<br \/>\nNyt avattiin asemakeskuksen liiketilat. Asemasillan tasolle, kolmanteen kerrokseen, avattiin pieni kauppakeskus. P\u00e4ivitt\u00e4itavarakauppa, ravintoloita, kahviloita, kukkakauppa, kello- ja kultaliike, kioski, el\u00e4intarvikeliike, kampaamoita ym.<br \/>\n<div id=\"attachment_3095\" style=\"width: 810px\" class=\"wp-caption aligncenter\"><a href=\"\/wp-content\/uploads\/sites\/31\/2015\/01\/Dixi-avajaiset-2-15.1.2015-e1421489712744.jpg\"><img loading=\"lazy\" decoding=\"async\" aria-describedby=\"caption-attachment-3095\" src=\"\/wp-content\/uploads\/sites\/31\/2015\/01\/Dixi-avajaiset-2-15.1.2015-e1421489712744.jpg\" alt=\"Dixin kauppakeksen avajaiset kiinnostivat. Kuva asemasillalta kauppakeskuksen sis\u00e4\u00e4nk\u00e4yntiin.\" width=\"800\" height=\"600\" class=\"size-full wp-image-3095\" \/><\/a><p id=\"caption-attachment-3095\" class=\"wp-caption-text\">Dixin kauppakeksen avajaiset kiinnostivat. Kuva asemasillalta kauppakeskuksen sis\u00e4\u00e4nk\u00e4yntiin.<\/p><\/div>\nMy\u00f6skin asemasillalta l\u00f6ytyy liiketiloja ravintola, kahvila, kioski. My\u00f6skin WC tilat l\u00f6ytyv\u00e4t asemasillalta.<\/p>\n<div id=\"attachment_3091\" style=\"width: 810px\" class=\"wp-caption aligncenter\"><a href=\"\/wp-content\/uploads\/sites\/31\/2015\/01\/Dixi-avajaiset-15.1.15-e1421490172669.jpg\"><img loading=\"lazy\" decoding=\"async\" aria-describedby=\"caption-attachment-3091\" src=\"\/wp-content\/uploads\/sites\/31\/2015\/01\/Dixi-avajaiset-15.1.15-e1421490172669.jpg\" alt=\"Asemasillallan ja laitureiden v\u00e4lill\u00e4 rullaportaat kuljettavat matkustajia.\" width=\"800\" height=\"600\" class=\"size-full wp-image-3091\" \/><\/a><p id=\"caption-attachment-3091\" class=\"wp-caption-text\">Asemasillallan ja laitureiden v\u00e4lill\u00e4 rullaportaat kuljettavat matkustajia.<\/p><\/div>\n<p>Asemakeskuksen toiseen kerrokseen on sijoitettu Vantaa info, kuntalaisten palvelupiste.<br \/>\nVantaa infossa tulee olemaan n\u00e4yttelyit\u00e4, ensimm\u00e4inen Keh\u00e4radasta. Tietokoneita on k\u00e4ytett\u00e4viss\u00e4 tilassa ja opastustakin luvataan. Kaavoituksesta on tarkasteltavissa karttoja isolta n\u00e4yt\u00f6lt\u00e4. Vantaa-infossa on my\u00f6s asiakaspalvelupiste.<br \/>\n<div id=\"attachment_3093\" style=\"width: 810px\" class=\"wp-caption aligncenter\"><a href=\"\/wp-content\/uploads\/sites\/31\/2015\/01\/Dixi-Vantaa-info-avajaiset-2-15.1.15-e1421490443478.jpg\"><img loading=\"lazy\" decoding=\"async\" aria-describedby=\"caption-attachment-3093\" src=\"\/wp-content\/uploads\/sites\/31\/2015\/01\/Dixi-Vantaa-info-avajaiset-2-15.1.15-e1421490443478.jpg\" alt=\"Vantaa info oli tupaten t\u00e4ynn\u00e4 v\u00e4ke\u00e4 avajaisp\u00e4iv\u00e4n\u00e4.\" width=\"800\" height=\"600\" class=\"size-full wp-image-3093\" \/><\/a><p id=\"caption-attachment-3093\" class=\"wp-caption-text\">Vantaa info oli tupaten t\u00e4ynn\u00e4 v\u00e4ke\u00e4 avajaisp\u00e4iv\u00e4n\u00e4.<\/p><\/div>\n","protected":false},"excerpt":{"rendered":"<p>Tikkurilan uusi asemakeskus Dixi avattiin kokonaisuudessaan viime torstaina 15.1. Avajaiset saivat v\u00e4ke\u00e4 liikkeelle, eik\u00e4 ihme, onhan asemakeskuksen rakentamista seurattu jo pari vuotta ja valmistumista odotettu. Nyt avattiin asemakeskuksen liiketilat. Asemasillan tasolle, kolmanteen kerrokseen, avattiin pieni kauppakeskus. P\u00e4ivitt\u00e4itavarakauppa, ravintoloita, kahviloita, kukkakauppa, kello- ja kultaliike, kioski, el\u00e4intarvikeliike, kampaamoita ym. My\u00f6skin asemasillalta l\u00f6ytyy liiketiloja ravintola, kahvila, kioski. My\u00f6skin&hellip;<\/p>\n<p class=\"more-link-p\"><a class=\"more-link\" href=\"https:\/\/www.asukkaidenvantaa.fi\/?p=3090\">Lue lis\u00e4\u00e4 \u2192<\/a><\/p>\n","protected":false},"author":5003,"featured_media":0,"comment_status":"open","ping_status":"open","sticky":false,"template":"","format":"standard","meta":{"footnotes":""},"categories":[355],"tags":[398,394,391,397,399],"class_list":["post-3090","post","type-post","status-publish","format-standard","hentry","category-ajankohtaisia","tag-asemakeskus","tag-asemasilta","tag-dixi","tag-kauppakeskus","tag-vantaa-info"],"_links":{"self":[{"href":"https:\/\/www.asukkaidenvantaa.fi\/index.php?rest_route=\/wp\/v2\/posts\/3090","targetHints":{"allow":["GET"]}}],"collection":[{"href":"https:\/\/www.asukkaidenvantaa.fi\/index.php?rest_route=\/wp\/v2\/posts"}],"about":[{"href":"https:\/\/www.asukkaidenvantaa.fi\/index.php?rest_route=\/wp\/v2\/types\/post"}],"author":[{"embeddable":true,"href":"https:\/\/www.asukkaidenvantaa.fi\/index.php?rest_route=\/wp\/v2\/users\/5003"}],"replies":[{"embeddable":true,"href":"https:\/\/www.asukkaidenvantaa.fi\/index.php?rest_route=%2Fwp%2Fv2%2Fcomments&post=3090"}],"version-history":[{"count":1,"href":"https:\/\/www.asukkaidenvantaa.fi\/index.php?rest_route=\/wp\/v2\/posts\/3090\/revisions"}],"predecessor-version":[{"id":3096,"href":"https:\/\/www.asukkaidenvantaa.fi\/index.php?rest_route=\/wp\/v2\/posts\/3090\/revisions\/3096"}],"wp:attachment":[{"href":"https:\/\/www.asukkaidenvantaa.fi\/index.php?rest_route=%2Fwp%2Fv2%2Fmedia&parent=3090"}],"wp:term":[{"taxonomy":"category","embeddable":true,"href":"https:\/\/www.asukkaidenvantaa.fi\/index.php?rest_route=%2Fwp%2Fv2%2Fcategories&post=3090"},{"taxonomy":"post_tag","embeddable":true,"href":"https:\/\/www.asukkaidenvantaa.fi\/index.php?rest_route=%2Fwp%2Fv2%2Ftags&post=3090"}],"curies":[{"name":"wp","href":"https:\/\/api.w.org\/{rel}","templated":true}]}}