{"id":3068,"date":"2015-01-07T10:08:08","date_gmt":"2015-01-07T10:08:08","guid":{"rendered":"http:\/\/www.asukkaidenvantaa.fi\/?p=3068"},"modified":"2015-01-07T10:09:16","modified_gmt":"2015-01-07T10:09:16","slug":"tikkurilan-uusi-asemakeskus-dixi-osittain-kayttoon","status":"publish","type":"post","link":"https:\/\/www.asukkaidenvantaa.fi\/?p=3068","title":{"rendered":"Tikkurilan uusi asemakeskus Dixi osittain k\u00e4ytt\u00f6\u00f6n"},"content":{"rendered":"<p><strong>Tikkurilan uusi asemakeskus Dixi valmistuu<\/strong><\/p>\n<p>Uusi asemakeskus Dixi Tikkurilassa on otettu osittain k\u00e4ytt\u00f6\u00f6n. Massiiviseen rakennukseen sijoittuu: Varsinaista matkustajaliikennett\u00e4 palvelevat tilat, lipunmyynti, uusi asemasilta jolta rullaporrasyhteydet laitureille, uusi linja-autoterminaali joka sijoittuu rakennuksen pohjakerrokseen. Rakennuksessa on my\u00f6s toimistotiloja, jotka on jo osittain otettu k\u00e4ytt\u00f6\u00f6n. Asemasillan yhteyteen tulee my\u00f6s kauppakeskittym\u00e4 joka avataan yleis\u00f6lle 15.1. Iso osa rakennusta on kolmikerroksinen pys\u00e4k\u00f6intihalli.<br \/>\nAlla joitakin kuvia uudesta asemakeskus Dixist\u00e4.<\/p>\n<p><strong>Rakentaminen jatkuu<\/strong><br \/>\nAsemakeskuksen toiseen vaiheen rakentaminen alkaa v\u00e4litt\u00f6m\u00e4sti. Vanha lipunmyyntirakennus puretaan ja uusi vaihe tulee ulottumaan osittain entisen linja-autoaseman alueelle.<br \/>\nTulevaisuudessa on viel\u00e4 odotettavissa kolmas vaihe jatkoksi kakkosvaiheelle. Rakennusty\u00f6t asema-alueella jatkuvat viel\u00e4 pitk\u00e4\u00e4n.<br \/>\n<div id=\"attachment_3073\" style=\"width: 1007px\" class=\"wp-caption aligncenter\"><a href=\"\/wp-content\/uploads\/sites\/31\/2015\/01\/Dixi-l\u00e4nnest\u00e4-kuvattuna-e1420623047164.jpg\"><img loading=\"lazy\" decoding=\"async\" aria-describedby=\"caption-attachment-3073\" src=\"\/wp-content\/uploads\/sites\/31\/2015\/01\/Dixi-l\u00e4nnest\u00e4-kuvattuna-e1420623047164.jpg\" alt=\"Tikkurilan uusi asemakeskus Dixi l\u00e4nnest\u00e4 kuvattuna. Kuvassa vasemmalla valmistumassa oleva asiunrakennus.Uuden asemakeskuksen v\u00e4litt\u00f6m\u00e4\u00e4n l\u00e4heisyyteen on rakennettu useita asuintaloja samanaikaisesti Dixin kanssa.\" width=\"997\" height=\"570\" class=\"size-full wp-image-3073\" \/><\/a><p id=\"caption-attachment-3073\" class=\"wp-caption-text\">Tikkurilan uusi asemakeskus Dixi l\u00e4nnest\u00e4 kuvattuna. Kuvassa vasemmalla valmistumassa oleva asiunrakennus.Uuden asemakeskuksen v\u00e4litt\u00f6m\u00e4\u00e4n l\u00e4heisyyteen on rakennettu useita asuintaloja samanaikaisesti Dixin kanssa.<\/p><\/div>\n<div id=\"attachment_3071\" style=\"width: 910px\" class=\"wp-caption aligncenter\"><a href=\"\/wp-content\/uploads\/sites\/31\/2015\/01\/Uusi-linja-autoterminaali-e1420623150665.jpg\"><img loading=\"lazy\" decoding=\"async\" aria-describedby=\"caption-attachment-3071\" src=\"\/wp-content\/uploads\/sites\/31\/2015\/01\/Uusi-linja-autoterminaali-e1420623150665.jpg\" alt=\"Asemakeskus Dixin pohjakerroksessa sijaitsee uusi linja-autoterminaali.\" width=\"900\" height=\"675\" class=\"size-full wp-image-3071\" \/><\/a><p id=\"caption-attachment-3071\" class=\"wp-caption-text\">Asemakeskus Dixin pohjakerroksessa sijaitsee uusi linja-autoterminaali.<\/p><\/div>\n<div id=\"attachment_3076\" style=\"width: 910px\" class=\"wp-caption aligncenter\"><a href=\"\/wp-content\/uploads\/sites\/31\/2015\/01\/Dixin-lipunmyynti-e1420623319876.jpg\"><img loading=\"lazy\" decoding=\"async\" aria-describedby=\"caption-attachment-3076\" src=\"\/wp-content\/uploads\/sites\/31\/2015\/01\/Dixin-lipunmyynti-e1420623319876.jpg\" alt=\"Uuden asemakeskus Dixin asiakaspalvelutilat, lipunmyynti.\" width=\"900\" height=\"675\" class=\"size-full wp-image-3076\" \/><\/a><p id=\"caption-attachment-3076\" class=\"wp-caption-text\">Uuden asemakeskus Dixin asiakaspalvelutilat, lipunmyynti.<\/p><\/div>\n<div id=\"attachment_3070\" style=\"width: 910px\" class=\"wp-caption aligncenter\"><a href=\"\/wp-content\/uploads\/sites\/31\/2015\/01\/Uusi-asemasilta-e1420623427178.jpg\"><img loading=\"lazy\" decoding=\"async\" aria-describedby=\"caption-attachment-3070\" src=\"\/wp-content\/uploads\/sites\/31\/2015\/01\/Uusi-asemasilta-e1420623427178.jpg\" alt=\"Tikkurilan uuteen asemakeskukseen liitty my\u00f6s uusi asemasilta. Asemasillalta on rullaporrasyhteydet raiteille. Asemasillalle tulee my\u00f6s kahvilapalveluja, jotka avautuvat 15.1.\" width=\"900\" height=\"675\" class=\"size-full wp-image-3070\" \/><\/a><p id=\"caption-attachment-3070\" class=\"wp-caption-text\">Tikkurilan uuteen asemakeskukseen liitty my\u00f6s uusi asemasilta. Asemasillalta on rullaporrasyhteydet raiteille. Asemasillalle tulee my\u00f6s kahvilapalveluja, jotka avautuvat 15.1.<\/p><\/div>\n<div id=\"attachment_3074\" style=\"width: 910px\" class=\"wp-caption aligncenter\"><a href=\"\/wp-content\/uploads\/sites\/31\/2015\/01\/Uusi-asemasilta-sis\u00e4n\u00e4kym\u00e4-2-e1420623570491.jpg\"><img loading=\"lazy\" decoding=\"async\" aria-describedby=\"caption-attachment-3074\" src=\"\/wp-content\/uploads\/sites\/31\/2015\/01\/Uusi-asemasilta-sis\u00e4n\u00e4kym\u00e4-2-e1420623570491.jpg\" alt=\"Sis\u00e4n\u00e4kym\u00e4 uudelta asemasillalta.\" width=\"900\" height=\"675\" class=\"size-full wp-image-3074\" \/><\/a><p id=\"caption-attachment-3074\" class=\"wp-caption-text\">Sis\u00e4n\u00e4kym\u00e4 uudelta asemasillalta.<\/p><\/div>\n<div id=\"attachment_3075\" style=\"width: 910px\" class=\"wp-caption aligncenter\"><a href=\"\/wp-content\/uploads\/sites\/31\/2015\/01\/Asemasilta-lippuautumaatit-e1420623626635.jpg\"><img loading=\"lazy\" decoding=\"async\" aria-describedby=\"caption-attachment-3075\" src=\"\/wp-content\/uploads\/sites\/31\/2015\/01\/Asemasilta-lippuautumaatit-e1420623626635.jpg\" alt=\"Asemasillan lippuautomaatit. Lippuautoomaatti l\u00f6ytyy my\u00f6s katutasolta asemakeskuksen sis\u00e4\u00e4nk\u00e4ynnin vierest\u00e4.\" width=\"900\" height=\"675\" class=\"size-full wp-image-3075\" \/><\/a><p id=\"caption-attachment-3075\" class=\"wp-caption-text\">Asemasillan lippuautomaatit. Lippuautoomaatti l\u00f6ytyy my\u00f6s katutasolta asemakeskuksen sis\u00e4\u00e4nk\u00e4ynnin vierest\u00e4.<\/p><\/div>\n<div id=\"attachment_3069\" style=\"width: 910px\" class=\"wp-caption aligncenter\"><a href=\"\/wp-content\/uploads\/sites\/31\/2015\/01\/Uusi-asemasilta-sis\u00e4n\u00e4kym\u00e41-e1420623826635.jpg\"><img loading=\"lazy\" decoding=\"async\" aria-describedby=\"caption-attachment-3069\" src=\"\/wp-content\/uploads\/sites\/31\/2015\/01\/Uusi-asemasilta-sis\u00e4n\u00e4kym\u00e41-e1420623826635.jpg\" alt=\"Asemasilta sis\u00e4n\u00e4kym\u00e4\u00e4 opsteineen.\" width=\"900\" height=\"675\" class=\"size-full wp-image-3069\" \/><\/a><p id=\"caption-attachment-3069\" class=\"wp-caption-text\">Asemasilta sis\u00e4n\u00e4kym\u00e4\u00e4 opsteineen.<\/p><\/div>\n","protected":false},"excerpt":{"rendered":"<p>Tikkurilan uusi asemakeskus Dixi valmistuu Uusi asemakeskus Dixi Tikkurilassa on otettu osittain k\u00e4ytt\u00f6\u00f6n. Massiiviseen rakennukseen sijoittuu: Varsinaista matkustajaliikennett\u00e4 palvelevat tilat, lipunmyynti, uusi asemasilta jolta rullaporrasyhteydet laitureille, uusi linja-autoterminaali joka sijoittuu rakennuksen pohjakerrokseen. Rakennuksessa on my\u00f6s toimistotiloja, jotka on jo osittain otettu k\u00e4ytt\u00f6\u00f6n. Asemasillan yhteyteen tulee my\u00f6s kauppakeskittym\u00e4 joka avataan yleis\u00f6lle 15.1. Iso osa rakennusta on&hellip;<\/p>\n<p class=\"more-link-p\"><a class=\"more-link\" href=\"https:\/\/www.asukkaidenvantaa.fi\/?p=3068\">Lue lis\u00e4\u00e4 \u2192<\/a><\/p>\n","protected":false},"author":5003,"featured_media":0,"comment_status":"open","ping_status":"open","sticky":false,"template":"","format":"standard","meta":{"footnotes":""},"categories":[355],"tags":[394,392,391,393],"class_list":["post-3068","post","type-post","status-publish","format-standard","hentry","category-ajankohtaisia","tag-asemasilta","tag-asemaskus","tag-dixi","tag-pysakointihalli"],"_links":{"self":[{"href":"https:\/\/www.asukkaidenvantaa.fi\/index.php?rest_route=\/wp\/v2\/posts\/3068","targetHints":{"allow":["GET"]}}],"collection":[{"href":"https:\/\/www.asukkaidenvantaa.fi\/index.php?rest_route=\/wp\/v2\/posts"}],"about":[{"href":"https:\/\/www.asukkaidenvantaa.fi\/index.php?rest_route=\/wp\/v2\/types\/post"}],"author":[{"embeddable":true,"href":"https:\/\/www.asukkaidenvantaa.fi\/index.php?rest_route=\/wp\/v2\/users\/5003"}],"replies":[{"embeddable":true,"href":"https:\/\/www.asukkaidenvantaa.fi\/index.php?rest_route=%2Fwp%2Fv2%2Fcomments&post=3068"}],"version-history":[{"count":8,"href":"https:\/\/www.asukkaidenvantaa.fi\/index.php?rest_route=\/wp\/v2\/posts\/3068\/revisions"}],"predecessor-version":[{"id":3084,"href":"https:\/\/www.asukkaidenvantaa.fi\/index.php?rest_route=\/wp\/v2\/posts\/3068\/revisions\/3084"}],"wp:attachment":[{"href":"https:\/\/www.asukkaidenvantaa.fi\/index.php?rest_route=%2Fwp%2Fv2%2Fmedia&parent=3068"}],"wp:term":[{"taxonomy":"category","embeddable":true,"href":"https:\/\/www.asukkaidenvantaa.fi\/index.php?rest_route=%2Fwp%2Fv2%2Fcategories&post=3068"},{"taxonomy":"post_tag","embeddable":true,"href":"https:\/\/www.asukkaidenvantaa.fi\/index.php?rest_route=%2Fwp%2Fv2%2Ftags&post=3068"}],"curies":[{"name":"wp","href":"https:\/\/api.w.org\/{rel}","templated":true}]}}