{"id":3064,"date":"2014-12-17T18:10:33","date_gmt":"2014-12-17T18:10:33","guid":{"rendered":"http:\/\/www.asukkaidenvantaa.fi\/?p=3064"},"modified":"2014-12-17T18:12:00","modified_gmt":"2014-12-17T18:12:00","slug":"vantaan-velasta-ja-velan-korosta","status":"publish","type":"post","link":"https:\/\/www.asukkaidenvantaa.fi\/?p=3064","title":{"rendered":"Vantaan velasta &#8211; ja velan korosta"},"content":{"rendered":"<p><strong>Vantaan kaupungin velan aiheuttama vuotuinen korkomeno on yksi kaupungin omista p\u00e4\u00e4t\u00f6ksist\u00e4 ja tekemisist\u00e4 riippumaton talouden muuttuja. Se on my\u00f6s jokavuotinen \u201duhkatekij\u00e4\u201d, mill\u00e4 kaupungin talouden virkamiesjohto pelottelee p\u00e4\u00e4tt\u00e4j\u00e4t eli valtuuston pysym\u00e4\u00e4n kaupungin talouden kuristusohjelmassa eli Talouden tasapainottamis- ja velkaohjelmassa (TVO).<\/strong><\/p>\n<p>Yleisest\u00e4 alhaisesta korkotasosta johtuen suurikaan velka &#8211; Vantaalla 1\u00a0000 miljoonaa euroa &#8211; ei aiheuta korkomenoa enemp\u00e4\u00e4 kuin noin 10 miljoonaa euroa t\u00e4n\u00e4 vuonna. Se on noin puolet kuluvan vuoden talousarvioon kirjatusta.<\/p>\n<p>T\u00e4ss\u00e4 yhteydess\u00e4 voi vain ihmetell\u00e4 niit\u00e4 uhkakuvien maalailijoita, jotka ovat ottaneet asiakseen selitt\u00e4\u00e4 tuon kokomenon olevan jonkinlainen m\u00f6rk\u00f6 ja viev\u00e4n Vantaan suoraan valtion ohjaukseen ja holhoukseen. Vai mit\u00e4 pit\u00e4isi nyt ajatella esimerkiksi Vantaan Sanomien p\u00e4\u00e4toimittajan viime vuoden (2013) kes\u00e4kuussa lehtens\u00e4 p\u00e4\u00e4kirjoituksessa esittelem\u00e4st\u00e4 \u201dlaskelmasta\u201d, jonka mukaan kaupungin rahoituskulun (korkomenot) pit\u00e4isi nyt alkaa olemaan 100 (sata) miljoonan tasolla.<\/p>\n<p>Vihre\u00e4n valtuustoryhm\u00e4n johtaja ilmoitti\u00a0\u201duutisen\u201d t\u00e4n\u00e4 syksyn\u00e4 valtuuston ensi vuoden (2015) budjettikeskustelussa: kaupungin korkomenot tulevat ensi tai viimeist\u00e4\u00e4n seuraavana vuonna (2016) nousemaan 55 miljoonaan euroon! Tuon tason korkomenot edellytt\u00e4isiv\u00e4t korkotason olevan viimeist\u00e4\u00e4n ensi vuonna noin 4,5 \u2013 7,5 prosenttia.<\/p>\n<p>Mist\u00e4 maailmasta t\u00e4llaiset laskelmat ja ennusteet tulevat? \u2013kysyin vastineessa VS:n p\u00e4\u00e4toimittajalta, mutta j\u00e4in vastausta vaille.<\/p>\n<p>Kaupungin talouden virkamiesjohto varoittaa virkansa puolesta suurehkoon velkaan liittyvist\u00e4 vaaroista, mutta mik\u00e4 mahtaa olla n\u00e4iden toisten tahojen missio, se perimm\u00e4inen sanoma, jota he ovat v\u00e4litt\u00e4vin\u00e4\u00e4n kaupunkilaisille n\u00e4ill\u00e4 harhaisilla \u201dtalousopeillaan\u201d?\u00a0\u00a0\u00a0\u00a0\u00a0\u00a0\u00a0\u00a0\u00a0\u00a0\u00a0\u00a0\u00a0\u00a0\u00a0\u00a0\u00a0\u00a0\u00a0\u00a0\u00a0\u00a0\u00a0\u00a0\u00a0\u00a0\u00a0\u00a0\u00a0\u00a0\u00a0\u00a0\u00a0\u00a0\u00a0\u00a0\u00a0\u00a0\u00a0\u00a0\u00a0\u00a0\u00a0\u00a0\u00a0\u00a0\u00a0\u00a0\u00a0\u00a0\u00a0\u00a0\u00a0\u00a0\u00a0\u00a0\u00a0\u00a0\u00a0\u00a0\u00a0\u00a0\u00a0\u00a0\u00a0\u00a0\u00a0\u00a0\u00a0\u00a0\u00a0\u00a0\u00a0\u00a0\u00a0\u00a0\u00a0\u00a0\u00a0\u00a0\u00a0\u00a0\u00a0\u00a0\u00a0\u00a0\u00a0\u00a0\u00a0\u00a0\u00a0\u00a0\u00a0\u00a0\u00a0\u00a0\u00a0\u00a0\u00a0\u00a0\u00a0\u00a0\u00a0\u00a0\u00a0\u00a0\u00a0\u00a0\u00a0\u00a0\u00a0\u00a0\u00a0\u00a0\u00a0\u00a0\u00a0\u00a0\u00a0\u00a0\u00a0\u00a0\u00a0\u00a0\u00a0\u00a0\u00a0\u00a0\u00a0\u00a0\u00a0\u00a0\u00a0\u00a0\u00a0\u00a0\u00a0\u00a0\u00a0\u00a0\u00a0\u00a0\u00a0\u00a0\u00a0\u00a0\u00a0\u00a0\u00a0\u00a0\u00a0\u00a0\u00a0\u00a0\u00a0\u00a0\u00a0\u00a0\u00a0\u00a0\u00a0\u00a0\u00a0\u00a0 Jos nimitt\u00e4in tuollaiset hatusta vedetyt ennusteet olisivat realistisia \u2013 tai edes oikean suuntaisia, olisi Vantaa tosiaan valtion ohjauksessa oleva kriisikunta. Mik\u00e4\u00e4n makrotalouden indikaattori ei osoita nyt eik\u00e4 aivan l\u00e4hitulevaisuudessa julkistalouden rahoituksen korkotason nousua nykyisest\u00e4 1-2 prosentista.<\/p>\n<p>Vantaan rahoitustuotot tulevat t\u00e4n\u00e4kin vuonna olemaan noin kaksi kertaa suuremmat, kun rahoituskulut. Eli Vantaa \u201dnettoaa\u201d rahastoistaan ja sijoituksistaan tuplaten sen, mit\u00e4 maksaa velastaan korkoja.<\/p>\n","protected":false},"excerpt":{"rendered":"<p>Vantaan kaupungin velan aiheuttama vuotuinen korkomeno on yksi kaupungin omista p\u00e4\u00e4t\u00f6ksist\u00e4 ja tekemisist\u00e4 riippumaton talouden muuttuja. Se on my\u00f6s jokavuotinen \u201duhkatekij\u00e4\u201d, mill\u00e4 kaupungin talouden virkamiesjohto pelottelee p\u00e4\u00e4tt\u00e4j\u00e4t eli valtuuston pysym\u00e4\u00e4n kaupungin talouden kuristusohjelmassa eli Talouden tasapainottamis- ja velkaohjelmassa (TVO). Yleisest\u00e4 alhaisesta korkotasosta johtuen suurikaan velka &#8211; Vantaalla 1\u00a0000 miljoonaa euroa &#8211; ei aiheuta korkomenoa enemp\u00e4\u00e4&hellip;<\/p>\n<p class=\"more-link-p\"><a class=\"more-link\" href=\"https:\/\/www.asukkaidenvantaa.fi\/?p=3064\">Lue lis\u00e4\u00e4 \u2192<\/a><\/p>\n","protected":false},"author":5006,"featured_media":0,"comment_status":"open","ping_status":"open","sticky":false,"template":"","format":"standard","meta":{"footnotes":""},"categories":[1],"tags":[390,247,387,306,388,389],"class_list":["post-3064","post","type-post","status-publish","format-standard","hentry","category-uncategorized","tag-korkomeno","tag-tvo","tag-vantaan-sanomat","tag-vantaan-talous","tag-vantaan-vihreat","tag-velka"],"_links":{"self":[{"href":"https:\/\/www.asukkaidenvantaa.fi\/index.php?rest_route=\/wp\/v2\/posts\/3064","targetHints":{"allow":["GET"]}}],"collection":[{"href":"https:\/\/www.asukkaidenvantaa.fi\/index.php?rest_route=\/wp\/v2\/posts"}],"about":[{"href":"https:\/\/www.asukkaidenvantaa.fi\/index.php?rest_route=\/wp\/v2\/types\/post"}],"author":[{"embeddable":true,"href":"https:\/\/www.asukkaidenvantaa.fi\/index.php?rest_route=\/wp\/v2\/users\/5006"}],"replies":[{"embeddable":true,"href":"https:\/\/www.asukkaidenvantaa.fi\/index.php?rest_route=%2Fwp%2Fv2%2Fcomments&post=3064"}],"version-history":[{"count":2,"href":"https:\/\/www.asukkaidenvantaa.fi\/index.php?rest_route=\/wp\/v2\/posts\/3064\/revisions"}],"predecessor-version":[{"id":3066,"href":"https:\/\/www.asukkaidenvantaa.fi\/index.php?rest_route=\/wp\/v2\/posts\/3064\/revisions\/3066"}],"wp:attachment":[{"href":"https:\/\/www.asukkaidenvantaa.fi\/index.php?rest_route=%2Fwp%2Fv2%2Fmedia&parent=3064"}],"wp:term":[{"taxonomy":"category","embeddable":true,"href":"https:\/\/www.asukkaidenvantaa.fi\/index.php?rest_route=%2Fwp%2Fv2%2Fcategories&post=3064"},{"taxonomy":"post_tag","embeddable":true,"href":"https:\/\/www.asukkaidenvantaa.fi\/index.php?rest_route=%2Fwp%2Fv2%2Ftags&post=3064"}],"curies":[{"name":"wp","href":"https:\/\/api.w.org\/{rel}","templated":true}]}}