{"id":3044,"date":"2014-12-06T21:22:38","date_gmt":"2014-12-06T21:22:38","guid":{"rendered":"http:\/\/www.asukkaidenvantaa.fi\/?p=3044"},"modified":"2014-12-07T16:52:18","modified_gmt":"2014-12-07T16:52:18","slug":"rita-dahlin-puhe-itsenaisyyspaivan-tilaisuudessa-helsingissa","status":"publish","type":"post","link":"https:\/\/www.asukkaidenvantaa.fi\/?p=3044","title":{"rendered":"Rita Dahlin puhe itsen\u00e4isyysp\u00e4iv\u00e4n tilaisuudessa Helsingiss\u00e4"},"content":{"rendered":"<dl id=\"attachment_3052\" class=\"wp-caption aligncenter\" style=\"width: 712px;\">\n<dt class=\"wp-caption-dt\"><a href=\"\/wp-content\/uploads\/sites\/31\/2014\/12\/10634111_840133302713399_4333223882343563208_o1.jpg\"><img loading=\"lazy\" decoding=\"async\" class=\" wp-image-3052\" src=\"\/wp-content\/uploads\/sites\/31\/2014\/12\/10634111_840133302713399_4333223882343563208_o1.jpg\" alt=\"Rta Dahl puhui itsen\u00e4isyysp\u00e4iv\u00e4n\u00e4 Kiasman aukiolla helsingiss\u00e4\" width=\"702\" height=\"468\" srcset=\"https:\/\/www.asukkaidenvantaa.fi\/wp-content\/uploads\/sites\/31\/2014\/12\/10634111_840133302713399_4333223882343563208_o1.jpg 2048w, https:\/\/www.asukkaidenvantaa.fi\/wp-content\/uploads\/sites\/31\/2014\/12\/10634111_840133302713399_4333223882343563208_o1-300x199.jpg 300w, https:\/\/www.asukkaidenvantaa.fi\/wp-content\/uploads\/sites\/31\/2014\/12\/10634111_840133302713399_4333223882343563208_o1-1024x682.jpg 1024w, https:\/\/www.asukkaidenvantaa.fi\/wp-content\/uploads\/sites\/31\/2014\/12\/10634111_840133302713399_4333223882343563208_o1-560x373.jpg 560w, https:\/\/www.asukkaidenvantaa.fi\/wp-content\/uploads\/sites\/31\/2014\/12\/10634111_840133302713399_4333223882343563208_o1-260x173.jpg 260w, https:\/\/www.asukkaidenvantaa.fi\/wp-content\/uploads\/sites\/31\/2014\/12\/10634111_840133302713399_4333223882343563208_o1-160x106.jpg 160w\" sizes=\"auto, (max-width: 702px) 100vw, 702px\" \/><\/a><\/dt>\n<dd class=\"wp-caption-dd\">Rta Dahl puhui itsen\u00e4isyysp\u00e4iv\u00e4n\u00e4 Kiasman aukiolla helsingiss\u00e4<\/dd>\n<\/dl>\n<p>&nbsp;<\/p>\n<p><strong>SKP:n listalla sitoutumattomana ehdokkaana ensi huhtikuun eduskuntavaaleissa oleva vantaalainen valtiotieteen ja filosofian maisteri Rita Dahl puhui itsen\u00e4isyysp\u00e4iv\u00e4n\u00e4 Helsingiss\u00e4 Kiasma-aukiolla.<\/strong><\/p>\n<p><strong>Rita Dahl<\/strong> kiinnitti puheenvuorossaan huomion siihen, ett\u00e4 tasa-arvoisen avioliittolain hyv\u00e4ksymist\u00e4 edelt\u00e4v\u00e4n\u00e4 p\u00e4iv\u00e4n\u00e4 eduskunta hyv\u00e4ksyi Kanadan ja EU:n v\u00e4lisen CETA-sopimuksen kaikessa hiljaisuudessa. Sopimuksen takana on kymmenkunta globaalia amerikkalaista ja kanadalaista suuryhti\u00f6t\u00e4 Monsantosta ja Fordista Microsoftiin ja McDonaldsiin ja neuvoteltavat aiheet ulottuvat tavara- ja palvelukaupasta teollisiin ja tekij\u00e4noikeuksiin. CETA-sopimusta seuraa EU:n ja USA:n vapaakauppasopimus TTIP, jota koskevat neuvottelut sujuvat kahdenv\u00e4lisesti EU-komission ja USA:n senaatin v\u00e4lill\u00e4 kansalaisyhteiskunnan j\u00e4\u00e4dess\u00e4 informaatiota vaille. Yli 240 kansalaisj\u00e4rjest\u00f6\u00e4 edustavan Stop TTIP:n itseorganisoitu kansalaisaloite on pian saamassa miljoona allekirjoitusta ja t\u00e5ll\u00f6in se tulee k\u00e4sittelyyn Euroopan tasolla. TTIP:n kauppapoliittinen merkitys on suuri: se koskee l\u00e4hes 60 prosenttia maailmankaupasta. Sek\u00e4 CETA ett\u00e4 TTIP loisivat kauppapolitiikkaan aivan ennen kuulumattoman laajan kaupanesteit\u00e4 poistavan &#8221;kultaisen standardin&#8221;.<\/p>\n","protected":false},"excerpt":{"rendered":"<p>Rta Dahl puhui itsen\u00e4isyysp\u00e4iv\u00e4n\u00e4 Kiasman aukiolla helsingiss\u00e4 &nbsp; SKP:n listalla sitoutumattomana ehdokkaana ensi huhtikuun eduskuntavaaleissa oleva vantaalainen valtiotieteen ja filosofian maisteri Rita Dahl puhui itsen\u00e4isyysp\u00e4iv\u00e4n\u00e4 Helsingiss\u00e4 Kiasma-aukiolla. Rita Dahl kiinnitti puheenvuorossaan huomion siihen, ett\u00e4 tasa-arvoisen avioliittolain hyv\u00e4ksymist\u00e4 edelt\u00e4v\u00e4n\u00e4 p\u00e4iv\u00e4n\u00e4 eduskunta hyv\u00e4ksyi Kanadan ja EU:n v\u00e4lisen CETA-sopimuksen kaikessa hiljaisuudessa. Sopimuksen takana on kymmenkunta globaalia amerikkalaista ja&hellip;<\/p>\n<p class=\"more-link-p\"><a class=\"more-link\" href=\"https:\/\/www.asukkaidenvantaa.fi\/?p=3044\">Lue lis\u00e4\u00e4 \u2192<\/a><\/p>\n","protected":false},"author":5006,"featured_media":0,"comment_status":"open","ping_status":"open","sticky":false,"template":"","format":"standard","meta":{"footnotes":""},"categories":[1],"tags":[385,261,384,383,282],"class_list":["post-3044","post","type-post","status-publish","format-standard","hentry","category-uncategorized","tag-ceta","tag-rita-dahl","tag-stop-ttip","tag-ttip","tag-vapaakauppasopimus"],"_links":{"self":[{"href":"https:\/\/www.asukkaidenvantaa.fi\/index.php?rest_route=\/wp\/v2\/posts\/3044","targetHints":{"allow":["GET"]}}],"collection":[{"href":"https:\/\/www.asukkaidenvantaa.fi\/index.php?rest_route=\/wp\/v2\/posts"}],"about":[{"href":"https:\/\/www.asukkaidenvantaa.fi\/index.php?rest_route=\/wp\/v2\/types\/post"}],"author":[{"embeddable":true,"href":"https:\/\/www.asukkaidenvantaa.fi\/index.php?rest_route=\/wp\/v2\/users\/5006"}],"replies":[{"embeddable":true,"href":"https:\/\/www.asukkaidenvantaa.fi\/index.php?rest_route=%2Fwp%2Fv2%2Fcomments&post=3044"}],"version-history":[{"count":4,"href":"https:\/\/www.asukkaidenvantaa.fi\/index.php?rest_route=\/wp\/v2\/posts\/3044\/revisions"}],"predecessor-version":[{"id":3058,"href":"https:\/\/www.asukkaidenvantaa.fi\/index.php?rest_route=\/wp\/v2\/posts\/3044\/revisions\/3058"}],"wp:attachment":[{"href":"https:\/\/www.asukkaidenvantaa.fi\/index.php?rest_route=%2Fwp%2Fv2%2Fmedia&parent=3044"}],"wp:term":[{"taxonomy":"category","embeddable":true,"href":"https:\/\/www.asukkaidenvantaa.fi\/index.php?rest_route=%2Fwp%2Fv2%2Fcategories&post=3044"},{"taxonomy":"post_tag","embeddable":true,"href":"https:\/\/www.asukkaidenvantaa.fi\/index.php?rest_route=%2Fwp%2Fv2%2Ftags&post=3044"}],"curies":[{"name":"wp","href":"https:\/\/api.w.org\/{rel}","templated":true}]}}