{"id":3042,"date":"2014-12-06T21:10:21","date_gmt":"2014-12-06T21:10:21","guid":{"rendered":"http:\/\/www.asukkaidenvantaa.fi\/?p=3042"},"modified":"2014-12-07T16:59:47","modified_gmt":"2014-12-07T16:59:47","slug":"skpn-puheenjohtajan-itsenaisyyspaivan-puhe","status":"publish","type":"post","link":"https:\/\/www.asukkaidenvantaa.fi\/?p=3042","title":{"rendered":"SKP:n puheenjohtajan itsen\u00e4isyysp\u00e4iv\u00e4n puhe"},"content":{"rendered":"<p><strong>SKP:n puheenjohtaja JP V\u00e4is\u00e4sen puhe itsen\u00e4isyysp\u00e4iv\u00e4n tilaisuudessa Tampereella<\/strong><\/p>\n<h2><strong>Luokkataistelu jatkuu yli sen mihin kansallisvaltioiden rajat loppuvat<\/strong><\/h2>\n<p>Meill\u00e4 ei mit\u00e4\u00e4n syyt\u00e4 juhlaan. P\u00e4invastoin!\u00a0 Linnanjuhlat voidaan lopettaa!<\/p>\n<p>Juhlien lis\u00e4ksi on lopetettava nykyinen kyykytys-politiikka ja EU-kurjistaminen.<\/p>\n<p>Samaan aikaan kun Euroopassa radikaalit vasemmistovoimat ovat ottaneet uusia paikkoja politiikassa ovat oikeistopopulistit ja avointa rasismipolitiikkaa harjoittavat puolueet nostaneet kannatustaan.<\/p>\n<p>On selv\u00e4\u00e4, ett\u00e4 meill\u00e4 eurooppalaisessa radikaalissa vasemmistossa ei olla ryhdytty t\u00e4ss\u00e4 poliittisessa tilanteessa juhlimaan. Me olemme selke\u00e4sti Euroopan vasemmistossa sanoneet, ett\u00e4 ty\u00f6v\u00e4enluokan perspektiivi on aina ollut tasa-arvoisen yhteiskunnan puolustaminen ja kaiken sit\u00e4 uhkaavan vastustaminen.<\/p>\n<p>T\u00e4n\u00e4\u00e4n itsen\u00e4isyysp\u00e4iv\u00e4n\u00e4 on hyv\u00e4 ymm\u00e4rt\u00e4\u00e4, ettei yhteiskunnassa, ettei meill\u00e4 ole itsen\u00e4isyytt\u00e4 ilman todellista yhteiskunnallista tasa-arvoa.\u00a0 Ty\u00f6v\u00e4enluokan \u00e4\u00e4ni tasa-arvon ja yhdenvertaisuuden kysymyksiss\u00e4 on t\u00e4n\u00e4\u00e4n tarpeen.<\/p>\n<p>Koko puhe luettavissa osoitteessa<\/p>\n<p>http:\/\/skp.fi<\/p>\n<p>&nbsp;<\/p>\n","protected":false},"excerpt":{"rendered":"<p>SKP:n puheenjohtaja JP V\u00e4is\u00e4sen puhe itsen\u00e4isyysp\u00e4iv\u00e4n tilaisuudessa Tampereella Luokkataistelu jatkuu yli sen mihin kansallisvaltioiden rajat loppuvat Meill\u00e4 ei mit\u00e4\u00e4n syyt\u00e4 juhlaan. P\u00e4invastoin!\u00a0 Linnanjuhlat voidaan lopettaa! Juhlien lis\u00e4ksi on lopetettava nykyinen kyykytys-politiikka ja EU-kurjistaminen. Samaan aikaan kun Euroopassa radikaalit vasemmistovoimat ovat ottaneet uusia paikkoja politiikassa ovat oikeistopopulistit ja avointa rasismipolitiikkaa harjoittavat puolueet nostaneet kannatustaan. On selv\u00e4\u00e4,&hellip;<\/p>\n<p class=\"more-link-p\"><a class=\"more-link\" href=\"https:\/\/www.asukkaidenvantaa.fi\/?p=3042\">Lue lis\u00e4\u00e4 \u2192<\/a><\/p>\n","protected":false},"author":5006,"featured_media":0,"comment_status":"open","ping_status":"open","sticky":false,"template":"","format":"standard","meta":{"footnotes":""},"categories":[1],"tags":[380,382,12,381],"class_list":["post-3042","post","type-post","status-publish","format-standard","hentry","category-uncategorized","tag-jp-vaisanen","tag-radikaali-vasemmisto","tag-skp","tag-suomen-itsenaisyys"],"_links":{"self":[{"href":"https:\/\/www.asukkaidenvantaa.fi\/index.php?rest_route=\/wp\/v2\/posts\/3042","targetHints":{"allow":["GET"]}}],"collection":[{"href":"https:\/\/www.asukkaidenvantaa.fi\/index.php?rest_route=\/wp\/v2\/posts"}],"about":[{"href":"https:\/\/www.asukkaidenvantaa.fi\/index.php?rest_route=\/wp\/v2\/types\/post"}],"author":[{"embeddable":true,"href":"https:\/\/www.asukkaidenvantaa.fi\/index.php?rest_route=\/wp\/v2\/users\/5006"}],"replies":[{"embeddable":true,"href":"https:\/\/www.asukkaidenvantaa.fi\/index.php?rest_route=%2Fwp%2Fv2%2Fcomments&post=3042"}],"version-history":[{"count":5,"href":"https:\/\/www.asukkaidenvantaa.fi\/index.php?rest_route=\/wp\/v2\/posts\/3042\/revisions"}],"predecessor-version":[{"id":3059,"href":"https:\/\/www.asukkaidenvantaa.fi\/index.php?rest_route=\/wp\/v2\/posts\/3042\/revisions\/3059"}],"wp:attachment":[{"href":"https:\/\/www.asukkaidenvantaa.fi\/index.php?rest_route=%2Fwp%2Fv2%2Fmedia&parent=3042"}],"wp:term":[{"taxonomy":"category","embeddable":true,"href":"https:\/\/www.asukkaidenvantaa.fi\/index.php?rest_route=%2Fwp%2Fv2%2Fcategories&post=3042"},{"taxonomy":"post_tag","embeddable":true,"href":"https:\/\/www.asukkaidenvantaa.fi\/index.php?rest_route=%2Fwp%2Fv2%2Ftags&post=3042"}],"curies":[{"name":"wp","href":"https:\/\/api.w.org\/{rel}","templated":true}]}}