{"id":3002,"date":"2014-11-15T12:37:19","date_gmt":"2014-11-15T12:37:19","guid":{"rendered":"http:\/\/www.asukkaidenvantaa.fi\/?p=3002"},"modified":"2014-11-15T12:37:19","modified_gmt":"2014-11-15T12:37:19","slug":"kansalaistoimintaa-on-viesti-ei-tavoita-paattajia","status":"publish","type":"post","link":"https:\/\/www.asukkaidenvantaa.fi\/?p=3002","title":{"rendered":"Kansalaistoimintaa on, viesti ei tavoita p\u00e4\u00e4tt\u00e4ji\u00e4"},"content":{"rendered":"<p><strong>Vantaalla puutteita ja kyseenalaisia p\u00e4\u00e4t\u00f6ksi\u00e4 esiin yhten\u00e4\u00e4n.<\/strong><\/p>\n<p>Koulut, lastensuojelu, toimeentulotuki, ruokajakelu, kotihoidon tuki, vammaisten fysioterapia, siin\u00e4 joitakin asioita joissa kuntalaisten ja kuntap\u00e4\u00e4tt\u00e4jien mielipiteet ovat viime aikoina torm\u00e4nneet.<br \/>\nErimielisyydet asioiden hoidosta on synnytt\u00e4nyt asioiden pohdiskelua ja kansalaistoimintaa. Kuntalaisten viesti ei juurikaan kantaudu p\u00e4\u00e4tt\u00e4jien korviin, ja jos kantautuu sen ei anneta vaikuttaa p\u00e4\u00e4t\u00f6ksiin.<\/p>\n<p>Esimerkiksi kouluasioissa on noussut lakkautettaviksi p\u00e4\u00e4tettejyjen koulujen puolustusliikkeit\u00e4. Eritt\u00e4in aktiivisesti toimivat Hevoshaan ja Tuomelan koulujen puolustajat ovat vedonneet p\u00e4\u00e4tt\u00e4jiin, j\u00e4rjest\u00e4neet mielenosoituksia ja yleis\u00f6tilaisuuksia lakkautusten perumisen puolesta. Molemmat koululiikkeet jatkavat aktiivisesti kamppailua kotikoulujensa puolesta.<\/p>\n<p>Kouluasioita k\u00e4sitell\u00e4\u00e4n 25.11.2014 klo 17.30 Koivukyl\u00e4n kirjaston auditoriossa.<br \/>\n<a href=\"\/wp-content\/uploads\/sites\/31\/2014\/11\/Koulukeskustelu-25.11.2014-e1416054412875.jpg\"><img loading=\"lazy\" decoding=\"async\" src=\"\/wp-content\/uploads\/sites\/31\/2014\/11\/Koulukeskustelu-25.11.2014-e1416054412875.jpg\" alt=\"Koulukeskustelu 25.11.2014\" width=\"693\" height=\"344\" class=\"aligncenter size-full wp-image-3004\" srcset=\"https:\/\/www.asukkaidenvantaa.fi\/wp-content\/uploads\/sites\/31\/2014\/11\/Koulukeskustelu-25.11.2014-e1416054412875.jpg 693w, https:\/\/www.asukkaidenvantaa.fi\/wp-content\/uploads\/sites\/31\/2014\/11\/Koulukeskustelu-25.11.2014-e1416054412875-300x148.jpg 300w, https:\/\/www.asukkaidenvantaa.fi\/wp-content\/uploads\/sites\/31\/2014\/11\/Koulukeskustelu-25.11.2014-e1416054412875-560x277.jpg 560w, https:\/\/www.asukkaidenvantaa.fi\/wp-content\/uploads\/sites\/31\/2014\/11\/Koulukeskustelu-25.11.2014-e1416054412875-260x129.jpg 260w, https:\/\/www.asukkaidenvantaa.fi\/wp-content\/uploads\/sites\/31\/2014\/11\/Koulukeskustelu-25.11.2014-e1416054412875-160x79.jpg 160w\" sizes=\"auto, (max-width: 693px) 100vw, 693px\" \/><\/a><br \/>\nVantaan koulukeskustelussa esill\u00e4 koulujen lakkauttamisp\u00e4\u00e4t\u00f6kset, terveellisen sis\u00e4ilman vaatimus ja peruskoulun oppimisen tuen kysymykset sek\u00e4 yleis\u00f6keskustelu.<br \/>\nOhjelmassa:<br \/>\n&#8212; Tutkijatohtori Reetta Mietola kertoo v\u00e4it\u00f6skirjansa Hankala erityisyys teemoista.<\/p>\n<p>&#8212; Asiantuntijat ja luottamushenkil\u00f6t alustavat Vantaan ajankohtaisista koulukysymyksist\u00e4.<\/p>\n<p>Tervetuloa keskustelemaan kouluasioista!<br \/>\nVapaa p\u00e4\u00e4sy!<\/p>\n<p>Vantaan Autismi- ja aspergeryhdistys tarjoaa pullakahvit.<\/p>\n<p>J\u00e4rjest\u00e4\u00e4: ProVantaanLapset<br \/>\n<div id=\"attachment_3008\" style=\"width: 710px\" class=\"wp-caption aligncenter\"><a href=\"\/wp-content\/uploads\/sites\/31\/2014\/11\/20131015_160547-e1416054858216.jpg\"><img loading=\"lazy\" decoding=\"async\" aria-describedby=\"caption-attachment-3008\" src=\"\/wp-content\/uploads\/sites\/31\/2014\/11\/20131015_160547-e1416054858216.jpg\" alt=\"Kuva Tuomelan ja Hevoshaan koulujen s\u00e4ilytt\u00e4miseksi j\u00e4rjestetyst\u00e4 mielenilmauksesta 15.10.2013\" width=\"700\" height=\"525\" class=\"size-full wp-image-3008\" \/><\/a><p id=\"caption-attachment-3008\" class=\"wp-caption-text\">Kuva Tuomelan ja Hevoshaan koulujen s\u00e4ilytt\u00e4miseksi j\u00e4rjestetyst\u00e4 mielenilmauksesta 15.10.2013<\/p><\/div>\n","protected":false},"excerpt":{"rendered":"<p>Vantaalla puutteita ja kyseenalaisia p\u00e4\u00e4t\u00f6ksi\u00e4 esiin yhten\u00e4\u00e4n. Koulut, lastensuojelu, toimeentulotuki, ruokajakelu, kotihoidon tuki, vammaisten fysioterapia, siin\u00e4 joitakin asioita joissa kuntalaisten ja kuntap\u00e4\u00e4tt\u00e4jien mielipiteet ovat viime aikoina torm\u00e4nneet. Erimielisyydet asioiden hoidosta on synnytt\u00e4nyt asioiden pohdiskelua ja kansalaistoimintaa. Kuntalaisten viesti ei juurikaan kantaudu p\u00e4\u00e4tt\u00e4jien korviin, ja jos kantautuu sen ei anneta vaikuttaa p\u00e4\u00e4t\u00f6ksiin. Esimerkiksi kouluasioissa on noussut&hellip;<\/p>\n<p class=\"more-link-p\"><a class=\"more-link\" href=\"https:\/\/www.asukkaidenvantaa.fi\/?p=3002\">Lue lis\u00e4\u00e4 \u2192<\/a><\/p>\n","protected":false},"author":5003,"featured_media":3008,"comment_status":"open","ping_status":"open","sticky":false,"template":"","format":"standard","meta":{"footnotes":""},"categories":[35,355],"tags":[],"class_list":["post-3002","post","type-post","status-publish","format-standard","has-post-thumbnail","hentry","category-tapahtumat","category-ajankohtaisia"],"_links":{"self":[{"href":"https:\/\/www.asukkaidenvantaa.fi\/index.php?rest_route=\/wp\/v2\/posts\/3002","targetHints":{"allow":["GET"]}}],"collection":[{"href":"https:\/\/www.asukkaidenvantaa.fi\/index.php?rest_route=\/wp\/v2\/posts"}],"about":[{"href":"https:\/\/www.asukkaidenvantaa.fi\/index.php?rest_route=\/wp\/v2\/types\/post"}],"author":[{"embeddable":true,"href":"https:\/\/www.asukkaidenvantaa.fi\/index.php?rest_route=\/wp\/v2\/users\/5003"}],"replies":[{"embeddable":true,"href":"https:\/\/www.asukkaidenvantaa.fi\/index.php?rest_route=%2Fwp%2Fv2%2Fcomments&post=3002"}],"version-history":[{"count":4,"href":"https:\/\/www.asukkaidenvantaa.fi\/index.php?rest_route=\/wp\/v2\/posts\/3002\/revisions"}],"predecessor-version":[{"id":3009,"href":"https:\/\/www.asukkaidenvantaa.fi\/index.php?rest_route=\/wp\/v2\/posts\/3002\/revisions\/3009"}],"wp:featuredmedia":[{"embeddable":true,"href":"https:\/\/www.asukkaidenvantaa.fi\/index.php?rest_route=\/wp\/v2\/media\/3008"}],"wp:attachment":[{"href":"https:\/\/www.asukkaidenvantaa.fi\/index.php?rest_route=%2Fwp%2Fv2%2Fmedia&parent=3002"}],"wp:term":[{"taxonomy":"category","embeddable":true,"href":"https:\/\/www.asukkaidenvantaa.fi\/index.php?rest_route=%2Fwp%2Fv2%2Fcategories&post=3002"},{"taxonomy":"post_tag","embeddable":true,"href":"https:\/\/www.asukkaidenvantaa.fi\/index.php?rest_route=%2Fwp%2Fv2%2Ftags&post=3002"}],"curies":[{"name":"wp","href":"https:\/\/api.w.org\/{rel}","templated":true}]}}