{"id":2982,"date":"2014-11-07T15:01:07","date_gmt":"2014-11-07T15:01:07","guid":{"rendered":"http:\/\/www.asukkaidenvantaa.fi\/?p=2982"},"modified":"2014-11-07T15:01:07","modified_gmt":"2014-11-07T15:01:07","slug":"vahti-rylta-kitkerat-terveiset-vattin-vartiaiselle","status":"publish","type":"post","link":"https:\/\/www.asukkaidenvantaa.fi\/?p=2982","title":{"rendered":"Vahti ry:lt\u00e4 kitker\u00e4t terveiset VATT:in Vartiaiselle"},"content":{"rendered":"<p><strong>Vantaalla toimiva Vahti ry, Vantaan Asunnottomien Hyvinvoinnin Tuki ry, on v\u00e4h\u00e4osaisten avustamiseen erikoistunut yhdistys. Vahti ry hoitaa mm. ruokajakeluita Vantaalla.<\/strong><br \/>\nVahti on jo pitemm\u00e4n aikaa odottanut kaupungin apua tilan saamiseksi ruokajakeluiden suorittamiseen. Tilaa ei ole &#8221;l\u00f6ytynyt&#8221;. Kylm\u00e4kuljetusautoa ruokajakeluiden toteuttamiseksi kaupunki lainaa Vahdille, itse ruokajakelut joudutaan suorittamaan taivasalla.<\/p>\n<p><strong>Vahdin syyskokouksessa tartuttiin VATT:in, Valtion taloudellinen tutkimuskeskus, ylijohtaja Juhana Vartiaisen kantaan ruuan arvonlis\u00e4veron nostosta. Ohessa Vahti ry:n kannanotto.<\/strong><\/p>\n<p>Vahti ry:n syyskokouksen 30.10.2014  julkilausuma<\/p>\n<p>Juhana Vartiainen voisi pyyt\u00e4\u00e4 anteeksi<\/p>\n<p>VATT:in ylijohtaja Juhana Vartiainen kertoi julkisuuteen kannattavansa edelleen ruuan arvonlis\u00e4veron korottamista 14 prosentista 22 prosenttiin, koska \u201dkaikkien on kuitenkin sy\u00f6t\u00e4v\u00e4\u201d. Vartiaisen mukaan t\u00e4m\u00e4 sy\u00f6misen pakollisuus tekee siit\u00e4 varman veron ker\u00e4yksen kohteen.<\/p>\n<p>Vahti ry haluaa muistuttaa Vartiaiselle, ett\u00e4 Suomessa on jo nyt paljon ihmisi\u00e4, joilla ei ole varaa ostaa edes t\u00e4t\u00e4 14 prosentin mukaan verotettua ruokaa, vaan he joutuvat hakemaan ruokansa sielt\u00e4 mist\u00e4 sen saavat, esimerkiksi erilaisista ruokajakeluista. <\/p>\n<p>Kuten Vartiainenkin on todennut, niin sy\u00f6minen on pakollista varallisuuteen katsomatta. Mik\u00e4li k\u00f6yhimpien ihmisten toimeentuloa ei ensin laiteta kuntoon, on kest\u00e4m\u00e4t\u00f6n ajatus, ett\u00e4 heid\u00e4n pit\u00e4isi selvit\u00e4 ALV:n korotuksen aiheuttamasta noin 10 prosentin korotuksesta ruuan hintaan. <\/p>\n<p>VATT on omissa selvityksiss\u00e4\u00e4n tullut siihen tulokseen, ett\u00e4 ruuan ALV:n korottaminen vaikuttaisi eniten juuri niihin, joilla on v\u00e4hiten k\u00e4ytett\u00e4viss\u00e4 olevia tuloja. Lis\u00e4ksi samassa tutkimuksessa todetaan, ett\u00e4 veronkorotus johtaisi my\u00f6s tuloerojen kasvuun.<\/p>\n<p>Vahti ry toivoo, ett\u00e4 Juhana Vartiainen harkitsisi jatkossa tarkemmin lausuntojaan ja toivottaa h\u00e4net tervetulleeksi tutustumaan yhdistyksemme toimintaan. Kaikki eiv\u00e4t Suomessakaan sy\u00f6 joka p\u00e4iv\u00e4.<\/p>\n<div id=\"attachment_2983\" style=\"width: 710px\" class=\"wp-caption aligncenter\"><a href=\"\/wp-content\/uploads\/sites\/31\/2014\/11\/Ruokajako-12.5.2014-1-e1415371643187.jpg\"><img loading=\"lazy\" decoding=\"async\" aria-describedby=\"caption-attachment-2983\" src=\"\/wp-content\/uploads\/sites\/31\/2014\/11\/Ruokajako-12.5.2014-1-e1415371643187.jpg\" alt=\"Kuvassa Vahti ry:n ruokajakelu 12.5.2014 Vantaan kaupungintalon edustalla. Paikalla haluttiin kiinnitt\u00e4\u00e4 valtuutettujen huomiota ruokajakelun tilaongelmiin Vantaalla. Valtuutettujen enemmist\u00f6 ei l\u00e4mmennyt asian korjaamiselle.\" width=\"700\" height=\"525\" class=\"size-full wp-image-2983\" \/><\/a><p id=\"caption-attachment-2983\" class=\"wp-caption-text\">Kuvassa Vahti ry:n ruokajakelu 12.5.2014 Vantaan kaupungintalon edustalla. Paikalla haluttiin kiinnitt\u00e4\u00e4 valtuutettujen huomiota ruokajakelun tilaongelmiin Vantaalla. Valtuutettujen enemmist\u00f6 ei ole l\u00e4mmennyt asian korjaamiselle.<\/p><\/div>\n<p>Vahti ry:n toimintaan voi tutustua yhdistyksen kotisivulla <a href=\"http:\/\/vahti.info\">vahti.info<\/a><\/p>\n","protected":false},"excerpt":{"rendered":"<p>Vantaalla toimiva Vahti ry, Vantaan Asunnottomien Hyvinvoinnin Tuki ry, on v\u00e4h\u00e4osaisten avustamiseen erikoistunut yhdistys. Vahti ry hoitaa mm. ruokajakeluita Vantaalla. Vahti on jo pitemm\u00e4n aikaa odottanut kaupungin apua tilan saamiseksi ruokajakeluiden suorittamiseen. Tilaa ei ole &#8221;l\u00f6ytynyt&#8221;. Kylm\u00e4kuljetusautoa ruokajakeluiden toteuttamiseksi kaupunki lainaa Vahdille, itse ruokajakelut joudutaan suorittamaan taivasalla. Vahdin syyskokouksessa tartuttiin VATT:in, Valtion taloudellinen tutkimuskeskus, ylijohtaja&hellip;<\/p>\n<p class=\"more-link-p\"><a class=\"more-link\" href=\"https:\/\/www.asukkaidenvantaa.fi\/?p=2982\">Lue lis\u00e4\u00e4 \u2192<\/a><\/p>\n","protected":false},"author":5003,"featured_media":2983,"comment_status":"open","ping_status":"open","sticky":false,"template":"","format":"standard","meta":{"footnotes":""},"categories":[28,355],"tags":[365,332,334,364],"class_list":["post-2982","post","type-post","status-publish","format-standard","has-post-thumbnail","hentry","category-mielipiteet","category-ajankohtaisia","tag-juhana-vartiainen","tag-ruokajakelu","tag-vahti-ry","tag-vatt"],"_links":{"self":[{"href":"https:\/\/www.asukkaidenvantaa.fi\/index.php?rest_route=\/wp\/v2\/posts\/2982","targetHints":{"allow":["GET"]}}],"collection":[{"href":"https:\/\/www.asukkaidenvantaa.fi\/index.php?rest_route=\/wp\/v2\/posts"}],"about":[{"href":"https:\/\/www.asukkaidenvantaa.fi\/index.php?rest_route=\/wp\/v2\/types\/post"}],"author":[{"embeddable":true,"href":"https:\/\/www.asukkaidenvantaa.fi\/index.php?rest_route=\/wp\/v2\/users\/5003"}],"replies":[{"embeddable":true,"href":"https:\/\/www.asukkaidenvantaa.fi\/index.php?rest_route=%2Fwp%2Fv2%2Fcomments&post=2982"}],"version-history":[{"count":3,"href":"https:\/\/www.asukkaidenvantaa.fi\/index.php?rest_route=\/wp\/v2\/posts\/2982\/revisions"}],"predecessor-version":[{"id":2986,"href":"https:\/\/www.asukkaidenvantaa.fi\/index.php?rest_route=\/wp\/v2\/posts\/2982\/revisions\/2986"}],"wp:featuredmedia":[{"embeddable":true,"href":"https:\/\/www.asukkaidenvantaa.fi\/index.php?rest_route=\/wp\/v2\/media\/2983"}],"wp:attachment":[{"href":"https:\/\/www.asukkaidenvantaa.fi\/index.php?rest_route=%2Fwp%2Fv2%2Fmedia&parent=2982"}],"wp:term":[{"taxonomy":"category","embeddable":true,"href":"https:\/\/www.asukkaidenvantaa.fi\/index.php?rest_route=%2Fwp%2Fv2%2Fcategories&post=2982"},{"taxonomy":"post_tag","embeddable":true,"href":"https:\/\/www.asukkaidenvantaa.fi\/index.php?rest_route=%2Fwp%2Fv2%2Ftags&post=2982"}],"curies":[{"name":"wp","href":"https:\/\/api.w.org\/{rel}","templated":true}]}}