{"id":2975,"date":"2014-11-06T16:25:41","date_gmt":"2014-11-06T16:25:41","guid":{"rendered":"http:\/\/www.asukkaidenvantaa.fi\/?p=2975"},"modified":"2014-11-06T16:25:41","modified_gmt":"2014-11-06T16:25:41","slug":"rakentaminen-kivistossa-rivakasti-liikkeelle","status":"publish","type":"post","link":"https:\/\/www.asukkaidenvantaa.fi\/?p=2975","title":{"rendered":"Rakentaminen Kivist\u00f6ss\u00e4 rivakasti liikkeelle"},"content":{"rendered":"<p><strong>Vantaan uudisrakentamisen suurin uusi kohde Kivist\u00f6 on k\u00e4ynnistynyt vauhdilla.<\/strong><br \/>\nKivist\u00f6n keskustakortteleihin on aloitettu jo yli 460:n asunnon rakentaminen. Lis\u00e4ksi l\u00e4hist\u00f6ll\u00e4 sijaisevalle ensi kes\u00e4n asuntomessualueelle rakennetaan 350 asuntoa.<br \/>\n<div id=\"attachment_2976\" style=\"width: 710px\" class=\"wp-caption alignleft\"><a href=\"\/wp-content\/uploads\/sites\/31\/2014\/11\/Kartta_Kivist\u00c3\u00b6n_keskusta_15814_11-e1415273099272.jpg\"><img loading=\"lazy\" decoding=\"async\" aria-describedby=\"caption-attachment-2976\" src=\"\/wp-content\/uploads\/sites\/31\/2014\/11\/Kartta_Kivist\u00c3\u00b6n_keskusta_15814_11-e1415273099272.jpg\" alt=\"Kivist\u00f6n alueen keskusta. Asuntomessut j\u00e4rjestet\u00e4\u00e4n alueella kes\u00e4ll\u00e4 2015. Uusi Keh\u00e4rata otetaan k\u00e4ytt\u00f6\u00f6n 1.7.2015.\" width=\"700\" height=\"525\" class=\"size-full wp-image-2976\" \/><\/a><p id=\"caption-attachment-2976\" class=\"wp-caption-text\">Kivist\u00f6n alueen keskusta. Asuntomessut j\u00e4rjestet\u00e4\u00e4n alueella kes\u00e4ll\u00e4 2015. Uusi Keh\u00e4rata otetaan k\u00e4ytt\u00f6\u00f6n 1.7.2015.<\/p><\/div>\nRakennusliikkeiden ilmoitusten mukaan omistusasuntojen myynti on k\u00e4ynnistynyt vilkkaasti. Rakenteilla olevista omistusasunnoista on jo myyty noin 60 %.<br \/>\nKivist\u00f6\u00f6n rakennetan my\u00f6s asumisoikeus- ja vuokra-asuntoja. Esimerkiksi  asuntomessualueelle nousevaan Euroopan suurimpaan puukerrostaloon tulee 190 vuokra- ja asumisoikeusasuntoa.<\/p>\n<p>Kaupungin palveluja sijoitetaan alueelle rakennettavaan Aurinkokiven koulurakennukseen, johon koulun lis\u00e4ksi sijoittuu p\u00e4iv\u00e4koti, kirjasto ja neuvola. Aurinkokiven rakentaminen k\u00e4ynnistyy vuoden 2014 aikana.<br \/>\nMy\u00f6skin kaupallisia palveluita syntyy rakentamisen edistymisen my\u00f6t\u00e4.<\/p>\n<p>Kivist\u00f6n alueella kaavaillaan sen valmistuttua, joskus 2030 luvulla, asuvan noin 30 000 henkil\u00f6\u00e4.<\/p>\n","protected":false},"excerpt":{"rendered":"<p>Vantaan uudisrakentamisen suurin uusi kohde Kivist\u00f6 on k\u00e4ynnistynyt vauhdilla. Kivist\u00f6n keskustakortteleihin on aloitettu jo yli 460:n asunnon rakentaminen. Lis\u00e4ksi l\u00e4hist\u00f6ll\u00e4 sijaisevalle ensi kes\u00e4n asuntomessualueelle rakennetaan 350 asuntoa. Rakennusliikkeiden ilmoitusten mukaan omistusasuntojen myynti on k\u00e4ynnistynyt vilkkaasti. Rakenteilla olevista omistusasunnoista on jo myyty noin 60 %. Kivist\u00f6\u00f6n rakennetan my\u00f6s asumisoikeus- ja vuokra-asuntoja. Esimerkiksi asuntomessualueelle nousevaan Euroopan suurimpaan&hellip;<\/p>\n<p class=\"more-link-p\"><a class=\"more-link\" href=\"https:\/\/www.asukkaidenvantaa.fi\/?p=2975\">Lue lis\u00e4\u00e4 \u2192<\/a><\/p>\n","protected":false},"author":5003,"featured_media":0,"comment_status":"open","ping_status":"open","sticky":false,"template":"","format":"standard","meta":{"footnotes":""},"categories":[3,355],"tags":[363,361,328,276,234],"class_list":["post-2975","post","type-post","status-publish","format-standard","hentry","category-tausta","category-ajankohtaisia","tag-asumisoikeusasunto","tag-asuntomessut","tag-kivisto","tag-omistusasunto","tag-vuokra-asunto"],"_links":{"self":[{"href":"https:\/\/www.asukkaidenvantaa.fi\/index.php?rest_route=\/wp\/v2\/posts\/2975","targetHints":{"allow":["GET"]}}],"collection":[{"href":"https:\/\/www.asukkaidenvantaa.fi\/index.php?rest_route=\/wp\/v2\/posts"}],"about":[{"href":"https:\/\/www.asukkaidenvantaa.fi\/index.php?rest_route=\/wp\/v2\/types\/post"}],"author":[{"embeddable":true,"href":"https:\/\/www.asukkaidenvantaa.fi\/index.php?rest_route=\/wp\/v2\/users\/5003"}],"replies":[{"embeddable":true,"href":"https:\/\/www.asukkaidenvantaa.fi\/index.php?rest_route=%2Fwp%2Fv2%2Fcomments&post=2975"}],"version-history":[{"count":4,"href":"https:\/\/www.asukkaidenvantaa.fi\/index.php?rest_route=\/wp\/v2\/posts\/2975\/revisions"}],"predecessor-version":[{"id":2981,"href":"https:\/\/www.asukkaidenvantaa.fi\/index.php?rest_route=\/wp\/v2\/posts\/2975\/revisions\/2981"}],"wp:attachment":[{"href":"https:\/\/www.asukkaidenvantaa.fi\/index.php?rest_route=%2Fwp%2Fv2%2Fmedia&parent=2975"}],"wp:term":[{"taxonomy":"category","embeddable":true,"href":"https:\/\/www.asukkaidenvantaa.fi\/index.php?rest_route=%2Fwp%2Fv2%2Fcategories&post=2975"},{"taxonomy":"post_tag","embeddable":true,"href":"https:\/\/www.asukkaidenvantaa.fi\/index.php?rest_route=%2Fwp%2Fv2%2Ftags&post=2975"}],"curies":[{"name":"wp","href":"https:\/\/api.w.org\/{rel}","templated":true}]}}