{"id":285,"date":"2012-05-19T09:42:00","date_gmt":"2012-05-19T09:42:00","guid":{"rendered":"http:\/\/www.asukkaidenvantaa.fi\/?p=285"},"modified":"2012-07-13T07:41:45","modified_gmt":"2012-07-13T07:41:45","slug":"viitaniemi-tikkurilassa-kuntaministeri-virkkusen-kuntauudistus-tuhoisaa-kunnalliselle-demokratialle","status":"publish","type":"post","link":"https:\/\/www.asukkaidenvantaa.fi\/?p=285","title":{"rendered":"Viitaniemi Tikkurilassa: Virkkusen uudistus tuhoisaa demokratialle"},"content":{"rendered":"<p>J\u00e4rvenp\u00e4\u00e4l\u00e4inen kunta-aktiivi Arto Viitaniemi<br \/>\narvosteli kovin sanoin kuntaministeri Henna Virkkusen kuntauudistusehdotusta 17.5.2012 Tikkurilassa<br \/>\npidetyss\u00e4 kunnallispoliittisessa keskustelutilaisuudessa.<\/p>\n<div id=\"attachment_286\" style=\"width: 127px\" class=\"wp-caption alignright\"><a href=\"\/wp-content\/uploads\/sites\/31\/2012\/05\/Arto-Viitaniemi.jpeg\"><img loading=\"lazy\" decoding=\"async\" aria-describedby=\"caption-attachment-286\" class=\"size-full wp-image-286\" title=\"Arto Viitaniemi\" src=\"\/wp-content\/uploads\/sites\/31\/2012\/05\/Arto-Viitaniemi.jpeg\" alt=\"\" width=\"117\" height=\"120\" \/><\/a><p id=\"caption-attachment-286\" class=\"wp-caption-text\">Arto Viitaniemi<\/p><\/div>\n<p>Esitys vaarantaa Viitaniemen mielest\u00e4<br \/>\nkunnallisen demokratian. Kuntien lukum\u00e4\u00e4r\u00e4n<br \/>\nraju v\u00e4hent\u00e4minen supistaa kunnallisissa<br \/>\nluottamustoimissa toimivien kuntalaisten m\u00e4\u00e4r\u00e4n<br \/>\nnykyisest\u00e4 murto-osaan.<\/p>\n<p>Viitaniemi k\u00e4ytti esimerkkin\u00e4 omaa kotikuntaansa J\u00e4rvenp\u00e4\u00e4t\u00e4, josta on tarkoitus muodostaa uusi kunta yhdist\u00e4m\u00e4ll\u00e4 J\u00e4rvenp\u00e4\u00e4, Kerava, Tuusula ja Nurmij\u00e4rvi. N\u00e4iden nelj\u00e4n kunnan valtuutettujen lukum\u00e4\u00e4r\u00e4 on 204, pakkoliitoksen j\u00e4lkeen 67. Nelj\u00e4n kunnan lautakunnissa on nyt 400-450 j\u00e4sent\u00e4 pakkoliitoksen j\u00e4lkeen 100-120 j\u00e4sent\u00e4.<\/p>\n<p><strong>Vaikutukset Vantaalla<\/strong><br \/>\nVantaa yhdistett\u00e4isiin kuntaministeri Virkkusen ehdotuksessa Helsingin, Espoon, Kauniaisten ja mahdollisesti Sipoon kanssa.<br \/>\nNykyisin n\u00e4iss\u00e4 kunnissa on yhteens\u00e4 297 valtuutettua Sipoo mukaan lukien. Pakkoliitoksen j\u00e4lkeen todenn\u00e4k\u00f6isesti 85 valtuutettua. Lautakunnissa on yhteens\u00e4 noin 740 j\u00e4sent\u00e4, pakkoliitoksen j\u00e4lkeen tuskin tulisi olemaan juurikaan yli Helsingin nykyisen lautakuntien j\u00e4senm\u00e4\u00e4r\u00e4n joka on 263.<\/p>\n<p><strong>Demokratiasta harvainvaltaan<\/strong><br \/>\nKuntauudistus t\u00e4ht\u00e4\u00e4 my\u00f6s kunnallisen demokratian murentamiseen ja asukkaiden vaikutusmahdollisuuksien minimoimiseen.<\/p>\n","protected":false},"excerpt":{"rendered":"<p>J\u00e4rvenp\u00e4\u00e4l\u00e4inen kunta-aktiivi Arto Viitaniemi arvosteli kovin sanoin kuntaministeri Henna Virkkusen kuntauudistusehdotusta 17.5.2012 Tikkurilassa pidetyss\u00e4 kunnallispoliittisessa keskustelutilaisuudessa. Esitys vaarantaa Viitaniemen mielest\u00e4 kunnallisen demokratian. Kuntien lukum\u00e4\u00e4r\u00e4n raju v\u00e4hent\u00e4minen supistaa kunnallisissa luottamustoimissa toimivien kuntalaisten m\u00e4\u00e4r\u00e4n nykyisest\u00e4 murto-osaan. Viitaniemi k\u00e4ytti esimerkkin\u00e4 omaa kotikuntaansa J\u00e4rvenp\u00e4\u00e4t\u00e4, josta on tarkoitus muodostaa uusi kunta yhdist\u00e4m\u00e4ll\u00e4 J\u00e4rvenp\u00e4\u00e4, Kerava, Tuusula ja Nurmij\u00e4rvi. N\u00e4iden nelj\u00e4n kunnan&hellip;<\/p>\n<p class=\"more-link-p\"><a class=\"more-link\" href=\"https:\/\/www.asukkaidenvantaa.fi\/?p=285\">Lue lis\u00e4\u00e4 \u2192<\/a><\/p>\n","protected":false},"author":5003,"featured_media":286,"comment_status":"open","ping_status":"open","sticky":false,"template":"","format":"standard","meta":{"footnotes":""},"categories":[1],"tags":[71,34,70,73,72],"class_list":["post-285","post","type-post","status-publish","format-standard","has-post-thumbnail","hentry","category-uncategorized","tag-kuntateurastus","tag-kuntauudistus","tag-metropoli","tag-metropolialue","tag-pk-seutu"],"_links":{"self":[{"href":"https:\/\/www.asukkaidenvantaa.fi\/index.php?rest_route=\/wp\/v2\/posts\/285","targetHints":{"allow":["GET"]}}],"collection":[{"href":"https:\/\/www.asukkaidenvantaa.fi\/index.php?rest_route=\/wp\/v2\/posts"}],"about":[{"href":"https:\/\/www.asukkaidenvantaa.fi\/index.php?rest_route=\/wp\/v2\/types\/post"}],"author":[{"embeddable":true,"href":"https:\/\/www.asukkaidenvantaa.fi\/index.php?rest_route=\/wp\/v2\/users\/5003"}],"replies":[{"embeddable":true,"href":"https:\/\/www.asukkaidenvantaa.fi\/index.php?rest_route=%2Fwp%2Fv2%2Fcomments&post=285"}],"version-history":[{"count":15,"href":"https:\/\/www.asukkaidenvantaa.fi\/index.php?rest_route=\/wp\/v2\/posts\/285\/revisions"}],"predecessor-version":[{"id":650,"href":"https:\/\/www.asukkaidenvantaa.fi\/index.php?rest_route=\/wp\/v2\/posts\/285\/revisions\/650"}],"wp:featuredmedia":[{"embeddable":true,"href":"https:\/\/www.asukkaidenvantaa.fi\/index.php?rest_route=\/wp\/v2\/media\/286"}],"wp:attachment":[{"href":"https:\/\/www.asukkaidenvantaa.fi\/index.php?rest_route=%2Fwp%2Fv2%2Fmedia&parent=285"}],"wp:term":[{"taxonomy":"category","embeddable":true,"href":"https:\/\/www.asukkaidenvantaa.fi\/index.php?rest_route=%2Fwp%2Fv2%2Fcategories&post=285"},{"taxonomy":"post_tag","embeddable":true,"href":"https:\/\/www.asukkaidenvantaa.fi\/index.php?rest_route=%2Fwp%2Fv2%2Ftags&post=285"}],"curies":[{"name":"wp","href":"https:\/\/api.w.org\/{rel}","templated":true}]}}