{"id":2840,"date":"2014-10-08T10:14:07","date_gmt":"2014-10-08T10:14:07","guid":{"rendered":"http:\/\/www.asukkaidenvantaa.fi\/?p=2840"},"modified":"2014-10-08T10:15:23","modified_gmt":"2014-10-08T10:15:23","slug":"onko-eurooppa-sodan-kynnyksella","status":"publish","type":"post","link":"https:\/\/www.asukkaidenvantaa.fi\/?p=2840","title":{"rendered":"Onko Eurooppa sodan kynnyksell\u00e4?"},"content":{"rendered":"<p><strong>Euroopan tilanteesta keskustellaan 16.10.klo 17.30 Kirnussa, Koivukyl\u00e4n kirjastossa Vantaalla.<\/strong><\/p>\n<p>Keskustelun teemana on Ukraina. Keskustelun alustaa eversti, VTT Pekka Visuri.<br \/>\n<div id=\"attachment_2841\" style=\"width: 205px\" class=\"wp-caption aligncenter\"><a href=\"\/wp-content\/uploads\/sites\/31\/2014\/10\/Pekka-Visuri.jpg\"><img loading=\"lazy\" decoding=\"async\" aria-describedby=\"caption-attachment-2841\" src=\"\/wp-content\/uploads\/sites\/31\/2014\/10\/Pekka-Visuri.jpg\" alt=\"Eversti, VTT Pekka Visuri\" width=\"195\" height=\"259\" class=\"size-full wp-image-2841\" \/><\/a><p id=\"caption-attachment-2841\" class=\"wp-caption-text\">Keskustelun alustaa eversti, VTT Pekka Visuri<\/p><\/div>\n<p>Paneelikeskusteluun ovat tulossa: Eero Lehti (kok), Antero Eerola (vas), Alexander Holthoer (ipu), ja Arjo Suonper\u00e4 (skp).<\/p>\n<p>Yleis\u00f6ll\u00e4 on mahdollisuus osallistua keskusteluun ja esitt\u00e4\u00e4 kysymyksi\u00e4.<br \/>\n<div id=\"attachment_2845\" style=\"width: 202px\" class=\"wp-caption alignleft\"><a href=\"\/wp-content\/uploads\/sites\/31\/2014\/10\/Eero-Lehti.jpg\"><img loading=\"lazy\" decoding=\"async\" aria-describedby=\"caption-attachment-2845\" src=\"\/wp-content\/uploads\/sites\/31\/2014\/10\/Eero-Lehti.jpg\" alt=\"Eero Lehti\" width=\"192\" height=\"161\" class=\"size-full wp-image-2845\" \/><\/a><p id=\"caption-attachment-2845\" class=\"wp-caption-text\">Eero Lehti<\/p><\/div>\n<div id=\"attachment_2844\" style=\"width: 192px\" class=\"wp-caption aligncenter\"><a href=\"\/wp-content\/uploads\/sites\/31\/2014\/10\/Antero-Eerola-e1412762706181.jpg\"><img loading=\"lazy\" decoding=\"async\" aria-describedby=\"caption-attachment-2844\" src=\"\/wp-content\/uploads\/sites\/31\/2014\/10\/Antero-Eerola-e1412762706181.jpg\" alt=\"Antero Eerola\" width=\"182\" height=\"218\" class=\"size-full wp-image-2844\" \/><\/a><p id=\"caption-attachment-2844\" class=\"wp-caption-text\">Antero Eerola<\/p><\/div>\n<div id=\"attachment_2842\" style=\"width: 202px\" class=\"wp-caption alignleft\"><a href=\"\/wp-content\/uploads\/sites\/31\/2014\/10\/Alexander-Holthoer.jpg\"><img loading=\"lazy\" decoding=\"async\" aria-describedby=\"caption-attachment-2842\" src=\"\/wp-content\/uploads\/sites\/31\/2014\/10\/Alexander-Holthoer.jpg\" alt=\"Alexander Holthoer\" width=\"192\" height=\"240\" class=\"size-full wp-image-2842\" srcset=\"https:\/\/www.asukkaidenvantaa.fi\/wp-content\/uploads\/sites\/31\/2014\/10\/Alexander-Holthoer.jpg 192w, https:\/\/www.asukkaidenvantaa.fi\/wp-content\/uploads\/sites\/31\/2014\/10\/Alexander-Holthoer-160x200.jpg 160w\" sizes=\"auto, (max-width: 192px) 100vw, 192px\" \/><\/a><p id=\"caption-attachment-2842\" class=\"wp-caption-text\">Alexander Holthoer<\/p><\/div>\n<div id=\"attachment_2843\" style=\"width: 200px\" class=\"wp-caption aligncenter\"><a href=\"\/wp-content\/uploads\/sites\/31\/2014\/10\/Arjo-Suonper\u00e4-e1412762788675.jpg\"><img loading=\"lazy\" decoding=\"async\" aria-describedby=\"caption-attachment-2843\" src=\"\/wp-content\/uploads\/sites\/31\/2014\/10\/Arjo-Suonper\u00e4-e1412762788675.jpg\" alt=\"Arjo Suonper\u00e4\" width=\"190\" height=\"218\" class=\"size-full wp-image-2843\" \/><\/a><p id=\"caption-attachment-2843\" class=\"wp-caption-text\">Arjo Suonper\u00e4<\/p><\/div>\n","protected":false},"excerpt":{"rendered":"<p>Euroopan tilanteesta keskustellaan 16.10.klo 17.30 Kirnussa, Koivukyl\u00e4n kirjastossa Vantaalla. Keskustelun teemana on Ukraina. Keskustelun alustaa eversti, VTT Pekka Visuri. Paneelikeskusteluun ovat tulossa: Eero Lehti (kok), Antero Eerola (vas), Alexander Holthoer (ipu), ja Arjo Suonper\u00e4 (skp). Yleis\u00f6ll\u00e4 on mahdollisuus osallistua keskusteluun ja esitt\u00e4\u00e4 kysymyksi\u00e4.<\/p>\n<p class=\"more-link-p\"><a class=\"more-link\" href=\"https:\/\/www.asukkaidenvantaa.fi\/?p=2840\">Lue lis\u00e4\u00e4 \u2192<\/a><\/p>\n","protected":false},"author":5003,"featured_media":0,"comment_status":"open","ping_status":"open","sticky":false,"template":"","format":"standard","meta":{"footnotes":""},"categories":[35],"tags":[],"class_list":["post-2840","post","type-post","status-publish","format-standard","hentry","category-tapahtumat"],"_links":{"self":[{"href":"https:\/\/www.asukkaidenvantaa.fi\/index.php?rest_route=\/wp\/v2\/posts\/2840","targetHints":{"allow":["GET"]}}],"collection":[{"href":"https:\/\/www.asukkaidenvantaa.fi\/index.php?rest_route=\/wp\/v2\/posts"}],"about":[{"href":"https:\/\/www.asukkaidenvantaa.fi\/index.php?rest_route=\/wp\/v2\/types\/post"}],"author":[{"embeddable":true,"href":"https:\/\/www.asukkaidenvantaa.fi\/index.php?rest_route=\/wp\/v2\/users\/5003"}],"replies":[{"embeddable":true,"href":"https:\/\/www.asukkaidenvantaa.fi\/index.php?rest_route=%2Fwp%2Fv2%2Fcomments&post=2840"}],"version-history":[{"count":7,"href":"https:\/\/www.asukkaidenvantaa.fi\/index.php?rest_route=\/wp\/v2\/posts\/2840\/revisions"}],"predecessor-version":[{"id":2853,"href":"https:\/\/www.asukkaidenvantaa.fi\/index.php?rest_route=\/wp\/v2\/posts\/2840\/revisions\/2853"}],"wp:attachment":[{"href":"https:\/\/www.asukkaidenvantaa.fi\/index.php?rest_route=%2Fwp%2Fv2%2Fmedia&parent=2840"}],"wp:term":[{"taxonomy":"category","embeddable":true,"href":"https:\/\/www.asukkaidenvantaa.fi\/index.php?rest_route=%2Fwp%2Fv2%2Fcategories&post=2840"},{"taxonomy":"post_tag","embeddable":true,"href":"https:\/\/www.asukkaidenvantaa.fi\/index.php?rest_route=%2Fwp%2Fv2%2Ftags&post=2840"}],"curies":[{"name":"wp","href":"https:\/\/api.w.org\/{rel}","templated":true}]}}