{"id":2814,"date":"2014-09-30T11:50:40","date_gmt":"2014-09-30T11:50:40","guid":{"rendered":"http:\/\/www.asukkaidenvantaa.fi\/?p=2814"},"modified":"2014-10-01T09:33:33","modified_gmt":"2014-10-01T09:33:33","slug":"mustalaisten-holokausti","status":"publish","type":"post","link":"https:\/\/www.asukkaidenvantaa.fi\/?p=2814","title":{"rendered":"Mustalaisten holokausti"},"content":{"rendered":"<p>MIRANDA \u2013 mustalaisten holokausti. Kuka pelk\u00e4\u00e4 valkolaista?<\/p>\n<p>N\u00e4yttelyn avajaiset keskiviikkona 1.10. klo 17.00 Tikkurilan kirjastossa, Lummetie 4, Vantaa.<\/p>\n<p>&nbsp;<\/p>\n<p>N\u00e4yttelyn avaa Vantaan kaupungin valtuuston puheenjohtaja, kansanedustaja Antti Lindtman ja<\/p>\n<p>esittelypuheen pit\u00e4\u00e4 kulttuurineuvos Veijo Baltzar, Drom ry.<\/p>\n<p>Avajaisten livemusiikista vastaa uuden mustalaismusiikinyhtye &#8221;Drom&#8221;.<\/p>\n<p>&nbsp;<\/p>\n<p><a href=\"\/wp-content\/uploads\/sites\/31\/2014\/09\/Miranda-mustalaisten-holokausti-n\u00e4yttely-Tikkurilan-kirjastossa.jpg\"><img loading=\"lazy\" decoding=\"async\" class=\"aligncenter size-full wp-image-2817\" src=\"\/wp-content\/uploads\/sites\/31\/2014\/09\/Miranda-mustalaisten-holokausti-n\u00e4yttely-Tikkurilan-kirjastossa.jpg\" alt=\"Miranda - mustalaisten holokausti -n\u00e4yttely Tikkurilan kirjastossa\" width=\"960\" height=\"572\" \/><\/a>Miranda &#8211; mustalaisten holokausti -n\u00e4yttely Vantaan p\u00e4\u00e4kirjastossa Tikkurilassa.<\/p>\n<p>Luovan kulttuurin yhdistys Drom ry:n tuottama n\u00e4yttely Miranda \u2013 mustalaisten holokausti. Kuka pelk\u00e4\u00e4 valkolaista? esittelee niin eurooppalaista l\u00e4hihistoriaa romanien n\u00e4k\u00f6kulmasta kuin mustalaisten elinvoimaista kulttuuria ja nykyolosuhteita. N\u00e4yttelyn symbolina ja punaisena lankana toimii tositarina Mirandasta, slovakialaisen romaniperheen tytt\u00e4rest\u00e4, joka joutui perheineen keskitysleirille.<\/p>\n<p>&nbsp;<\/p>\n<p>N\u00e4yttely kertoo sivistyneest\u00e4 maailmasta, joka ei tiennyt, n\u00e4hnyt eik\u00e4 kuullut, mit\u00e4 tapahtui, mutta kuitenkin s\u00e4\u00e4ti lakeja ja loi s\u00e4\u00e4nt\u00f6j\u00e4, jotka johtivat mustalaiset toisessa maailmansodassa keskitysleireihin ja kaasukammioihin. N\u00e4yttely kiert\u00e4\u00e4 Suomea kolmatta vuotta ja oli viimeksi esill\u00e4 Suomen kansallismuseossa.<\/p>\n<p>Vantaan kulttuuripalvelut<\/p>\n","protected":false},"excerpt":{"rendered":"<p>MIRANDA \u2013 mustalaisten holokausti. Kuka pelk\u00e4\u00e4 valkolaista? N\u00e4yttelyn avajaiset keskiviikkona 1.10. klo 17.00 Tikkurilan kirjastossa, Lummetie 4, Vantaa. &nbsp; N\u00e4yttelyn avaa Vantaan kaupungin valtuuston puheenjohtaja, kansanedustaja Antti Lindtman ja esittelypuheen pit\u00e4\u00e4 kulttuurineuvos Veijo Baltzar, Drom ry. Avajaisten livemusiikista vastaa uuden mustalaismusiikinyhtye &#8221;Drom&#8221;. &nbsp; Miranda &#8211; mustalaisten holokausti -n\u00e4yttely Vantaan p\u00e4\u00e4kirjastossa Tikkurilassa. Luovan kulttuurin yhdistys Drom&hellip;<\/p>\n<p class=\"more-link-p\"><a class=\"more-link\" href=\"https:\/\/www.asukkaidenvantaa.fi\/?p=2814\">Lue lis\u00e4\u00e4 \u2192<\/a><\/p>\n","protected":false},"author":5006,"featured_media":0,"comment_status":"open","ping_status":"open","sticky":false,"template":"","format":"standard","meta":{"footnotes":""},"categories":[10],"tags":[],"class_list":["post-2814","post","type-post","status-publish","format-standard","hentry","category-kulttuuri"],"_links":{"self":[{"href":"https:\/\/www.asukkaidenvantaa.fi\/index.php?rest_route=\/wp\/v2\/posts\/2814","targetHints":{"allow":["GET"]}}],"collection":[{"href":"https:\/\/www.asukkaidenvantaa.fi\/index.php?rest_route=\/wp\/v2\/posts"}],"about":[{"href":"https:\/\/www.asukkaidenvantaa.fi\/index.php?rest_route=\/wp\/v2\/types\/post"}],"author":[{"embeddable":true,"href":"https:\/\/www.asukkaidenvantaa.fi\/index.php?rest_route=\/wp\/v2\/users\/5006"}],"replies":[{"embeddable":true,"href":"https:\/\/www.asukkaidenvantaa.fi\/index.php?rest_route=%2Fwp%2Fv2%2Fcomments&post=2814"}],"version-history":[{"count":4,"href":"https:\/\/www.asukkaidenvantaa.fi\/index.php?rest_route=\/wp\/v2\/posts\/2814\/revisions"}],"predecessor-version":[{"id":2826,"href":"https:\/\/www.asukkaidenvantaa.fi\/index.php?rest_route=\/wp\/v2\/posts\/2814\/revisions\/2826"}],"wp:attachment":[{"href":"https:\/\/www.asukkaidenvantaa.fi\/index.php?rest_route=%2Fwp%2Fv2%2Fmedia&parent=2814"}],"wp:term":[{"taxonomy":"category","embeddable":true,"href":"https:\/\/www.asukkaidenvantaa.fi\/index.php?rest_route=%2Fwp%2Fv2%2Fcategories&post=2814"},{"taxonomy":"post_tag","embeddable":true,"href":"https:\/\/www.asukkaidenvantaa.fi\/index.php?rest_route=%2Fwp%2Fv2%2Ftags&post=2814"}],"curies":[{"name":"wp","href":"https:\/\/api.w.org\/{rel}","templated":true}]}}