{"id":280,"date":"2012-05-15T15:23:43","date_gmt":"2012-05-15T15:23:43","guid":{"rendered":"http:\/\/www.asukkaidenvantaa.fi\/?p=280"},"modified":"2012-05-21T10:38:36","modified_gmt":"2012-05-21T10:38:36","slug":"tanssinopettajien-menestksellinen-tyotaistelu","status":"publish","type":"post","link":"https:\/\/www.asukkaidenvantaa.fi\/?p=280","title":{"rendered":"Tanssinopettajien menestyksellinen ty\u00f6taistelu"},"content":{"rendered":"<div id=\"attachment_281\" style=\"width: 235px\" class=\"wp-caption alignright\"><a href=\"\/wp-content\/uploads\/sites\/31\/2012\/05\/P10105131.jpg\"><img loading=\"lazy\" decoding=\"async\" aria-describedby=\"caption-attachment-281\" class=\"size-medium wp-image-281\" src=\"\/wp-content\/uploads\/sites\/31\/2012\/05\/P10105131-e1337095309587-225x300.jpg\" alt=\"\" width=\"225\" height=\"300\" srcset=\"https:\/\/www.asukkaidenvantaa.fi\/wp-content\/uploads\/sites\/31\/2012\/05\/P10105131-e1337095309587-225x300.jpg 225w, https:\/\/www.asukkaidenvantaa.fi\/wp-content\/uploads\/sites\/31\/2012\/05\/P10105131-e1337095309587-768x1024.jpg 768w, https:\/\/www.asukkaidenvantaa.fi\/wp-content\/uploads\/sites\/31\/2012\/05\/P10105131-e1337095309587.jpg 1536w\" sizes=\"auto, (max-width: 225px) 100vw, 225px\" \/><\/a><p id=\"caption-attachment-281\" class=\"wp-caption-text\">Luottamusmies Stina Bergholm lakkovahtina 2.5. Tikkurilassa.<\/p><\/div>\n<p>Asukkaidenvantaa.fi kysyi Vantaan Tanssiopettajien luottamusmiehelt\u00e4 Stina Bergholmilta sopimukseen johtaneesta ty\u00f6ehtokamppailusta.<\/p>\n<p>av.fi\u00a0 Mist\u00e4 syist\u00e4 jouduitte ty\u00f6taisteluun?<\/p>\n<p>S.B.\u00a0 Jouduimme ty\u00f6taisteluun, koska ty\u00f6nantajapuolen esitt\u00e4m\u00e4 ehdotus uudeksi ty\u00f6ehtosopimukseksi oli palkkamieless\u00e4 huonompi kuin raami-, ja sis\u00e4lsi lis\u00e4ksi heikennyksi\u00e4 ty\u00f6ehtoihin.<\/p>\n<p>av.fi\u00a0 Miten ty\u00f6taistelu sujui?<\/p>\n<p>S.B.\u00a0 Ty\u00f6taistelu sujui hyvin, tanssinopettajat tsemppasivat hienosti yhteishengess\u00e4. Lakkop\u00e4ivi\u00e4 tuli loppujen lopuksi vain yksi, koska sopimukseen p\u00e4\u00e4stiin.<\/p>\n<p>av.fi\u00a0 Mink\u00e4laisen sopimuksen saitte aikaan?<\/p>\n<div>\n<p>S.B.\u00a0 Uusi sopimus on hyv\u00e4 ja takaa ty\u00f6rauhan nelj\u00e4ksi vuodeksi. Iso uusi asia on, ett\u00e4 p\u00e4\u00e4toimisista opettajista tulee kuukausipalkkaisia. T\u00e4h\u00e4n saakka suurin osa tanssinopettajista on ollut m\u00e4\u00e4r\u00e4aikaisilla sopimuksilla.<\/p>\n<p>&#8212;&#8212;&#8212;&#8212;&#8212;&#8212;&#8212;-<\/p>\n<\/div>\n<p>Tanssioppilaitosten tanssinopettajat saivat 9.5. aikaiseksi ty\u00f6ehtosopimuksen valtakunnansovittelijan johdolla. Teatteri- ja Mediaty\u00f6ntekij\u00e4t TeMe ry uhkasi aiemmin jatkaa ty\u00f6taistelua 2.5. lakkop\u00e4iv\u00e4n lis\u00e4ksi alan tes-neuvottelujen vauhdittamiseksi.<\/p>\n<p>Yksityisiss\u00e4 taidetanssin opetusta antavissa tanssikouluissa sovelletaan Tanssinopettajien ty\u00f6ehtosopimusta. Palvelualojen ty\u00f6nantaja PALTA ty\u00f6nantajanpuoli esitti sopimusehdotuksessaan yht\u00e4\u00e4lt\u00e4 erityisesti taidetanssituntiopettajien ty\u00f6m\u00e4\u00e4r\u00e4n lis\u00e4\u00e4mist\u00e4 ja toisaalta ty\u00f6st\u00e4 maksettavien korvausten heikent\u00e4mist\u00e4.<\/p>\n<p>Nyt hyv\u00e4ksytyn sopimuksen kahden ensimm\u00e4isen vuoden aikana yleiskorotukset noudattelevat raamisopimuksen linjaa. T\u00e4m\u00e4n j\u00e4lkeen kahtena seuraavana vuonna korotukset ylitt\u00e4v\u00e4t valtakunnallisen yleisen linjan: 0,8 prosenttia vuonna 2014 ja 0,9 prosenttia vuonna 2015.<\/p>\n<p>Merkitt\u00e4v\u00e4\u00e4 sopimuksessa on, ett\u00e4 kaikki p\u00e4\u00e4toimiset tanssinopettajan teht\u00e4v\u00e4t muuttuvat kuukausipalkkaisiksi ty\u00f6suhteiksi. T\u00e4h\u00e4n asti valtaosa tanssinopettajista on ollut m\u00e4\u00e4r\u00e4aikaisissa, tuntipalkkaisissa ty\u00f6suhteissa.<\/p>\n<p>L\u00e4hes nelivuotinen sopimus koskee noin sataa tanssikoulua ja yli 500 tanssinopettajaa<\/p>\n","protected":false},"excerpt":{"rendered":"<p>Asukkaidenvantaa.fi kysyi Vantaan Tanssiopettajien luottamusmiehelt\u00e4 Stina Bergholmilta sopimukseen johtaneesta ty\u00f6ehtokamppailusta. av.fi\u00a0 Mist\u00e4 syist\u00e4 jouduitte ty\u00f6taisteluun? S.B.\u00a0 Jouduimme ty\u00f6taisteluun, koska ty\u00f6nantajapuolen esitt\u00e4m\u00e4 ehdotus uudeksi ty\u00f6ehtosopimukseksi oli palkkamieless\u00e4 huonompi kuin raami-, ja sis\u00e4lsi lis\u00e4ksi heikennyksi\u00e4 ty\u00f6ehtoihin. av.fi\u00a0 Miten ty\u00f6taistelu sujui? S.B.\u00a0 Ty\u00f6taistelu sujui hyvin, tanssinopettajat tsemppasivat hienosti yhteishengess\u00e4. Lakkop\u00e4ivi\u00e4 tuli loppujen lopuksi vain yksi, koska sopimukseen p\u00e4\u00e4stiin.&hellip;<\/p>\n<p class=\"more-link-p\"><a class=\"more-link\" href=\"https:\/\/www.asukkaidenvantaa.fi\/?p=280\">Lue lis\u00e4\u00e4 \u2192<\/a><\/p>\n","protected":false},"author":5005,"featured_media":281,"comment_status":"open","ping_status":"open","sticky":false,"template":"","format":"standard","meta":{"footnotes":""},"categories":[3],"tags":[15,26,27],"class_list":["post-280","post","type-post","status-publish","format-standard","has-post-thumbnail","hentry","category-tausta","tag-ay-liike","tag-haastattelut","tag-tyotaistelut"],"_links":{"self":[{"href":"https:\/\/www.asukkaidenvantaa.fi\/index.php?rest_route=\/wp\/v2\/posts\/280","targetHints":{"allow":["GET"]}}],"collection":[{"href":"https:\/\/www.asukkaidenvantaa.fi\/index.php?rest_route=\/wp\/v2\/posts"}],"about":[{"href":"https:\/\/www.asukkaidenvantaa.fi\/index.php?rest_route=\/wp\/v2\/types\/post"}],"author":[{"embeddable":true,"href":"https:\/\/www.asukkaidenvantaa.fi\/index.php?rest_route=\/wp\/v2\/users\/5005"}],"replies":[{"embeddable":true,"href":"https:\/\/www.asukkaidenvantaa.fi\/index.php?rest_route=%2Fwp%2Fv2%2Fcomments&post=280"}],"version-history":[{"count":3,"href":"https:\/\/www.asukkaidenvantaa.fi\/index.php?rest_route=\/wp\/v2\/posts\/280\/revisions"}],"predecessor-version":[{"id":301,"href":"https:\/\/www.asukkaidenvantaa.fi\/index.php?rest_route=\/wp\/v2\/posts\/280\/revisions\/301"}],"wp:featuredmedia":[{"embeddable":true,"href":"https:\/\/www.asukkaidenvantaa.fi\/index.php?rest_route=\/wp\/v2\/media\/281"}],"wp:attachment":[{"href":"https:\/\/www.asukkaidenvantaa.fi\/index.php?rest_route=%2Fwp%2Fv2%2Fmedia&parent=280"}],"wp:term":[{"taxonomy":"category","embeddable":true,"href":"https:\/\/www.asukkaidenvantaa.fi\/index.php?rest_route=%2Fwp%2Fv2%2Fcategories&post=280"},{"taxonomy":"post_tag","embeddable":true,"href":"https:\/\/www.asukkaidenvantaa.fi\/index.php?rest_route=%2Fwp%2Fv2%2Ftags&post=280"}],"curies":[{"name":"wp","href":"https:\/\/api.w.org\/{rel}","templated":true}]}}